{"id":4620,"date":"2017-06-01T15:24:51","date_gmt":"2017-06-01T18:24:51","guid":{"rendered":"http:\/\/www.proma.com.br\/blog\/?p=4620"},"modified":"2017-02-09T20:27:29","modified_gmt":"2017-02-09T23:27:29","slug":"seja-livre-para-decorar-a-sua-casa","status":"publish","type":"post","link":"https:\/\/www.proma.com.br\/blog\/seja-livre-para-decorar-a-sua-casa\/","title":{"rendered":"SEJA LIVRE PARA DECORAR A SUA CASA"},"content":{"rendered":"<p><a href=\"http:\/\/www.proma.com.br\/blog\/wp-content\/uploads\/2017\/02\/110.jpg\"><img loading=\"lazy\" class=\"alignnone size-full wp-image-4621\" src=\"http:\/\/www.proma.com.br\/blog\/wp-content\/uploads\/2017\/02\/110.jpg\" alt=\"Yuliya\" width=\"740\" height=\"584\" srcset=\"https:\/\/www.proma.com.br\/blog\/wp-content\/uploads\/2017\/02\/110.jpg 740w, https:\/\/www.proma.com.br\/blog\/wp-content\/uploads\/2017\/02\/110-380x300.jpg 380w\" sizes=\"(max-width: 740px) 100vw, 740px\" \/><\/a><\/p>\n<p>A verdade seja dita: a decora\u00e7\u00e3o de uma casa \u00e9 muito pessoal. Alguns truques ajudam a deixar os ambientes mais sofisticados; algumas atitudes deixam o lar mais organizado; algumas ideias colaboram para a harmonia dos espa\u00e7os.<\/p>\n<p>Mas, nada faz sentido se as coisas n\u00e3o tiverem o seu jeito, o seu gosto e a sua personalidade.<\/p>\n<p>Confira alguns conselhos e siga em frente!<\/p>\n<p><strong>1. Pressa na hora de decorar<\/strong><\/p>\n<p>Decorar a casa exige cuidado para que o resultado final seja um reflexo de quem voc\u00ea \u00e9 e do que voc\u00ea gosta. Por isso, lembre-se de que decora\u00e7\u00e3o \u00e9 um processo cont\u00ednuo onde a pressa n\u00e3o tem lugar.<\/p>\n<p><strong>2. Levar tudo muito a s\u00e9rio<\/strong><\/p>\n<p>N\u00e3o abra m\u00e3o do que voc\u00ea realmente gosta porque voc\u00ea acredita que o d\u00e9cor tem que ser de um jeito espec\u00edfico. \u00c9 poss\u00edvel, sim, combinar um tapete com estampa vibrante com aquela lumin\u00e1ria moderninha que voc\u00ea adorou. Aqui, o segredo \u00e9 o equil\u00edbrio entre as pe\u00e7as tradicionais e contempor\u00e2neas.<\/p>\n<p><a href=\"http:\/\/www.proma.com.br\/blog\/wp-content\/uploads\/2017\/02\/111.jpg\"><img loading=\"lazy\" class=\"alignnone size-full wp-image-4622\" src=\"http:\/\/www.proma.com.br\/blog\/wp-content\/uploads\/2017\/02\/111.jpg\" alt=\"111\" width=\"740\" height=\"520\" srcset=\"https:\/\/www.proma.com.br\/blog\/wp-content\/uploads\/2017\/02\/111.jpg 740w, https:\/\/www.proma.com.br\/blog\/wp-content\/uploads\/2017\/02\/111-426x300.jpg 426w\" sizes=\"(max-width: 740px) 100vw, 740px\" \/><\/a><\/p>\n<p><strong>3. Comprar tudo em conjunto<\/strong><\/p>\n<p>\u00c9 claro que voc\u00ea quer que o mobili\u00e1rio e as pe\u00e7as harmonizem, mas elas n\u00e3o precisam combinar a ponto de voc\u00ea sair por a\u00ed comprando tudo em conjunto. Essa simetria exagerada pode chegar a parecer for\u00e7ada e pouco espont\u00e2nea \u2013 j\u00e1 pensou se as visitas ficam com medo de sentar no sof\u00e1 ou de colocar a bolsa na mesa lateral? Use a dica anterior e procure o equil\u00edbrio em tudo. Na hora de combinar cores, repita um tom em detalhes diferentes para criar unidade.<\/p>\n<p><strong>4. Presumir que arte original n\u00e3o \u00e9 para voc\u00ea<\/strong><\/p>\n<p>Hoje em dia \u00e9 muito mais f\u00e1cil procurar por produtos autorais \u2013 arte tamb\u00e9m. Pesquise bem e encontre algo que voc\u00ea realmente goste. O pre\u00e7o n\u00e3o precisa ser exorbitante, e voc\u00ea pode, por exemplo, escolher uma fotografia original que valorize o hall.<\/p>\n<p><strong>5. Achar que ter cole\u00e7\u00e3o \u00e9 coisa de av\u00f3<\/strong><\/p>\n<p>Pode ter cole\u00e7\u00e3o sim: desde livros a canecas, bonecos, prataria, enfim. Tudo depende da forma como voc\u00ea exibe essas pe\u00e7as e faz com que elas se integrem no d\u00e9cor!<\/p>\n<p><strong>6. N\u00e3o criar ambientes para pessoas<\/strong><\/p>\n<p>A casa tem que ser feita para ser usada. E isso vale principalmente para o mobili\u00e1rio, mas tamb\u00e9m para os enfeites e objetos. Como dissemos no item 3, voc\u00ea n\u00e3o quer as visitas hesitantes em se sentir \u00e0 vontade na sua casa. Se tem crian\u00e7as em casa, n\u00e3o adianta colocar aquele vaso caro na mesa de centro. Se vai receber muitas pessoas, n\u00e3o coloque o tapete caro na sala se voc\u00ea vai passar a noite preocupada com ele. A praticidade \u00e9 uma \u00f3tima aliada. Por que n\u00e3o ter um ambiente em casa com os itens mais caros onde apenas algumas pessoas podem entrar?<\/p>\n<p><a href=\"http:\/\/www.proma.com.br\/blog\/wp-content\/uploads\/2017\/02\/112.jpg\"><img loading=\"lazy\" class=\"alignnone size-full wp-image-4623\" src=\"http:\/\/www.proma.com.br\/blog\/wp-content\/uploads\/2017\/02\/112.jpg\" alt=\"112\" width=\"740\" height=\"499\" srcset=\"https:\/\/www.proma.com.br\/blog\/wp-content\/uploads\/2017\/02\/112.jpg 740w, https:\/\/www.proma.com.br\/blog\/wp-content\/uploads\/2017\/02\/112-444x300.jpg 444w\" sizes=\"(max-width: 740px) 100vw, 740px\" \/><\/a><\/p>\n<p><strong>7. Esquecer de editar<\/strong><\/p>\n<p>A edi\u00e7\u00e3o tem tudo a ver com o equil\u00edbrio: na hora de montar um ambiente, n\u00e3o deixe que a sua anima\u00e7\u00e3o tire o foco do look balanceado que todo ambiente deve ter. Se precisar, mude alguns itens de lugar ou at\u00e9 mesmo de ambiente.<\/p>\n<p>Resumindo todas essas dicas: o importante \u00e9 ser feliz e fazer aquilo que te faz feliz!<\/p>\n<p><strong>Fonte:<\/strong> <a href=\"http:\/\/casa.abril.com.br\/ambientes\/7-atitudes-que-tiram-a-sofisticacao-de-uma-casa\/\" target=\"_blank\">Casa Claudia<\/a><\/p>\n","protected":false},"excerpt":{"rendered":"<p>A verdade seja dita: a decora\u00e7\u00e3o de uma casa \u00e9 muito pessoal. Alguns truques ajudam a deixar os ambientes mais sofisticados; algumas atitudes deixam o lar mais organizado; algumas ideias colaboram para a harmonia dos espa\u00e7os. Mas, nada faz sentido&hellip;<\/p>\n","protected":false},"author":2,"featured_media":4622,"comment_status":"open","ping_status":"closed","sticky":false,"template":"","format":"standard","meta":[],"categories":[2],"tags":[2693,2694,2695],"_links":{"self":[{"href":"https:\/\/www.proma.com.br\/blog\/wp-json\/wp\/v2\/posts\/4620"}],"collection":[{"href":"https:\/\/www.proma.com.br\/blog\/wp-json\/wp\/v2\/posts"}],"about":[{"href":"https:\/\/www.proma.com.br\/blog\/wp-json\/wp\/v2\/types\/post"}],"author":[{"embeddable":true,"href":"https:\/\/www.proma.com.br\/blog\/wp-json\/wp\/v2\/users\/2"}],"replies":[{"embeddable":true,"href":"https:\/\/www.proma.com.br\/blog\/wp-json\/wp\/v2\/comments?post=4620"}],"version-history":[{"count":1,"href":"https:\/\/www.proma.com.br\/blog\/wp-json\/wp\/v2\/posts\/4620\/revisions"}],"predecessor-version":[{"id":4624,"href":"https:\/\/www.proma.com.br\/blog\/wp-json\/wp\/v2\/posts\/4620\/revisions\/4624"}],"wp:featuredmedia":[{"embeddable":true,"href":"https:\/\/www.proma.com.br\/blog\/wp-json\/wp\/v2\/media\/4622"}],"wp:attachment":[{"href":"https:\/\/www.proma.com.br\/blog\/wp-json\/wp\/v2\/media?parent=4620"}],"wp:term":[{"taxonomy":"category","embeddable":true,"href":"https:\/\/www.proma.com.br\/blog\/wp-json\/wp\/v2\/categories?post=4620"},{"taxonomy":"post_tag","embeddable":true,"href":"https:\/\/www.proma.com.br\/blog\/wp-json\/wp\/v2\/tags?post=4620"}],"curies":[{"name":"wp","href":"https:\/\/api.w.org\/{rel}","templated":true}]}}