{"id":4631,"date":"2017-06-08T14:57:59","date_gmt":"2017-06-08T17:57:59","guid":{"rendered":"http:\/\/www.proma.com.br\/blog\/?p=4631"},"modified":"2017-03-14T00:02:41","modified_gmt":"2017-03-14T03:02:41","slug":"5-erros-comuns-de-quem-mora-em-apartamentos-pequenos","status":"publish","type":"post","link":"https:\/\/www.proma.com.br\/blog\/5-erros-comuns-de-quem-mora-em-apartamentos-pequenos\/","title":{"rendered":"5 ERROS COMUNS DE QUEM MORA EM APARTAMENTOS PEQUENOS"},"content":{"rendered":"<p>Muitas vezes, antes de construirmos uma casa ou comprarmos o nosso apartamento, nosso pensamento \u00e9: preciso de espa\u00e7o. Muito espa\u00e7o! Mas, a verdade \u00e9 que, quanto mais espa\u00e7o, mais coisas compramos e mais coisas acumulamos.<\/p>\n<p>Voc\u00ea j\u00e1 tentou perceber se voc\u00ea usa tudo o que tem?<\/p>\n<p>Tente. Se voc\u00ea concluir que \u201cn\u00e3o\u201d, voc\u00ea tamb\u00e9m concordar\u00e1 que para se ter uma vida boa n\u00e3o \u00e9 necess\u00e1rio ter uma casa grande, nem muitos m\u00f3veis, nem muitas coisas.<\/p>\n<p>\u00c9 isso que defende o arquiteto Graham Hill, fundador da Life Edited, uma empresa de design para quem mora em espa\u00e7os pequenos. \u201cEstamos confundindo espa\u00e7os grandes com qualidade de vida\u201d, resume o profissional, que ajudou a projetar apartamentos de 19 m\u00b2 em S\u00e3o Paulo e vive em um de 38 m\u00b2, em Nova York.<\/p>\n<p>Confira as dicas de Hill.<\/p>\n<p><strong>01.<\/strong><\/p>\n<p>ERRO: N\u00e3o planejar a casa de acordo com suas necessidades. Se voc\u00ea recebe visitas raramente, as cadeiras a mais na sala apenas desperdi\u00e7am espa\u00e7o. Vale \u00e0 pena encontrar-se com os amigos e parentes em um parque ou restaurante. Caso nunca leia os livros que guarda, vale \u00e0 pena do\u00e1-los e liberar espa\u00e7o nas prateleiras.<\/p>\n<p>COMO EVITAR: Fa\u00e7a escolhas. \u201cVoc\u00ea precisa decidir o que \u00e9 mais importante para voc\u00ea\u201d, diz Hill. Reflita sobre seu estilo de vida e escolha quais objetos vale \u00e0 pena manter e quais fun\u00e7\u00f5es a casa deve comportar. Se voc\u00ea n\u00e3o souber suas reais necessidades, perder\u00e1 espa\u00e7o e qualidade de vida.<\/p>\n<p>UM BOM EXEMPLO: Sala integrada \u00e0 cozinha. Para aumentar o espa\u00e7o, a arquiteta Maristela Bernal abriu m\u00e3o das divis\u00f3rias entre sala e cozinha. Integrar sala de estar, cozinha e home-office significou, \u00e9 claro, abrir m\u00e3o das fronteiras entre esses c\u00f4modos.\u00a0 O espa\u00e7o de 14,5 m\u00b2 fica em um apartamento de Salvador.<\/p>\n<p><a href=\"http:\/\/www.proma.com.br\/blog\/wp-content\/uploads\/2017\/03\/05.jpg\"><img loading=\"lazy\" class=\"alignnone size-full wp-image-4632\" src=\"http:\/\/www.proma.com.br\/blog\/wp-content\/uploads\/2017\/03\/05.jpg\" alt=\"05\" width=\"800\" height=\"531\" srcset=\"https:\/\/www.proma.com.br\/blog\/wp-content\/uploads\/2017\/03\/05.jpg 800w, https:\/\/www.proma.com.br\/blog\/wp-content\/uploads\/2017\/03\/05-451x300.jpg 451w\" sizes=\"(max-width: 800px) 100vw, 800px\" \/><\/a><\/p>\n<p><strong>02.<\/strong><\/p>\n<p>ERRO: Comprar por impulso. Quem compra em excesso acaba tendo que disputar enfeites e m\u00f3veis que n\u00e3o usa nunca.<\/p>\n<p>COMO EVITAR: Antes de comprar, pergunte-se se realmente precisa do objeto.\u00a0 E se a necessidade for emocional? \u201cVoc\u00ea precisa mudar essa necessidade, caso v\u00e1 viver em um espa\u00e7o pequeno\u201d, afirma o arquiteto Graham Hill, especializado em espa\u00e7os pequenos.<\/p>\n<p>UM BOM EXEMPLO: Quarto de duas irm\u00e3s. Poucos m\u00f3veis deixam bastante espa\u00e7o para duas meninas de 8 e 11 anos brincarem nesse quarto pequeno de Curitiba. As arquitetas Helaine Pinterich e Ester Kloss projetaram o ambiente.<\/p>\n<p><a href=\"http:\/\/www.proma.com.br\/blog\/wp-content\/uploads\/2017\/03\/06.jpg\"><img loading=\"lazy\" class=\"alignnone size-full wp-image-4633\" src=\"http:\/\/www.proma.com.br\/blog\/wp-content\/uploads\/2017\/03\/06.jpg\" alt=\"06\" width=\"800\" height=\"533\" srcset=\"https:\/\/www.proma.com.br\/blog\/wp-content\/uploads\/2017\/03\/06.jpg 800w, https:\/\/www.proma.com.br\/blog\/wp-content\/uploads\/2017\/03\/06-450x300.jpg 450w\" sizes=\"(max-width: 800px) 100vw, 800px\" \/><\/a><\/p>\n<p><strong>03.<\/strong><\/p>\n<p>ERRO: Manter eletrodom\u00e9sticos pouco usados. A n\u00e3o ser que voc\u00ea seja aficionado por massas resista \u00e0 tenta\u00e7\u00e3o de ter um fazedor de p\u00e3es, por exemplo. A mesma regra vale para a m\u00e1quina de fazer pipoca, sorvete ou crepes. Dependendo do seu estilo de vida, vale \u00e0 pena abrir m\u00e3o at\u00e9 do forno!<\/p>\n<p>COMO EVITAR: Use os servi\u00e7os da cidade. Apartamentos no centro da cidade costumam ser pequenos por causa do alto pre\u00e7o dos terrenos, valorizados por com\u00e9rcio e infraestrutura nas proximidades. Em vez de gastar espa\u00e7o, use servi\u00e7os como rotisserias, padarias e o pipoqueiro.<\/p>\n<p>UM BOM EXEMPLO: Cozinha em apartamento de 49 m\u00b2. Feita para um casal sem filhos, esse apartamento trocou o excesso de eletrodom\u00e9sticos por espa\u00e7o. As cores claras ampliam o ambiente. A arquiteta Karla Madrilis projetou o espa\u00e7o em Bras\u00edlia.<\/p>\n<p><a href=\"http:\/\/www.proma.com.br\/blog\/wp-content\/uploads\/2017\/03\/07.jpg\"><img loading=\"lazy\" class=\"alignnone size-full wp-image-4634\" src=\"http:\/\/www.proma.com.br\/blog\/wp-content\/uploads\/2017\/03\/07.jpg\" alt=\"07\" width=\"960\" height=\"640\" srcset=\"https:\/\/www.proma.com.br\/blog\/wp-content\/uploads\/2017\/03\/07.jpg 960w, https:\/\/www.proma.com.br\/blog\/wp-content\/uploads\/2017\/03\/07-450x300.jpg 450w\" sizes=\"(max-width: 960px) 100vw, 960px\" \/><\/a><\/p>\n<p><strong>04.<\/strong><\/p>\n<p>ERRO: Exagerar no n\u00famero de estantes abertas. Prateleiras abertas e preenchidas com objetos coloridos tornam o ambiente visualmente pesado. Elas diminuem a sensa\u00e7\u00e3o de amplitude \u2013 por isso, dose-as bem.<\/p>\n<p>COMO EVITAR: Cubra as prateleiras. Instale arm\u00e1rios com portas de cores claras e sem estampas. Se a marcenaria n\u00e3o couber no or\u00e7amento, cubra-as com cortinas. \u201cSuperf\u00edcies lisas tornam o ambiente menos claustrof\u00f3bico\u201d, diz Hill.<\/p>\n<p>UM BOM EXEMPLO: Home-office em apartamento. A arquiteta Paula Fiegenbaum combinou prateleiras com enfeites e arm\u00e1rios protegidos por portas brancas nesse espa\u00e7o. Assim, o canto de trabalho tem um visual leve e parece maior. O espa\u00e7o faz parte de um apartamento de 92 m\u00b2 projetado para um jovem casal em Lajeado (RS).<\/p>\n<p><a href=\"http:\/\/www.proma.com.br\/blog\/wp-content\/uploads\/2017\/03\/08.jpg\"><img loading=\"lazy\" class=\"alignnone size-full wp-image-4635\" src=\"http:\/\/www.proma.com.br\/blog\/wp-content\/uploads\/2017\/03\/08.jpg\" alt=\"08\" width=\"620\" height=\"770\" srcset=\"https:\/\/www.proma.com.br\/blog\/wp-content\/uploads\/2017\/03\/08.jpg 620w, https:\/\/www.proma.com.br\/blog\/wp-content\/uploads\/2017\/03\/08-241x300.jpg 241w\" sizes=\"(max-width: 620px) 100vw, 620px\" \/><\/a><\/p>\n<p><strong>05.<\/strong><\/p>\n<p>ERRO: Abusar das lumin\u00e1rias de ch\u00e3o. Essas pe\u00e7as costumam roubar preciosos cent\u00edmetros quadrados e, com frequ\u00eancia, precisam de mais espa\u00e7o para ser admiradas.<\/p>\n<p>COMO EVITAR: Adote l\u00e2mpadas no forro. Assim como as lumin\u00e1rias de ch\u00e3o, as l\u00e2mpadas embutidas e spots (pequenos canh\u00f5es de luz) permitem criar ambientes de ilumina\u00e7\u00e3o variados.<\/p>\n<p>UM BOM EXEMPLO: Sala de estar. Esse apartamento de Belo Horizonte consegue diferentes efeitos de ilumina\u00e7\u00e3o gra\u00e7as a uma sanca iluminada e fileiras de lumin\u00e1rias embutidas no forro. Interiores criados por Clarice Andrade, da Projettar Design de Ambientes.<\/p>\n<p><a href=\"http:\/\/www.proma.com.br\/blog\/wp-content\/uploads\/2017\/03\/09.jpg\"><img loading=\"lazy\" class=\"alignnone size-full wp-image-4636\" src=\"http:\/\/www.proma.com.br\/blog\/wp-content\/uploads\/2017\/03\/09.jpg\" alt=\"09\" width=\"600\" height=\"800\" srcset=\"https:\/\/www.proma.com.br\/blog\/wp-content\/uploads\/2017\/03\/09.jpg 600w, https:\/\/www.proma.com.br\/blog\/wp-content\/uploads\/2017\/03\/09-225x300.jpg 225w\" sizes=\"(max-width: 600px) 100vw, 600px\" \/><\/a><\/p>\n<p><strong>Por que viver com menos?<\/strong><\/p>\n<p>O canadense aprendeu a viver com pouco depois de, quem diria, lidar com o excesso. Hill ficou milion\u00e1rio antes dos 30 ao vender a empresa que fundou, uma consultoria de internet. Comprou um casar\u00e3o na cidade de Seattle, Estados Unidos. Preencheu com m\u00f3veis e eletrodom\u00e9sticos. Comprou dois carros e uma infinidade de aparelhinhos eletr\u00f4nicos. Mudou-se para Nova York, onde alugou um loft descolado. At\u00e9 contratou um personal shopper.<\/p>\n<p>Nesse per\u00edodo, o empres\u00e1rio descobriu que novidades perdiam rapidamente a gra\u00e7a r\u00e1pido, mas exigiam constante energia para manter, transportar e gerenciar. A li\u00e7\u00e3o ficou clara depois que resolveu viajar pelo mundo com Olga, uma bela andorrana. Ele se descobriu feliz da vida longe de seus bens \u2013 morando em diferentes cidades do mundo e carregando apenas roupas, laptops e produtos de higiene nas viagens.<\/p>\n<p>Quando o namoro acabou, o arquiteto resolveu simplificar a vida. Vendeu a casa (n\u00e3o sem muita burocracia) e se mudou para outro apartamento em Nova York, dessa vez com 39 m\u00b2. No espa\u00e7o, trabalha e recebe at\u00e9 doze amigos \u2013 dois podem passar a noite por l\u00e1.\u00a0 O apartamento teve tanta aten\u00e7\u00e3o da imprensa que Hill abriu a Life Edited.<\/p>\n<p>Que hist\u00f3ria interessante, n\u00e3o?<\/p>\n<p>\u00c0s vezes, precisamos de apenas um empurr\u00e3ozinho para mudarmos nossos h\u00e1bitos.<\/p>\n<p><strong>Fonte:<\/strong> <a href=\"\u00a0http:\/\/casa.abril.com.br\/casas-apartamentos\/os-5-erros-de-quem-mora-em-apartamentos-pequenos-e-como-evita-los\/\" target=\"_blank\">Casa Claudia<\/a><\/p>\n","protected":false},"excerpt":{"rendered":"<p>Muitas vezes, antes de construirmos uma casa ou comprarmos o nosso apartamento, nosso pensamento \u00e9: preciso de espa\u00e7o. Muito espa\u00e7o! Mas, a verdade \u00e9 que, quanto mais espa\u00e7o, mais coisas compramos e mais coisas acumulamos. Voc\u00ea j\u00e1 tentou perceber se&hellip;<\/p>\n","protected":false},"author":2,"featured_media":4635,"comment_status":"open","ping_status":"closed","sticky":false,"template":"","format":"standard","meta":[],"categories":[1142,1144],"tags":[73,426,2701,2702,2700,876,2699],"_links":{"self":[{"href":"https:\/\/www.proma.com.br\/blog\/wp-json\/wp\/v2\/posts\/4631"}],"collection":[{"href":"https:\/\/www.proma.com.br\/blog\/wp-json\/wp\/v2\/posts"}],"about":[{"href":"https:\/\/www.proma.com.br\/blog\/wp-json\/wp\/v2\/types\/post"}],"author":[{"embeddable":true,"href":"https:\/\/www.proma.com.br\/blog\/wp-json\/wp\/v2\/users\/2"}],"replies":[{"embeddable":true,"href":"https:\/\/www.proma.com.br\/blog\/wp-json\/wp\/v2\/comments?post=4631"}],"version-history":[{"count":1,"href":"https:\/\/www.proma.com.br\/blog\/wp-json\/wp\/v2\/posts\/4631\/revisions"}],"predecessor-version":[{"id":4637,"href":"https:\/\/www.proma.com.br\/blog\/wp-json\/wp\/v2\/posts\/4631\/revisions\/4637"}],"wp:featuredmedia":[{"embeddable":true,"href":"https:\/\/www.proma.com.br\/blog\/wp-json\/wp\/v2\/media\/4635"}],"wp:attachment":[{"href":"https:\/\/www.proma.com.br\/blog\/wp-json\/wp\/v2\/media?parent=4631"}],"wp:term":[{"taxonomy":"category","embeddable":true,"href":"https:\/\/www.proma.com.br\/blog\/wp-json\/wp\/v2\/categories?post=4631"},{"taxonomy":"post_tag","embeddable":true,"href":"https:\/\/www.proma.com.br\/blog\/wp-json\/wp\/v2\/tags?post=4631"}],"curies":[{"name":"wp","href":"https:\/\/api.w.org\/{rel}","templated":true}]}}