{"id":4659,"date":"2017-06-22T15:19:48","date_gmt":"2017-06-22T18:19:48","guid":{"rendered":"http:\/\/www.proma.com.br\/blog\/?p=4659"},"modified":"2017-03-14T00:22:59","modified_gmt":"2017-03-14T03:22:59","slug":"quartos-sem-cabeceira-5-composicoes-para-servir-de-inspiracao","status":"publish","type":"post","link":"https:\/\/www.proma.com.br\/blog\/quartos-sem-cabeceira-5-composicoes-para-servir-de-inspiracao\/","title":{"rendered":"QUARTOS SEM CABECEIRA: 5 COMPOSI\u00c7\u00d5ES PARA SERVIR DE INSPIRA\u00c7\u00c3O"},"content":{"rendered":"<p>Nem sempre as camas precisam de uma cabeceira \u2013 seja porque extrapola o or\u00e7amento ou porque o dono do quarto quer dar asas \u00e0 imagina\u00e7\u00e3o e aproveitar o espa\u00e7o para decorar com quadros, tintas, papeis de parede e por a\u00ed vai.<\/p>\n<p>Se voc\u00ea quer uma cama sem cabeceira, inspire-se com cinco ideias e deixe o seu quarto incr\u00edvel!<\/p>\n<p>1. Um papel de parede pode cumprir a fun\u00e7\u00e3o de cabeceira de diversas maneiras. Aqui, ele emoldura a parede da janela e cobre o espa\u00e7o atr\u00e1s da cama, tornando a cabeceira totalmente dispens\u00e1vel.<\/p>\n<p><a href=\"http:\/\/www.proma.com.br\/blog\/wp-content\/uploads\/2017\/03\/23.jpg\"><img loading=\"lazy\" class=\"alignnone size-full wp-image-4660\" src=\"http:\/\/www.proma.com.br\/blog\/wp-content\/uploads\/2017\/03\/23.jpg\" alt=\"23\" width=\"620\" height=\"774\" srcset=\"https:\/\/www.proma.com.br\/blog\/wp-content\/uploads\/2017\/03\/23.jpg 620w, https:\/\/www.proma.com.br\/blog\/wp-content\/uploads\/2017\/03\/23-240x300.jpg 240w\" sizes=\"(max-width: 620px) 100vw, 620px\" \/><\/a><\/p>\n<p>2. Para cobrir esta parede t\u00e3o importante do quarto, escolha imagens que representem algo bom para voc\u00ea ou que tragam conforto. Aos que adoram viajar, um grande mapa-m\u00fandi pode ser uma boa pedida.<\/p>\n<p><a href=\"http:\/\/www.proma.com.br\/blog\/wp-content\/uploads\/2017\/03\/24.jpg\"><img loading=\"lazy\" class=\"alignnone size-full wp-image-4661\" src=\"http:\/\/www.proma.com.br\/blog\/wp-content\/uploads\/2017\/03\/24.jpg\" alt=\"24\" width=\"620\" height=\"684\" srcset=\"https:\/\/www.proma.com.br\/blog\/wp-content\/uploads\/2017\/03\/24.jpg 620w, https:\/\/www.proma.com.br\/blog\/wp-content\/uploads\/2017\/03\/24-271x300.jpg 271w\" sizes=\"(max-width: 620px) 100vw, 620px\" \/><\/a><\/p>\n<p>3. Com quadros e outras pe\u00e7as decorativas na parede, o efeito acima da cama \u00e9 muito interessante. Aqui, as escolhas foram feitas todas em preto e branco. Destaque para a cadeira usada como criado-mudo!<\/p>\n<p><a href=\"http:\/\/www.proma.com.br\/blog\/wp-content\/uploads\/2017\/03\/25.jpg\"><img loading=\"lazy\" class=\"alignnone size-full wp-image-4662\" src=\"http:\/\/www.proma.com.br\/blog\/wp-content\/uploads\/2017\/03\/25.jpg\" alt=\"25\" width=\"620\" height=\"863\" srcset=\"https:\/\/www.proma.com.br\/blog\/wp-content\/uploads\/2017\/03\/25.jpg 620w, https:\/\/www.proma.com.br\/blog\/wp-content\/uploads\/2017\/03\/25-215x300.jpg 215w\" sizes=\"(max-width: 620px) 100vw, 620px\" \/><\/a><\/p>\n<p>4. Uma composi\u00e7\u00e3o de quadros grandes e pe\u00e7as de decora\u00e7\u00e3o diferentes deixam o espa\u00e7o muito moderno.<\/p>\n<p><a href=\"http:\/\/www.proma.com.br\/blog\/wp-content\/uploads\/2017\/03\/26.jpg\"><img loading=\"lazy\" class=\"alignnone size-full wp-image-4663\" src=\"http:\/\/www.proma.com.br\/blog\/wp-content\/uploads\/2017\/03\/26.jpg\" alt=\"26\" width=\"620\" height=\"623\" srcset=\"https:\/\/www.proma.com.br\/blog\/wp-content\/uploads\/2017\/03\/26.jpg 620w, https:\/\/www.proma.com.br\/blog\/wp-content\/uploads\/2017\/03\/26-298x300.jpg 298w\" sizes=\"(max-width: 620px) 100vw, 620px\" \/><\/a><\/p>\n<p>5. Para economizar, voc\u00ea pode usar uma cor de impacto na parede, como o cinza, que, inclusive, est\u00e1 muito em alta!<\/p>\n<p><a href=\"http:\/\/www.proma.com.br\/blog\/wp-content\/uploads\/2017\/03\/27.jpg\"><img loading=\"lazy\" class=\"alignnone size-full wp-image-4664\" src=\"http:\/\/www.proma.com.br\/blog\/wp-content\/uploads\/2017\/03\/27.jpg\" alt=\"27\" width=\"620\" height=\"730\" srcset=\"https:\/\/www.proma.com.br\/blog\/wp-content\/uploads\/2017\/03\/27.jpg 620w, https:\/\/www.proma.com.br\/blog\/wp-content\/uploads\/2017\/03\/27-254x300.jpg 254w\" sizes=\"(max-width: 620px) 100vw, 620px\" \/><\/a><\/p>\n<p>Qual dessas op\u00e7\u00f5es mais agrada voc\u00ea?<\/p>\n<p><strong>Fonte:<\/strong> <a href=\"http:\/\/revistacasaejardim.globo.com\/Casa-e-Jardim\/Decoracao\/noticia\/2016\/06\/12-inspiracoes-de-quartos-sem-cabeceira.html\" target=\"_blank\">Casa e Jardim<\/a><\/p>\n","protected":false},"excerpt":{"rendered":"<p>Nem sempre as camas precisam de uma cabeceira \u2013 seja porque extrapola o or\u00e7amento ou porque o dono do quarto quer dar asas \u00e0 imagina\u00e7\u00e3o e aproveitar o espa\u00e7o para decorar com quadros, tintas, papeis de parede e por a\u00ed&hellip;<\/p>\n","protected":false},"author":2,"featured_media":4664,"comment_status":"open","ping_status":"closed","sticky":false,"template":"","format":"standard","meta":[],"categories":[2,5],"tags":[2722,2720,2721,2723],"_links":{"self":[{"href":"https:\/\/www.proma.com.br\/blog\/wp-json\/wp\/v2\/posts\/4659"}],"collection":[{"href":"https:\/\/www.proma.com.br\/blog\/wp-json\/wp\/v2\/posts"}],"about":[{"href":"https:\/\/www.proma.com.br\/blog\/wp-json\/wp\/v2\/types\/post"}],"author":[{"embeddable":true,"href":"https:\/\/www.proma.com.br\/blog\/wp-json\/wp\/v2\/users\/2"}],"replies":[{"embeddable":true,"href":"https:\/\/www.proma.com.br\/blog\/wp-json\/wp\/v2\/comments?post=4659"}],"version-history":[{"count":1,"href":"https:\/\/www.proma.com.br\/blog\/wp-json\/wp\/v2\/posts\/4659\/revisions"}],"predecessor-version":[{"id":4665,"href":"https:\/\/www.proma.com.br\/blog\/wp-json\/wp\/v2\/posts\/4659\/revisions\/4665"}],"wp:featuredmedia":[{"embeddable":true,"href":"https:\/\/www.proma.com.br\/blog\/wp-json\/wp\/v2\/media\/4664"}],"wp:attachment":[{"href":"https:\/\/www.proma.com.br\/blog\/wp-json\/wp\/v2\/media?parent=4659"}],"wp:term":[{"taxonomy":"category","embeddable":true,"href":"https:\/\/www.proma.com.br\/blog\/wp-json\/wp\/v2\/categories?post=4659"},{"taxonomy":"post_tag","embeddable":true,"href":"https:\/\/www.proma.com.br\/blog\/wp-json\/wp\/v2\/tags?post=4659"}],"curies":[{"name":"wp","href":"https:\/\/api.w.org\/{rel}","templated":true}]}}