{"id":4670,"date":"2017-06-29T15:27:18","date_gmt":"2017-06-29T18:27:18","guid":{"rendered":"http:\/\/www.proma.com.br\/blog\/?p=4670"},"modified":"2017-03-14T00:32:32","modified_gmt":"2017-03-14T03:32:32","slug":"a-bloqueira-jessica-van-den-berg-e-o-estilo-escandinavo","status":"publish","type":"post","link":"https:\/\/www.proma.com.br\/blog\/a-bloqueira-jessica-van-den-berg-e-o-estilo-escandinavo\/","title":{"rendered":"A BLOQUEIRA JESSICA VAN DEN BERG E O ESTILO ESCANDINAVO"},"content":{"rendered":"<p>Jessica van den Berg descobriu seu amor por decora\u00e7\u00e3o ainda crian\u00e7a, quando resolveu redecorar seu quarto. Apesar da surpresa, a m\u00e3e da holandesa deu passe livre \u00e0 imagina\u00e7\u00e3o da menina.<\/p>\n<p>O que tinha tudo para ser apenas uma aventura infantil, se tornou a profiss\u00e3o de Jess, que hoje coleciona mais de 36 mil seguidores em seu perfil sobre o assunto no Instagram. Al\u00e9m da paix\u00e3o por d\u00e9cor, a holandesa tamb\u00e9m adora fotografar. E foi assim que nasceu sua p\u00e1gina na rede social.<\/p>\n<p><a href=\"http:\/\/www.proma.com.br\/blog\/wp-content\/uploads\/2017\/03\/34.jpg\"><img loading=\"lazy\" class=\"alignnone size-full wp-image-4675\" src=\"http:\/\/www.proma.com.br\/blog\/wp-content\/uploads\/2017\/03\/34.jpg\" alt=\"34\" width=\"620\" height=\"620\" srcset=\"https:\/\/www.proma.com.br\/blog\/wp-content\/uploads\/2017\/03\/34.jpg 620w, https:\/\/www.proma.com.br\/blog\/wp-content\/uploads\/2017\/03\/34-300x300.jpg 300w\" sizes=\"(max-width: 620px) 100vw, 620px\" \/><\/a><\/p>\n<p>Ali ela compartilha imagens de sua casa, as poses do seu gato Charles e os arranjos de flores e plantas que se diverte montando.<\/p>\n<p>Confira a entrevista e inspire-se!<\/p>\n<p><strong>Como surgiu a ideia de criar um blog?<br \/>\n<\/strong><strong>Jess van den Berg |<\/strong> Eu entrei no Instagram h\u00e1 dois anos. Ali compartilhava imagens da decora\u00e7\u00e3o da minha casa, mas sentia que faltavam muitos detalhes. Ent\u00e3o, percebi que criar um blog era a melhor maneira de poder contar tudo isso e falar ainda mais sobre d\u00e9cor e design.<\/p>\n<p><a href=\"http:\/\/www.proma.com.br\/blog\/wp-content\/uploads\/2017\/03\/30.jpg\"><img loading=\"lazy\" class=\"alignnone size-full wp-image-4671\" src=\"http:\/\/www.proma.com.br\/blog\/wp-content\/uploads\/2017\/03\/30.jpg\" alt=\"30\" width=\"620\" height=\"620\" srcset=\"https:\/\/www.proma.com.br\/blog\/wp-content\/uploads\/2017\/03\/30.jpg 620w, https:\/\/www.proma.com.br\/blog\/wp-content\/uploads\/2017\/03\/30-300x300.jpg 300w\" sizes=\"(max-width: 620px) 100vw, 620px\" \/><\/a><\/p>\n<p><strong>Desde que come\u00e7ou a compartilhar as ideias na internet, sua casa mudou muito?<br \/>\n<\/strong><strong>JvdB |<\/strong> Sim! Eu amo mudan\u00e7as. Eu crio algo e duas semanas depois j\u00e1 estou entediada. Minha casa nunca para de mudar.<\/p>\n<p><strong>E qual a sua maior inspira\u00e7\u00e3o para decorar sua casa?<br \/>\n<\/strong><strong>JvdB |<\/strong> Tem que fazer sentido para mim. Claro que eu amo ler revistas sobre o assunto e sempre estou buscando refer\u00eancias no Pinterest. Mas eu n\u00e3o quero uma casa igual a de todo mundo. Ent\u00e3o, eu gosto de criar o que tem funcionalidade para mim. E quando eu tenho uma ideia, eu vou l\u00e1 e fa\u00e7o. As vezes funciona, as vezes n\u00e3o. Mas a\u00ed eu mudo novamente.<\/p>\n<p><strong>Conte um pouco sobre o seu estilo de decora\u00e7\u00e3o.<br \/>\n<\/strong><strong>JvdB |<\/strong> Basicamente \u00e9 uma base neutra com toques de cor. Tamb\u00e9m gosto de misturar o estilo escandinavo com cores pastel. Essa brincadeira de combinar diferentes estilos \u00e9 \u00f3tima. Assim, eu consigo descobrir o que funciona para mim.<\/p>\n<p><a href=\"http:\/\/www.proma.com.br\/blog\/wp-content\/uploads\/2017\/03\/31.jpg\"><img loading=\"lazy\" class=\"alignnone size-full wp-image-4672\" src=\"http:\/\/www.proma.com.br\/blog\/wp-content\/uploads\/2017\/03\/31.jpg\" alt=\"31\" width=\"620\" height=\"620\" srcset=\"https:\/\/www.proma.com.br\/blog\/wp-content\/uploads\/2017\/03\/31.jpg 620w, https:\/\/www.proma.com.br\/blog\/wp-content\/uploads\/2017\/03\/31-300x300.jpg 300w\" sizes=\"(max-width: 620px) 100vw, 620px\" \/><\/a><\/p>\n<p><strong>Quais suas dicas para combinar cores na decora\u00e7\u00e3o?<br \/>\n<\/strong><strong>JvdB | <\/strong>O primeiro passo \u00e9 escolher duas matizes principais. Na minha casa elas s\u00e3o o verde e o rosa. Ent\u00e3o, escolha as cores secund\u00e1rias \u2013 que devem ser usadas com parcim\u00f4nia para n\u00e3o pesar na decora\u00e7\u00e3o. No meu caso, funciona bem o amarelo e laranja. \u00c9 importante prestar aten\u00e7\u00e3o nos tons das cores principais. Por exemplo: aqui est\u00e3o espalhados objetos verde claro e escuro. Assim, \u00e9 poss\u00edvel criar contraste entre as pe\u00e7as e trazer um colorido bonito e delicado para o d\u00e9cor. N\u00e3o tenha medo de arriscar! N\u00e3o sabe se aquela cor cai bem na sua decora\u00e7\u00e3o? Ent\u00e3o compre uma almofada, uma vela e flores no tom. Coloque tudo junto em um cantinho da casa e veja o resultado. Se gostar, adicione uma outra cor para criar contraste.<\/p>\n<p><a href=\"http:\/\/www.proma.com.br\/blog\/wp-content\/uploads\/2017\/03\/32.jpg\"><img loading=\"lazy\" class=\"alignnone size-full wp-image-4673\" src=\"http:\/\/www.proma.com.br\/blog\/wp-content\/uploads\/2017\/03\/32.jpg\" alt=\"32\" width=\"620\" height=\"465\" srcset=\"https:\/\/www.proma.com.br\/blog\/wp-content\/uploads\/2017\/03\/32.jpg 620w, https:\/\/www.proma.com.br\/blog\/wp-content\/uploads\/2017\/03\/32-400x300.jpg 400w\" sizes=\"(max-width: 620px) 100vw, 620px\" \/><\/a><\/p>\n<p><strong>Voc\u00ea sempre compartilha fotos de flores e plantas no Instagram. Como voc\u00ea escolhe o que levar para casa?<br \/>\n<\/strong><strong>JvdB | <\/strong>Tudo \u00e9 baseado na cor que estou amando no momento. Sempre que vou comprar flores, eu escolho pela cor. Pego as que s\u00e3o as minhas favoritas e combino diferentes tamanhos.<\/p>\n<p><a href=\"http:\/\/www.proma.com.br\/blog\/wp-content\/uploads\/2017\/03\/33.jpg\"><img loading=\"lazy\" class=\"alignnone size-full wp-image-4674\" src=\"http:\/\/www.proma.com.br\/blog\/wp-content\/uploads\/2017\/03\/33.jpg\" alt=\"33\" width=\"620\" height=\"620\" srcset=\"https:\/\/www.proma.com.br\/blog\/wp-content\/uploads\/2017\/03\/33.jpg 620w, https:\/\/www.proma.com.br\/blog\/wp-content\/uploads\/2017\/03\/33-300x300.jpg 300w\" sizes=\"(max-width: 620px) 100vw, 620px\" \/><\/a><\/p>\n<p><strong>Voc\u00ea que monta os seus pr\u00f3prios arranjos. Quais s\u00e3o as suas dicas para quem quer se arriscar na tarefa?<br \/>\n<\/strong><strong>JvdB |<\/strong> N\u00e3o tem uma regra. Eu combino diferentes cores e diferentes tamanhos e est\u00e1 pronto! O que eu fa\u00e7o bastante tamb\u00e9m \u00e9 reaproveitar plantinhas. \u00c0s vezes, em um vaso quase todas as flores j\u00e1 morreram, mas outras n\u00e3o. Ent\u00e3o, eu consigo criar um novo arranjo a partir dali. \u00c9 uma tarefa divertida.<\/p>\n<p>Que tal ousar, se arriscar e decorar o seu pr\u00f3prio lar tamb\u00e9m?<\/p>\n<p><strong>Fonte:<\/strong> <a href=\"http:\/\/revistacasaejardim.globo.com\/Casa-e-Jardim\/Entrevistas\/noticia\/2017\/03\/aprenda-montar-arranjos-e-combinar-cores-na-decoracao.html\" target=\"_blank\">Casa e Jardim<\/a><\/p>\n<p>&nbsp;<\/p>\n","protected":false},"excerpt":{"rendered":"<p>Jessica van den Berg descobriu seu amor por decora\u00e7\u00e3o ainda crian\u00e7a, quando resolveu redecorar seu quarto. Apesar da surpresa, a m\u00e3e da holandesa deu passe livre \u00e0 imagina\u00e7\u00e3o da menina. O que tinha tudo para ser apenas uma aventura infantil,&hellip;<\/p>\n","protected":false},"author":2,"featured_media":4675,"comment_status":"open","ping_status":"closed","sticky":false,"template":"","format":"standard","meta":[],"categories":[2],"tags":[2728,2727],"_links":{"self":[{"href":"https:\/\/www.proma.com.br\/blog\/wp-json\/wp\/v2\/posts\/4670"}],"collection":[{"href":"https:\/\/www.proma.com.br\/blog\/wp-json\/wp\/v2\/posts"}],"about":[{"href":"https:\/\/www.proma.com.br\/blog\/wp-json\/wp\/v2\/types\/post"}],"author":[{"embeddable":true,"href":"https:\/\/www.proma.com.br\/blog\/wp-json\/wp\/v2\/users\/2"}],"replies":[{"embeddable":true,"href":"https:\/\/www.proma.com.br\/blog\/wp-json\/wp\/v2\/comments?post=4670"}],"version-history":[{"count":2,"href":"https:\/\/www.proma.com.br\/blog\/wp-json\/wp\/v2\/posts\/4670\/revisions"}],"predecessor-version":[{"id":4677,"href":"https:\/\/www.proma.com.br\/blog\/wp-json\/wp\/v2\/posts\/4670\/revisions\/4677"}],"wp:featuredmedia":[{"embeddable":true,"href":"https:\/\/www.proma.com.br\/blog\/wp-json\/wp\/v2\/media\/4675"}],"wp:attachment":[{"href":"https:\/\/www.proma.com.br\/blog\/wp-json\/wp\/v2\/media?parent=4670"}],"wp:term":[{"taxonomy":"category","embeddable":true,"href":"https:\/\/www.proma.com.br\/blog\/wp-json\/wp\/v2\/categories?post=4670"},{"taxonomy":"post_tag","embeddable":true,"href":"https:\/\/www.proma.com.br\/blog\/wp-json\/wp\/v2\/tags?post=4670"}],"curies":[{"name":"wp","href":"https:\/\/api.w.org\/{rel}","templated":true}]}}