{"id":4711,"date":"2017-08-03T14:54:25","date_gmt":"2017-08-03T17:54:25","guid":{"rendered":"http:\/\/www.proma.com.br\/blog\/?p=4711"},"modified":"2017-07-24T21:28:00","modified_gmt":"2017-07-25T00:28:00","slug":"metais-coloridos-no-banheiro-sao-tendencia-na-arquitetura","status":"publish","type":"post","link":"https:\/\/www.proma.com.br\/blog\/metais-coloridos-no-banheiro-sao-tendencia-na-arquitetura\/","title":{"rendered":"METAIS COLORIDOS NO BANHEIRO S\u00c3O TEND\u00caNCIA NA ARQUITETURA"},"content":{"rendered":"<p>A 15\u00aa edi\u00e7\u00e3o da Expo Revestir 2017 apresentou as tend\u00eancias para as diversas \u00e1reas da arquitetura.<\/p>\n<p>Para o banheiro, o que foi visto \u00e9 reflexo do ousado e da sofistica\u00e7\u00e3o: metais coloridos, cujas cores aparecem para exercer muita influ\u00eancia no nosso comportamento e bem-estar.<\/p>\n<p><a href=\"http:\/\/www.proma.com.br\/blog\/wp-content\/uploads\/2017\/03\/45.png\"><img loading=\"lazy\" class=\"alignnone size-full wp-image-4712\" src=\"http:\/\/www.proma.com.br\/blog\/wp-content\/uploads\/2017\/03\/45.png\" alt=\"45\" width=\"626\" height=\"613\" srcset=\"https:\/\/www.proma.com.br\/blog\/wp-content\/uploads\/2017\/03\/45.png 626w, https:\/\/www.proma.com.br\/blog\/wp-content\/uploads\/2017\/03\/45-306x300.png 306w\" sizes=\"(max-width: 626px) 100vw, 626px\" \/><\/a><\/p>\n<p>A nova cole\u00e7\u00e3o Doka Cores, por exemplo, deixa cada ambiente \u00fanico por meio das combina\u00e7\u00f5es de cores e dos acabamentos met\u00e1licos diferenciados, que estimulam sensa\u00e7\u00f5es positivas e deixam o d\u00e9cor refinado.<\/p>\n<p><a href=\"http:\/\/www.proma.com.br\/blog\/wp-content\/uploads\/2017\/03\/46.jpg\"><img loading=\"lazy\" class=\"alignnone size-large wp-image-4713\" src=\"http:\/\/www.proma.com.br\/blog\/wp-content\/uploads\/2017\/03\/46-1024x869.jpg\" alt=\"46\" width=\"584\" height=\"495\" srcset=\"https:\/\/www.proma.com.br\/blog\/wp-content\/uploads\/2017\/03\/46-1024x869.jpg 1024w, https:\/\/www.proma.com.br\/blog\/wp-content\/uploads\/2017\/03\/46-960x815.jpg 960w, https:\/\/www.proma.com.br\/blog\/wp-content\/uploads\/2017\/03\/46-353x300.jpg 353w, https:\/\/www.proma.com.br\/blog\/wp-content\/uploads\/2017\/03\/46.jpg 1063w\" sizes=\"(max-width: 584px) 100vw, 584px\" \/><\/a> <a href=\"http:\/\/www.proma.com.br\/blog\/wp-content\/uploads\/2017\/03\/47.jpg\"><img loading=\"lazy\" class=\"alignnone size-large wp-image-4714\" src=\"http:\/\/www.proma.com.br\/blog\/wp-content\/uploads\/2017\/03\/47-1024x1365.jpg\" alt=\"47\" width=\"584\" height=\"778\" srcset=\"https:\/\/www.proma.com.br\/blog\/wp-content\/uploads\/2017\/03\/47-1024x1365.jpg 1024w, https:\/\/www.proma.com.br\/blog\/wp-content\/uploads\/2017\/03\/47-960x1280.jpg 960w, https:\/\/www.proma.com.br\/blog\/wp-content\/uploads\/2017\/03\/47-225x300.jpg 225w\" sizes=\"(max-width: 584px) 100vw, 584px\" \/><\/a> <a href=\"http:\/\/www.proma.com.br\/blog\/wp-content\/uploads\/2017\/03\/48.jpg\"><img loading=\"lazy\" class=\"alignnone size-large wp-image-4715\" src=\"http:\/\/www.proma.com.br\/blog\/wp-content\/uploads\/2017\/03\/48-1024x1365.jpg\" alt=\"48\" width=\"584\" height=\"778\" srcset=\"https:\/\/www.proma.com.br\/blog\/wp-content\/uploads\/2017\/03\/48-1024x1365.jpg 1024w, https:\/\/www.proma.com.br\/blog\/wp-content\/uploads\/2017\/03\/48-960x1280.jpg 960w, https:\/\/www.proma.com.br\/blog\/wp-content\/uploads\/2017\/03\/48-225x300.jpg 225w\" sizes=\"(max-width: 584px) 100vw, 584px\" \/><\/a><\/p>\n<p>As op\u00e7\u00f5es de cores padr\u00e3o s\u00e3o o Black, Gold, Rose Gold e ORB (Oil Rubbed Bronze). Mas, se voc\u00ea ainda n\u00e3o se encantou por alguma destas tonalidades, existe a op\u00e7\u00e3o de deixar o ambiente ainda mais personalizado com a escolha de qualquer tom entre as 1950 op\u00e7\u00f5es da paleta de cores NCS.<\/p>\n<p><strong>Personalidade<\/strong><\/p>\n<p>Para satisfazer o desejo por produtos personalizados, a Docol tamb\u00e9m apostou no mundo de possibilidades proporcionado pelas cores e apresentou na Expo Revestir os novos acabamentos para as principais linhas do seu portf\u00f3lio.<\/p>\n<p>Com cores inspiradas na eleg\u00e2ncia e na atemporalidade dos metais nobres, as pe\u00e7as ganharam sete op\u00e7\u00f5es de tonalidades: Golden, Brushed Golden, Black, Brushed Black, Red Golden, Brushed Red Golden e Brushed Nickel.<\/p>\n<p>O processo de pigmenta\u00e7\u00e3o utilizado \u00e9 feito por meio da deposi\u00e7\u00e3o f\u00edsica de vapor, que consiste em evaporar as tonalidades desejadas sobre a pe\u00e7a j\u00e1 cromada, garantindo a durabilidade da pe\u00e7a.<\/p>\n<p><a href=\"http:\/\/www.proma.com.br\/blog\/wp-content\/uploads\/2017\/03\/49.jpg\"><img loading=\"lazy\" class=\"alignnone size-large wp-image-4716\" src=\"http:\/\/www.proma.com.br\/blog\/wp-content\/uploads\/2017\/03\/49-1024x1226.jpg\" alt=\"49\" width=\"584\" height=\"699\" srcset=\"https:\/\/www.proma.com.br\/blog\/wp-content\/uploads\/2017\/03\/49-1024x1226.jpg 1024w, https:\/\/www.proma.com.br\/blog\/wp-content\/uploads\/2017\/03\/49-960x1150.jpg 960w, https:\/\/www.proma.com.br\/blog\/wp-content\/uploads\/2017\/03\/49-250x300.jpg 250w\" sizes=\"(max-width: 584px) 100vw, 584px\" \/><\/a><\/p>\n<p>As cores foram destaque tamb\u00e9m nos novos lan\u00e7amentos da Deca. Os produtos da linha Tube, por exemplo, receberam um design clean e sofisticado com as seis op\u00e7\u00f5es de cores: Black Matte, Black Noir, Gold, Gold Matte, Cromado e Inox.<\/p>\n<p><a href=\"http:\/\/www.proma.com.br\/blog\/wp-content\/uploads\/2017\/03\/50.png\"><img loading=\"lazy\" class=\"alignnone size-full wp-image-4717\" src=\"http:\/\/www.proma.com.br\/blog\/wp-content\/uploads\/2017\/03\/50.png\" alt=\"50\" width=\"543\" height=\"576\" srcset=\"https:\/\/www.proma.com.br\/blog\/wp-content\/uploads\/2017\/03\/50.png 543w, https:\/\/www.proma.com.br\/blog\/wp-content\/uploads\/2017\/03\/50-282x300.png 282w\" sizes=\"(max-width: 543px) 100vw, 543px\" \/><\/a><\/p>\n<p>Voc\u00ea acha que essa tend\u00eancia veio para ficar? Aqui o seu coment\u00e1rio \u00e9 sempre bem-vindo.<\/p>\n<p><strong>Fonte:<\/strong> <a href=\"http:\/\/casaclaudia.abril.com.br\/materiais-construcao\/expo-revestir-2017-metais-coloridos-no-banheiro-e-tendencia\/\" target=\"_blank\">Casa Claudia<\/a><\/p>\n","protected":false},"excerpt":{"rendered":"<p>A 15\u00aa edi\u00e7\u00e3o da Expo Revestir 2017 apresentou as tend\u00eancias para as diversas \u00e1reas da arquitetura. Para o banheiro, o que foi visto \u00e9 reflexo do ousado e da sofistica\u00e7\u00e3o: metais coloridos, cujas cores aparecem para exercer muita influ\u00eancia no&hellip;<\/p>\n","protected":false},"author":2,"featured_media":4716,"comment_status":"open","ping_status":"closed","sticky":false,"template":"","format":"standard","meta":[],"categories":[1,2,6],"tags":[2745,2746,2747],"_links":{"self":[{"href":"https:\/\/www.proma.com.br\/blog\/wp-json\/wp\/v2\/posts\/4711"}],"collection":[{"href":"https:\/\/www.proma.com.br\/blog\/wp-json\/wp\/v2\/posts"}],"about":[{"href":"https:\/\/www.proma.com.br\/blog\/wp-json\/wp\/v2\/types\/post"}],"author":[{"embeddable":true,"href":"https:\/\/www.proma.com.br\/blog\/wp-json\/wp\/v2\/users\/2"}],"replies":[{"embeddable":true,"href":"https:\/\/www.proma.com.br\/blog\/wp-json\/wp\/v2\/comments?post=4711"}],"version-history":[{"count":3,"href":"https:\/\/www.proma.com.br\/blog\/wp-json\/wp\/v2\/posts\/4711\/revisions"}],"predecessor-version":[{"id":4825,"href":"https:\/\/www.proma.com.br\/blog\/wp-json\/wp\/v2\/posts\/4711\/revisions\/4825"}],"wp:featuredmedia":[{"embeddable":true,"href":"https:\/\/www.proma.com.br\/blog\/wp-json\/wp\/v2\/media\/4716"}],"wp:attachment":[{"href":"https:\/\/www.proma.com.br\/blog\/wp-json\/wp\/v2\/media?parent=4711"}],"wp:term":[{"taxonomy":"category","embeddable":true,"href":"https:\/\/www.proma.com.br\/blog\/wp-json\/wp\/v2\/categories?post=4711"},{"taxonomy":"post_tag","embeddable":true,"href":"https:\/\/www.proma.com.br\/blog\/wp-json\/wp\/v2\/tags?post=4711"}],"curies":[{"name":"wp","href":"https:\/\/api.w.org\/{rel}","templated":true}]}}