{"id":4751,"date":"2017-07-25T15:01:45","date_gmt":"2017-07-25T18:01:45","guid":{"rendered":"http:\/\/www.proma.com.br\/blog\/?p=4751"},"modified":"2017-07-19T14:11:18","modified_gmt":"2017-07-19T17:11:18","slug":"lumina-residence-apartamentos-mais-confortaveis-e-eficientes","status":"publish","type":"post","link":"https:\/\/www.proma.com.br\/blog\/lumina-residence-apartamentos-mais-confortaveis-e-eficientes\/","title":{"rendered":"LUMINA RESIDENCE: APARTAMENTOS MAIS CONFORT\u00c1VEIS E EFICIENTES"},"content":{"rendered":"<p><a href=\"http:\/\/www.proma.com.br\/blog\/wp-content\/uploads\/2017\/02\/WeArt-6824.jpg\"><img loading=\"lazy\" class=\"alignnone size-large wp-image-4397\" src=\"http:\/\/www.proma.com.br\/blog\/wp-content\/uploads\/2017\/02\/WeArt-6824-1024x683.jpg\" alt=\"weart-6824\" width=\"584\" height=\"389\" srcset=\"https:\/\/www.proma.com.br\/blog\/wp-content\/uploads\/2017\/02\/WeArt-6824-1024x683.jpg 1024w, https:\/\/www.proma.com.br\/blog\/wp-content\/uploads\/2017\/02\/WeArt-6824-960x640.jpg 960w, https:\/\/www.proma.com.br\/blog\/wp-content\/uploads\/2017\/02\/WeArt-6824-449x300.jpg 449w, https:\/\/www.proma.com.br\/blog\/wp-content\/uploads\/2017\/02\/WeArt-6824.jpg 2000w\" sizes=\"(max-width: 584px) 100vw, 584px\" \/><\/a><\/p>\n<p>Apartamentos 52% mais confort\u00e1veis e 31% mais eficientes \u2013 representando uma economia m\u00e9dia de R$ 163,00 na conta mensal de energia por unidade. Redu\u00e7\u00e3o de 40% (em dinheiro, pode chegar a R$ 10 mil) do valor da instala\u00e7\u00e3o do sistema de ar condicionado e de 58% do consumo energ\u00e9tico do condom\u00ednio em rela\u00e7\u00e3o aos edif\u00edcios convencionais. Os n\u00fameros surpreendem. O Lumina Residence encanta.<\/p>\n<p>De acordo com Bruno Cerqueira Martinez, diretor t\u00e9cnico da Petinelli (empresa de engenharia e consultoria t\u00e9cnica em constru\u00e7\u00e3o sustent\u00e1vel), de Curitiba, esses resultados s\u00e3o poss\u00edveis porque a Proma avaliou, ainda na fase do projeto, as medidas de efici\u00eancia energ\u00e9tica e decidiu pelos itens que trar\u00e3o mais benef\u00edcios e conforto aos moradores. S\u00e3o eles: vidros de alta performance, sombreamento racional, cores claras nos acabamentos externos, al\u00e9m de ilumina\u00e7\u00e3o em LED e sistema de ar condicionado com tecnologia inverter nas \u00e1reas comuns.<\/p>\n<p><a href=\"http:\/\/www.proma.com.br\/blog\/wp-content\/uploads\/2017\/02\/WeArt-6805.jpg\"><img loading=\"lazy\" class=\"alignnone size-large wp-image-4395\" src=\"http:\/\/www.proma.com.br\/blog\/wp-content\/uploads\/2017\/02\/WeArt-6805-1024x683.jpg\" alt=\"weart-6805\" width=\"584\" height=\"389\" srcset=\"https:\/\/www.proma.com.br\/blog\/wp-content\/uploads\/2017\/02\/WeArt-6805-1024x683.jpg 1024w, https:\/\/www.proma.com.br\/blog\/wp-content\/uploads\/2017\/02\/WeArt-6805-960x640.jpg 960w, https:\/\/www.proma.com.br\/blog\/wp-content\/uploads\/2017\/02\/WeArt-6805-449x300.jpg 449w, https:\/\/www.proma.com.br\/blog\/wp-content\/uploads\/2017\/02\/WeArt-6805.jpg 2000w\" sizes=\"(max-width: 584px) 100vw, 584px\" \/><\/a><\/p>\n<p>Martinez explica que a Proma solicitou um completo estudo de viabilidade t\u00e9cnico-financeira para a escolha dos vidros, do sistema construtivo, do isolamento t\u00e9rmico e da envolt\u00f3ria do empreendimento. \u201cHoje, existem <em>softwares<\/em> que s\u00e3o capazes de simular o comportamento t\u00e9rmico e energ\u00e9tico de um edif\u00edcio. Dinamicamente, \u00e9 poss\u00edvel avaliar as alternativas e propor a melhor solu\u00e7\u00e3o na fase de projeto de uma constru\u00e7\u00e3o\u201d, destaca.<\/p>\n<p>No que diz respeito aos vidros, \u00e9 importante enfatizar que para cada tipologia de edif\u00edcio, orienta\u00e7\u00e3o, \u00e1rea, sombreamento e clima existe uma rela\u00e7\u00e3o ideal de bloqueio de calor e entrada de ilumina\u00e7\u00e3o natural. \u201cOs vidros do Lumina Residence foram cuidadosamente selecionados para otimizar essa rela\u00e7\u00e3o, proporcionando o bloqueio de at\u00e9 60% da radia\u00e7\u00e3o solar. Essa escolha foi embasada nos resultados da simula\u00e7\u00e3o\u201d, salienta.<\/p>\n<p>Desempenho, beleza, inova\u00e7\u00e3o, tecnologia, qualidade e pre\u00e7o \u2013 na opini\u00e3o de Martinez, o Lumina Residence \u00e9 um <em>case <\/em>de sucesso em Santa Catarina. \u201cA Proma \u00e9 uma construtora inovadora e que sempre busca novidades no mercado para oferecer o que h\u00e1 de melhor para o seu cliente. O Lumina Residence \u00e9 resultado dessa vis\u00e3o. Em um mercado que est\u00e1 acostumado a fornecer e receber produtos de qualidade duvidosa, a Proma estabelece um novo patamar de qualidade ao construir esse empreendimento\u201d, ressalta.<\/p>\n<p><strong>O empreendimento<\/strong><\/p>\n<p>O Lumina Residence, que est\u00e1 em fase de constru\u00e7\u00e3o na rua Arthur Gumz, no bairro Vila Nova \u2013 uma regi\u00e3o privilegiada por estar a poucos minutos do centro \u2013, contemplar\u00e1 30 apartamentos. S\u00e3o duas coberturas <em>duplex <\/em>(\u00e1rea total de 412,99 m\u00b2), dois apartamentos <em>garden <\/em>(\u00e1rea total de 275,80 m\u00b2 e 318,81 m\u00b2), al\u00e9m dos apartamentos convencionais (ou padr\u00e3o) com plantas de 227,54 m\u00b2 a 233,63 m\u00b2 de \u00e1rea total.<\/p>\n<p><a href=\"http:\/\/www.proma.com.br\/blog\/wp-content\/uploads\/2016\/11\/81.jpg\"><img loading=\"lazy\" class=\"alignnone size-large wp-image-4366\" src=\"http:\/\/www.proma.com.br\/blog\/wp-content\/uploads\/2016\/11\/81-1024x682.jpg\" alt=\"81\" width=\"584\" height=\"388\" srcset=\"https:\/\/www.proma.com.br\/blog\/wp-content\/uploads\/2016\/11\/81-1024x682.jpg 1024w, https:\/\/www.proma.com.br\/blog\/wp-content\/uploads\/2016\/11\/81-960x639.jpg 960w, https:\/\/www.proma.com.br\/blog\/wp-content\/uploads\/2016\/11\/81-450x300.jpg 450w\" sizes=\"(max-width: 584px) 100vw, 584px\" \/><\/a><\/p>\n<p>Voc\u00ea gostou dos diferenciais do Lumina? <a href=\"https:\/\/goo.gl\/46P8DZ\" target=\"_blank\">Clique aqui<\/a> e veja como tudo isso fica na pr\u00e1tica.<\/p>\n","protected":false},"excerpt":{"rendered":"<p>Apartamentos 52% mais confort\u00e1veis e 31% mais eficientes \u2013 representando uma economia m\u00e9dia de R$ 163,00 na conta mensal de energia por unidade. Redu\u00e7\u00e3o de 40% (em dinheiro, pode chegar a R$ 10 mil) do valor da instala\u00e7\u00e3o do sistema&hellip;<\/p>\n","protected":false},"author":2,"featured_media":4729,"comment_status":"open","ping_status":"closed","sticky":false,"template":"","format":"standard","meta":[],"categories":[1,4,1145,3],"tags":[2766,2221,2758,2759,2765,2300,2325,2217,2760],"_links":{"self":[{"href":"https:\/\/www.proma.com.br\/blog\/wp-json\/wp\/v2\/posts\/4751"}],"collection":[{"href":"https:\/\/www.proma.com.br\/blog\/wp-json\/wp\/v2\/posts"}],"about":[{"href":"https:\/\/www.proma.com.br\/blog\/wp-json\/wp\/v2\/types\/post"}],"author":[{"embeddable":true,"href":"https:\/\/www.proma.com.br\/blog\/wp-json\/wp\/v2\/users\/2"}],"replies":[{"embeddable":true,"href":"https:\/\/www.proma.com.br\/blog\/wp-json\/wp\/v2\/comments?post=4751"}],"version-history":[{"count":5,"href":"https:\/\/www.proma.com.br\/blog\/wp-json\/wp\/v2\/posts\/4751\/revisions"}],"predecessor-version":[{"id":4807,"href":"https:\/\/www.proma.com.br\/blog\/wp-json\/wp\/v2\/posts\/4751\/revisions\/4807"}],"wp:featuredmedia":[{"embeddable":true,"href":"https:\/\/www.proma.com.br\/blog\/wp-json\/wp\/v2\/media\/4729"}],"wp:attachment":[{"href":"https:\/\/www.proma.com.br\/blog\/wp-json\/wp\/v2\/media?parent=4751"}],"wp:term":[{"taxonomy":"category","embeddable":true,"href":"https:\/\/www.proma.com.br\/blog\/wp-json\/wp\/v2\/categories?post=4751"},{"taxonomy":"post_tag","embeddable":true,"href":"https:\/\/www.proma.com.br\/blog\/wp-json\/wp\/v2\/tags?post=4751"}],"curies":[{"name":"wp","href":"https:\/\/api.w.org\/{rel}","templated":true}]}}