{"id":4764,"date":"2017-08-17T15:11:12","date_gmt":"2017-08-17T18:11:12","guid":{"rendered":"http:\/\/www.proma.com.br\/blog\/?p=4764"},"modified":"2017-07-24T21:13:53","modified_gmt":"2017-07-25T00:13:53","slug":"as-novas-cores-para-o-revestimento-corian","status":"publish","type":"post","link":"https:\/\/www.proma.com.br\/blog\/as-novas-cores-para-o-revestimento-corian\/","title":{"rendered":"AS NOVAS CORES PARA O REVESTIMENTO CORIAN"},"content":{"rendered":"<p>A Du Pont acaba de lan\u00e7ar tr\u00eas novas cores para o revestimento \u201cCorian\u201d. S\u00e3o elas: Concrete, Prima e Onyx. Gerando um excelente potencial de decora\u00e7\u00e3o e design, essas cores adquirem uma textura visual forte, criam modernidade din\u00e2mica e evocam calor e emo\u00e7\u00e3o.<\/p>\n<p>Pr\u00e1tico, bonito e resistente. Lan\u00e7ado nos Estados Unidos, em 1967, o Corian \u2013 cuja cor branca \u00e9 a mais popular \u2013 tem substitu\u00eddo outros materiais, como o granito e o m\u00e1rmore, pois \u00e9 um revestimento que requer pouca manuten\u00e7\u00e3o. Al\u00e9m disso, conforme explica a arquiteta da Proma, Caroline Obenaus, o Corian \u00e9 de f\u00e1cil restaura\u00e7\u00e3o quando necess\u00e1rio. \u201cCaso quebre \u00e9 poss\u00edvel reconstituir com uma massa no local\u201d, afirma.<\/p>\n<p><a href=\"http:\/\/www.proma.com.br\/blog\/wp-content\/uploads\/2017\/07\/Corian-Sinks.jpg\"><img loading=\"lazy\" class=\"alignnone size-full wp-image-4766\" src=\"http:\/\/www.proma.com.br\/blog\/wp-content\/uploads\/2017\/07\/Corian-Sinks.jpg\" alt=\"Corian-Sinks\" width=\"700\" height=\"400\" srcset=\"https:\/\/www.proma.com.br\/blog\/wp-content\/uploads\/2017\/07\/Corian-Sinks.jpg 700w, https:\/\/www.proma.com.br\/blog\/wp-content\/uploads\/2017\/07\/Corian-Sinks-500x285.jpg 500w\" sizes=\"(max-width: 700px) 100vw, 700px\" \/><\/a><\/p>\n<p>Ainda de acordo com a arquiteta Caroline, as vantagens do Corian tamb\u00e9m se estendem \u00e0 flexibilidade aos espa\u00e7os. \u201cEsse revestimento pode ser feito e modelado em qualquer local, sem emendas. Bancadas grandes e canos de 45\u00b0 podem receber \u201cacabamento hospitalar\u201d no encontro do rodapia e pia, ou seja, um acabamento arredondado sem emenda e rejunte. O mesmo se aplica \u00e0s cubas moldadas com a pia \u2013 com o Corian n\u00e3o \u00e9 necess\u00e1ria emenda e rejunte, tornando-se uma pe\u00e7a \u00fanica. Al\u00e9m disso, o material tem um toque mais suave e n\u00e3o t\u00e3o gelado como as pedras\u201d, destaca.<\/p>\n<p>De acordo com a marca, por ser um revestimento que est\u00e1 ganhando cada vez mais espa\u00e7o em muitos lugares do mundo, o Corian, a partir de tecnologias propriet\u00e1rias, resgata um p\u00fablico de design internacional diversificado.<\/p>\n<p>Na imagem, temos tr\u00eas exemplos com cada uma das novas cores de Corian:<\/p>\n<p><a href=\"http:\/\/www.proma.com.br\/blog\/wp-content\/uploads\/2017\/07\/foto-01.png\"><img loading=\"lazy\" class=\"alignnone size-full wp-image-4765\" src=\"http:\/\/www.proma.com.br\/blog\/wp-content\/uploads\/2017\/07\/foto-01.png\" alt=\"foto 01\" width=\"587\" height=\"846\" srcset=\"https:\/\/www.proma.com.br\/blog\/wp-content\/uploads\/2017\/07\/foto-01.png 587w, https:\/\/www.proma.com.br\/blog\/wp-content\/uploads\/2017\/07\/foto-01-208x300.png 208w\" sizes=\"(max-width: 587px) 100vw, 587px\" \/><\/a><\/p>\n<ol>\n<li>Banho \u2013 revestimento de paredes e espregui\u00e7adeira em Corian Ash Concrete<\/li>\n<li>Revestimento de parede em retroiluminado Corian Gray Onyx<\/li>\n<li>Revestimento de parede e ducha em Corian Cosmos Prima<\/li>\n<\/ol>\n<p>Qual voc\u00ea mais gostou? Deixe o seu coment\u00e1rio!<\/p>\n<p><strong>Fonte:<\/strong> archiproducts e arquiteta da Proma, Caroline Obenaus<\/p>\n","protected":false},"excerpt":{"rendered":"<p>A Du Pont acaba de lan\u00e7ar tr\u00eas novas cores para o revestimento \u201cCorian\u201d. S\u00e3o elas: Concrete, Prima e Onyx. Gerando um excelente potencial de decora\u00e7\u00e3o e design, essas cores adquirem uma textura visual forte, criam modernidade din\u00e2mica e evocam calor&hellip;<\/p>\n","protected":false},"author":2,"featured_media":4766,"comment_status":"open","ping_status":"closed","sticky":false,"template":"","format":"standard","meta":[],"categories":[2,5,3,6],"tags":[2781,2778,2776,2777,2780,2779,960,2782],"_links":{"self":[{"href":"https:\/\/www.proma.com.br\/blog\/wp-json\/wp\/v2\/posts\/4764"}],"collection":[{"href":"https:\/\/www.proma.com.br\/blog\/wp-json\/wp\/v2\/posts"}],"about":[{"href":"https:\/\/www.proma.com.br\/blog\/wp-json\/wp\/v2\/types\/post"}],"author":[{"embeddable":true,"href":"https:\/\/www.proma.com.br\/blog\/wp-json\/wp\/v2\/users\/2"}],"replies":[{"embeddable":true,"href":"https:\/\/www.proma.com.br\/blog\/wp-json\/wp\/v2\/comments?post=4764"}],"version-history":[{"count":1,"href":"https:\/\/www.proma.com.br\/blog\/wp-json\/wp\/v2\/posts\/4764\/revisions"}],"predecessor-version":[{"id":4767,"href":"https:\/\/www.proma.com.br\/blog\/wp-json\/wp\/v2\/posts\/4764\/revisions\/4767"}],"wp:featuredmedia":[{"embeddable":true,"href":"https:\/\/www.proma.com.br\/blog\/wp-json\/wp\/v2\/media\/4766"}],"wp:attachment":[{"href":"https:\/\/www.proma.com.br\/blog\/wp-json\/wp\/v2\/media?parent=4764"}],"wp:term":[{"taxonomy":"category","embeddable":true,"href":"https:\/\/www.proma.com.br\/blog\/wp-json\/wp\/v2\/categories?post=4764"},{"taxonomy":"post_tag","embeddable":true,"href":"https:\/\/www.proma.com.br\/blog\/wp-json\/wp\/v2\/tags?post=4764"}],"curies":[{"name":"wp","href":"https:\/\/api.w.org\/{rel}","templated":true}]}}