{"id":4781,"date":"2017-10-10T15:01:38","date_gmt":"2017-10-10T18:01:38","guid":{"rendered":"http:\/\/www.proma.com.br\/blog\/?p=4781"},"modified":"2017-09-28T21:16:55","modified_gmt":"2017-09-29T00:16:55","slug":"como-decorar-uma-varanda-pequena","status":"publish","type":"post","link":"https:\/\/www.proma.com.br\/blog\/como-decorar-uma-varanda-pequena\/","title":{"rendered":"COMO DECORAR UMA VARANDA PEQUENA?"},"content":{"rendered":"<p><a href=\"http:\/\/www.proma.com.br\/blog\/wp-content\/uploads\/2017\/07\/01.jpg\"><img loading=\"lazy\" class=\"alignnone size-full wp-image-4782\" src=\"http:\/\/www.proma.com.br\/blog\/wp-content\/uploads\/2017\/07\/01.jpg\" alt=\"01\" width=\"940\" height=\"626\" srcset=\"https:\/\/www.proma.com.br\/blog\/wp-content\/uploads\/2017\/07\/01.jpg 940w, https:\/\/www.proma.com.br\/blog\/wp-content\/uploads\/2017\/07\/01-450x300.jpg 450w\" sizes=\"(max-width: 940px) 100vw, 940px\" \/><\/a><\/p>\n<p>Nem todos t\u00eam a chance de desfrutar de um grande espa\u00e7o ao ar livre \u2013 a maioria dos apartamentos, por exemplo, tem pequenas varandas, mas isso n\u00e3o significa que voc\u00ea n\u00e3o pode criar um ambiente lindo, do jeito que sempre sonhou.<\/p>\n<p><a href=\"http:\/\/www.proma.com.br\/blog\/wp-content\/uploads\/2017\/07\/02.jpg\"><img loading=\"lazy\" class=\"alignnone size-full wp-image-4783\" src=\"http:\/\/www.proma.com.br\/blog\/wp-content\/uploads\/2017\/07\/02.jpg\" alt=\"02\" width=\"418\" height=\"627\" srcset=\"https:\/\/www.proma.com.br\/blog\/wp-content\/uploads\/2017\/07\/02.jpg 418w, https:\/\/www.proma.com.br\/blog\/wp-content\/uploads\/2017\/07\/02-200x300.jpg 200w\" sizes=\"(max-width: 418px) 100vw, 418px\" \/><\/a><\/p>\n<p>Tudo o que voc\u00ea precisa \u00e9 decorar a varanda corretamente, tornando-a um espa\u00e7o perfeito para momentos agrad\u00e1veis \u200b\u200be relaxantes. Para come\u00e7ar, que tal uma mesa de caf\u00e9 e algumas cadeiras \u2013 ou at\u00e9 um sof\u00e1?<\/p>\n<p><a href=\"http:\/\/www.proma.com.br\/blog\/wp-content\/uploads\/2017\/07\/05.jpg\"><img loading=\"lazy\" class=\"alignnone size-full wp-image-4784\" src=\"http:\/\/www.proma.com.br\/blog\/wp-content\/uploads\/2017\/07\/05.jpg\" alt=\"05\" width=\"418\" height=\"627\" srcset=\"https:\/\/www.proma.com.br\/blog\/wp-content\/uploads\/2017\/07\/05.jpg 418w, https:\/\/www.proma.com.br\/blog\/wp-content\/uploads\/2017\/07\/05-200x300.jpg 200w\" sizes=\"(max-width: 418px) 100vw, 418px\" \/><\/a><\/p>\n<p>N\u00e3o se esque\u00e7a tamb\u00e9m de algumas plantas (aposte em jardins verticais para otimizar o espa\u00e7o) e de uma ou mais fontes de luz (velas e lanternas s\u00e3o perfeitas para uma atmosfera mais rom\u00e2ntica e aconchegante!).<\/p>\n<p>_________<\/p>\n<p>Varanda com pouco sol? <a href=\"https:\/\/goo.gl\/AqZnTb\" target=\"_blank\">Clique aqui<\/a> e confira 15 plantas que podem deixar o seu espa\u00e7o mais verde.<\/p>\n<p>_________<\/p>\n<p><a href=\"http:\/\/www.proma.com.br\/blog\/wp-content\/uploads\/2017\/07\/03.jpg\"><img loading=\"lazy\" class=\"alignnone size-full wp-image-4785\" src=\"http:\/\/www.proma.com.br\/blog\/wp-content\/uploads\/2017\/07\/03.jpg\" alt=\"03\" width=\"417\" height=\"627\" srcset=\"https:\/\/www.proma.com.br\/blog\/wp-content\/uploads\/2017\/07\/03.jpg 417w, https:\/\/www.proma.com.br\/blog\/wp-content\/uploads\/2017\/07\/03-199x300.jpg 199w\" sizes=\"(max-width: 417px) 100vw, 417px\" \/><\/a><\/p>\n<p>Outras dicas importantes:<\/p>\n<ul>\n<li>escolha pe\u00e7as pequenas para facilitar a circula\u00e7\u00e3o de pessoas na varanda.<\/li>\n<li>varandas fechadas protegem os m\u00f3veis contra as a\u00e7\u00f5es do tempo.<\/li>\n<li>aposte em m\u00f3veis planejados para otimizar ainda mais o espa\u00e7o.<\/li>\n<\/ul>\n<p>_________<\/p>\n<p>Manter a beleza da varanda depende da escolha dos m\u00f3veis. <a href=\"https:\/\/goo.gl\/VHxRzh\" target=\"_blank\">Clique aqui<\/a> para saber mais.<\/p>\n<p>_________<\/p>\n<p><a href=\"http:\/\/www.proma.com.br\/blog\/wp-content\/uploads\/2017\/07\/04.jpg\"><img loading=\"lazy\" class=\"alignnone size-full wp-image-4786\" src=\"http:\/\/www.proma.com.br\/blog\/wp-content\/uploads\/2017\/07\/04.jpg\" alt=\"04\" width=\"470\" height=\"627\" srcset=\"https:\/\/www.proma.com.br\/blog\/wp-content\/uploads\/2017\/07\/04.jpg 470w, https:\/\/www.proma.com.br\/blog\/wp-content\/uploads\/2017\/07\/04-224x300.jpg 224w\" sizes=\"(max-width: 470px) 100vw, 470px\" \/><\/a><\/p>\n<p>Que tal come\u00e7ar a planejar a sua varanda agora mesmo?<br \/>\nEst\u00e1 faltando tempo? Faltam horas no seu dia? Ent\u00e3o <a href=\"https:\/\/goo.gl\/C4S3Eq\" target=\"_blank\">clique aqui<\/a> e descubra como organizar e planejar as demandas do seu dia a dia!<\/p>\n<p><strong>Fotos:<\/strong> <a href=\"https:\/\/goo.gl\/2okap8\" target=\"_blank\">Terra<\/a><\/p>\n<p>___<\/p>\n<p>A sua varanda \u00e9 pequena, mas tem espa\u00e7o para uma horta? Confira <a href=\"https:\/\/goo.gl\/Gfmj2b\" target=\"_blank\">aqui<\/a> os melhores suportes, as formas de cultivo e as esp\u00e9cies ideais.<\/p>\n","protected":false},"excerpt":{"rendered":"<p>Nem todos t\u00eam a chance de desfrutar de um grande espa\u00e7o ao ar livre \u2013 a maioria dos apartamentos, por exemplo, tem pequenas varandas, mas isso n\u00e3o significa que voc\u00ea n\u00e3o pode criar um ambiente lindo, do jeito que sempre&hellip;<\/p>\n","protected":false},"author":2,"featured_media":4782,"comment_status":"open","ping_status":"closed","sticky":false,"template":"","format":"standard","meta":[],"categories":[2,5],"tags":[2788,1102,2787],"_links":{"self":[{"href":"https:\/\/www.proma.com.br\/blog\/wp-json\/wp\/v2\/posts\/4781"}],"collection":[{"href":"https:\/\/www.proma.com.br\/blog\/wp-json\/wp\/v2\/posts"}],"about":[{"href":"https:\/\/www.proma.com.br\/blog\/wp-json\/wp\/v2\/types\/post"}],"author":[{"embeddable":true,"href":"https:\/\/www.proma.com.br\/blog\/wp-json\/wp\/v2\/users\/2"}],"replies":[{"embeddable":true,"href":"https:\/\/www.proma.com.br\/blog\/wp-json\/wp\/v2\/comments?post=4781"}],"version-history":[{"count":8,"href":"https:\/\/www.proma.com.br\/blog\/wp-json\/wp\/v2\/posts\/4781\/revisions"}],"predecessor-version":[{"id":5039,"href":"https:\/\/www.proma.com.br\/blog\/wp-json\/wp\/v2\/posts\/4781\/revisions\/5039"}],"wp:featuredmedia":[{"embeddable":true,"href":"https:\/\/www.proma.com.br\/blog\/wp-json\/wp\/v2\/media\/4782"}],"wp:attachment":[{"href":"https:\/\/www.proma.com.br\/blog\/wp-json\/wp\/v2\/media?parent=4781"}],"wp:term":[{"taxonomy":"category","embeddable":true,"href":"https:\/\/www.proma.com.br\/blog\/wp-json\/wp\/v2\/categories?post=4781"},{"taxonomy":"post_tag","embeddable":true,"href":"https:\/\/www.proma.com.br\/blog\/wp-json\/wp\/v2\/tags?post=4781"}],"curies":[{"name":"wp","href":"https:\/\/api.w.org\/{rel}","templated":true}]}}