{"id":4958,"date":"2018-02-01T15:07:19","date_gmt":"2018-02-01T18:07:19","guid":{"rendered":"http:\/\/www.proma.com.br\/blog\/?p=4958"},"modified":"2017-10-26T22:34:40","modified_gmt":"2017-10-27T01:34:40","slug":"tonalidades-em-harmonia-para-um-apartamento-aconchegante","status":"publish","type":"post","link":"https:\/\/www.proma.com.br\/blog\/tonalidades-em-harmonia-para-um-apartamento-aconchegante\/","title":{"rendered":"TONALIDADES EM HARMONIA PARA UM APARTAMENTO ACONCHEGANTE"},"content":{"rendered":"<p><a href=\"http:\/\/www.proma.com.br\/blog\/wp-content\/uploads\/2017\/08\/09.jpg\"><img loading=\"lazy\" class=\"alignnone size-large wp-image-4960\" src=\"http:\/\/www.proma.com.br\/blog\/wp-content\/uploads\/2017\/08\/09-1024x682.jpg\" alt=\"09\" width=\"584\" height=\"388\" srcset=\"https:\/\/www.proma.com.br\/blog\/wp-content\/uploads\/2017\/08\/09-1024x682.jpg 1024w, https:\/\/www.proma.com.br\/blog\/wp-content\/uploads\/2017\/08\/09-960x640.jpg 960w, https:\/\/www.proma.com.br\/blog\/wp-content\/uploads\/2017\/08\/09-450x300.jpg 450w, https:\/\/www.proma.com.br\/blog\/wp-content\/uploads\/2017\/08\/09.jpg 1200w\" sizes=\"(max-width: 584px) 100vw, 584px\" \/><\/a><\/p>\n<p>Projetos que servem de inspira\u00e7\u00e3o s\u00e3o sempre bem-vindos, n\u00e3o \u00e9 mesmo? Ent\u00e3o chegou a hora de se encantar com um apartamento que tem na varia\u00e7\u00e3o e na ousadia de cores (pensadas para cada espa\u00e7o!) o seu maior atrativo.<\/p>\n<p><a href=\"http:\/\/www.proma.com.br\/blog\/wp-content\/uploads\/2017\/08\/07.jpg\"><img loading=\"lazy\" class=\"alignnone size-large wp-image-4959\" src=\"http:\/\/www.proma.com.br\/blog\/wp-content\/uploads\/2017\/08\/07-1024x682.jpg\" alt=\"07\" width=\"584\" height=\"388\" srcset=\"https:\/\/www.proma.com.br\/blog\/wp-content\/uploads\/2017\/08\/07-1024x682.jpg 1024w, https:\/\/www.proma.com.br\/blog\/wp-content\/uploads\/2017\/08\/07-960x640.jpg 960w, https:\/\/www.proma.com.br\/blog\/wp-content\/uploads\/2017\/08\/07-450x300.jpg 450w, https:\/\/www.proma.com.br\/blog\/wp-content\/uploads\/2017\/08\/07.jpg 1080w\" sizes=\"(max-width: 584px) 100vw, 584px\" \/><\/a><\/p>\n<p>Confira!<\/p>\n<p>Os clientes desejavam um apartamento em que se sentissem \u00e0 vontade para receber bem os amigos e, ao mesmo tempo, um lugar em que eles pudessem compartilhar momentos juntos, como assistir \u00e0 TV, fazer as refei\u00e7\u00f5es ou ler um livro.<\/p>\n<p><a href=\"http:\/\/www.proma.com.br\/blog\/wp-content\/uploads\/2017\/08\/08.jpg\"><img loading=\"lazy\" class=\"alignnone size-large wp-image-4961\" src=\"http:\/\/www.proma.com.br\/blog\/wp-content\/uploads\/2017\/08\/08-1024x682.jpg\" alt=\"08\" width=\"584\" height=\"388\" srcset=\"https:\/\/www.proma.com.br\/blog\/wp-content\/uploads\/2017\/08\/08-1024x682.jpg 1024w, https:\/\/www.proma.com.br\/blog\/wp-content\/uploads\/2017\/08\/08-960x640.jpg 960w, https:\/\/www.proma.com.br\/blog\/wp-content\/uploads\/2017\/08\/08-450x300.jpg 450w, https:\/\/www.proma.com.br\/blog\/wp-content\/uploads\/2017\/08\/08.jpg 1200w\" sizes=\"(max-width: 584px) 100vw, 584px\" \/><\/a> <a href=\"http:\/\/www.proma.com.br\/blog\/wp-content\/uploads\/2017\/08\/10.jpg\"><img loading=\"lazy\" class=\"alignnone size-large wp-image-4962\" src=\"http:\/\/www.proma.com.br\/blog\/wp-content\/uploads\/2017\/08\/10.jpg\" alt=\"10\" width=\"584\" height=\"876\" srcset=\"https:\/\/www.proma.com.br\/blog\/wp-content\/uploads\/2017\/08\/10.jpg 800w, https:\/\/www.proma.com.br\/blog\/wp-content\/uploads\/2017\/08\/10-200x300.jpg 200w\" sizes=\"(max-width: 584px) 100vw, 584px\" \/><\/a> <a href=\"http:\/\/www.proma.com.br\/blog\/wp-content\/uploads\/2017\/08\/11.jpg\"><img loading=\"lazy\" class=\"alignnone size-large wp-image-4963\" src=\"http:\/\/www.proma.com.br\/blog\/wp-content\/uploads\/2017\/08\/11.jpg\" alt=\"11\" width=\"584\" height=\"876\" srcset=\"https:\/\/www.proma.com.br\/blog\/wp-content\/uploads\/2017\/08\/11.jpg 800w, https:\/\/www.proma.com.br\/blog\/wp-content\/uploads\/2017\/08\/11-200x300.jpg 200w\" sizes=\"(max-width: 584px) 100vw, 584px\" \/><\/a><\/p>\n<p>Com esse projeto, o escrit\u00f3rio Adriana Fontana Design de Interiores teve dois desafios: o primeiro foi convencer o morador de que era poss\u00edvel misturar alguns tons diferentes por toda a casa e ainda ter um ambiente confort\u00e1vel (sua esposa desejava que o projeto tivesse bastante cor).<\/p>\n<p><a href=\"http:\/\/www.proma.com.br\/blog\/wp-content\/uploads\/2017\/08\/12.jpg\"><img loading=\"lazy\" class=\"alignnone size-full wp-image-4964\" src=\"http:\/\/www.proma.com.br\/blog\/wp-content\/uploads\/2017\/08\/12.jpg\" alt=\"12\" width=\"800\" height=\"1200\" srcset=\"https:\/\/www.proma.com.br\/blog\/wp-content\/uploads\/2017\/08\/12.jpg 800w, https:\/\/www.proma.com.br\/blog\/wp-content\/uploads\/2017\/08\/12-200x300.jpg 200w\" sizes=\"(max-width: 800px) 100vw, 800px\" \/><\/a> <a href=\"http:\/\/www.proma.com.br\/blog\/wp-content\/uploads\/2017\/08\/13.jpg\"><img loading=\"lazy\" class=\"alignnone size-large wp-image-4965\" src=\"http:\/\/www.proma.com.br\/blog\/wp-content\/uploads\/2017\/08\/13.jpg\" alt=\"13\" width=\"584\" height=\"876\" srcset=\"https:\/\/www.proma.com.br\/blog\/wp-content\/uploads\/2017\/08\/13.jpg 800w, https:\/\/www.proma.com.br\/blog\/wp-content\/uploads\/2017\/08\/13-200x300.jpg 200w\" sizes=\"(max-width: 584px) 100vw, 584px\" \/><\/a> <a href=\"http:\/\/www.proma.com.br\/blog\/wp-content\/uploads\/2017\/08\/14.jpg\"><img loading=\"lazy\" class=\"alignnone size-large wp-image-4966\" src=\"http:\/\/www.proma.com.br\/blog\/wp-content\/uploads\/2017\/08\/14-1024x682.jpg\" alt=\"14\" width=\"584\" height=\"388\" srcset=\"https:\/\/www.proma.com.br\/blog\/wp-content\/uploads\/2017\/08\/14-1024x682.jpg 1024w, https:\/\/www.proma.com.br\/blog\/wp-content\/uploads\/2017\/08\/14-960x640.jpg 960w, https:\/\/www.proma.com.br\/blog\/wp-content\/uploads\/2017\/08\/14-450x300.jpg 450w, https:\/\/www.proma.com.br\/blog\/wp-content\/uploads\/2017\/08\/14.jpg 1200w\" sizes=\"(max-width: 584px) 100vw, 584px\" \/><\/a><\/p>\n<p>A designer de interiores Adriana aceitou a miss\u00e3o e mesclou as cores laranja, roxo, verde e amarelo no projeto. J\u00e1 o segundo desafio foi adaptar os revestimentos existentes, como o do banheiro, e a marcenaria com um novo olhar.<\/p>\n<p>\u201cNeste projeto n\u00f3s criamos uma base neutra, com bastante madeira e cinza. Use a mesma cor em v\u00e1rios objetos, mesmo com tonalidades diferentes &#8211; isso gera uma harmonia no projeto inteiro. Para esse em especial utilizamos a paleta de cores amarela, verde, roxo e laranja\u201d, explica.<\/p>\n<p><a href=\"http:\/\/www.proma.com.br\/blog\/wp-content\/uploads\/2017\/08\/15.jpg\"><img loading=\"lazy\" class=\"alignnone size-large wp-image-4967\" src=\"http:\/\/www.proma.com.br\/blog\/wp-content\/uploads\/2017\/08\/15-1024x682.jpg\" alt=\"15\" width=\"584\" height=\"388\" srcset=\"https:\/\/www.proma.com.br\/blog\/wp-content\/uploads\/2017\/08\/15-1024x682.jpg 1024w, https:\/\/www.proma.com.br\/blog\/wp-content\/uploads\/2017\/08\/15-960x640.jpg 960w, https:\/\/www.proma.com.br\/blog\/wp-content\/uploads\/2017\/08\/15-450x300.jpg 450w, https:\/\/www.proma.com.br\/blog\/wp-content\/uploads\/2017\/08\/15.jpg 1200w\" sizes=\"(max-width: 584px) 100vw, 584px\" \/><\/a> <a href=\"http:\/\/www.proma.com.br\/blog\/wp-content\/uploads\/2017\/08\/16.jpg\"><img loading=\"lazy\" class=\"alignnone size-large wp-image-4968\" src=\"http:\/\/www.proma.com.br\/blog\/wp-content\/uploads\/2017\/08\/16-1024x1536.jpg\" alt=\"16\" width=\"584\" height=\"876\" srcset=\"https:\/\/www.proma.com.br\/blog\/wp-content\/uploads\/2017\/08\/16-1024x1536.jpg 1024w, https:\/\/www.proma.com.br\/blog\/wp-content\/uploads\/2017\/08\/16-960x1440.jpg 960w, https:\/\/www.proma.com.br\/blog\/wp-content\/uploads\/2017\/08\/16-200x300.jpg 200w, https:\/\/www.proma.com.br\/blog\/wp-content\/uploads\/2017\/08\/16.jpg 1200w\" sizes=\"(max-width: 584px) 100vw, 584px\" \/><\/a> <a href=\"http:\/\/www.proma.com.br\/blog\/wp-content\/uploads\/2017\/08\/17.jpg\"><img loading=\"lazy\" class=\"alignnone size-large wp-image-4969\" src=\"http:\/\/www.proma.com.br\/blog\/wp-content\/uploads\/2017\/08\/17-1024x682.jpg\" alt=\"17\" width=\"584\" height=\"388\" srcset=\"https:\/\/www.proma.com.br\/blog\/wp-content\/uploads\/2017\/08\/17-1024x682.jpg 1024w, https:\/\/www.proma.com.br\/blog\/wp-content\/uploads\/2017\/08\/17-960x640.jpg 960w, https:\/\/www.proma.com.br\/blog\/wp-content\/uploads\/2017\/08\/17-450x300.jpg 450w, https:\/\/www.proma.com.br\/blog\/wp-content\/uploads\/2017\/08\/17.jpg 1200w\" sizes=\"(max-width: 584px) 100vw, 584px\" \/><\/a><\/p>\n<p>O quarto foi a exce\u00e7\u00e3o \u2013 cores leves para criar um lugar tranquilo. Outra dica importante do escrit\u00f3rio para quem deseja uma casa colorida \u00e9 esquecer as combina\u00e7\u00f5es previs\u00edveis.<\/p>\n<p><a href=\"http:\/\/www.proma.com.br\/blog\/wp-content\/uploads\/2017\/08\/181.jpg\"><img loading=\"lazy\" class=\"alignnone size-large wp-image-4970\" src=\"http:\/\/www.proma.com.br\/blog\/wp-content\/uploads\/2017\/08\/181-1024x682.jpg\" alt=\"18\" width=\"584\" height=\"388\" srcset=\"https:\/\/www.proma.com.br\/blog\/wp-content\/uploads\/2017\/08\/181-1024x682.jpg 1024w, https:\/\/www.proma.com.br\/blog\/wp-content\/uploads\/2017\/08\/181-960x640.jpg 960w, https:\/\/www.proma.com.br\/blog\/wp-content\/uploads\/2017\/08\/181-450x300.jpg 450w, https:\/\/www.proma.com.br\/blog\/wp-content\/uploads\/2017\/08\/181.jpg 1200w\" sizes=\"(max-width: 584px) 100vw, 584px\" \/><\/a> <a href=\"http:\/\/www.proma.com.br\/blog\/wp-content\/uploads\/2017\/08\/19.jpg\"><img loading=\"lazy\" class=\"alignnone size-large wp-image-4971\" src=\"http:\/\/www.proma.com.br\/blog\/wp-content\/uploads\/2017\/08\/19.jpg\" alt=\"19\" width=\"584\" height=\"876\" srcset=\"https:\/\/www.proma.com.br\/blog\/wp-content\/uploads\/2017\/08\/19.jpg 800w, https:\/\/www.proma.com.br\/blog\/wp-content\/uploads\/2017\/08\/19-200x300.jpg 200w\" sizes=\"(max-width: 584px) 100vw, 584px\" \/><\/a><\/p>\n<p>O seu projeto tamb\u00e9m pode servir de inspira\u00e7\u00e3o para outros leitores do blog. Que tal nos enviar registros do seu lar para publicarmos aqui?<\/p>\n<p><strong>Fonte:<\/strong> <a href=\"https:\/\/goo.gl\/XMqbfS\" target=\"_blank\">Casa de Valentina<\/a><\/p>\n<p>___<\/p>\n<p>Voc\u00ea quer saber o significado das cores para pintar cada ambiente corretamente? Ent\u00e3o\u00a0<a href=\"https:\/\/goo.gl\/s5UZQW\" target=\"_blank\">clique aqui<\/a>.<\/p>\n<p>Voc\u00ea tamb\u00e9m pode contar com aplicativos com paletas de cores que ajudam na decora\u00e7\u00e3o. Confira <a href=\"https:\/\/goo.gl\/Y6icnL\" target=\"_blank\">aqui<\/a>.<\/p>\n","protected":false},"excerpt":{"rendered":"<p>Projetos que servem de inspira\u00e7\u00e3o s\u00e3o sempre bem-vindos, n\u00e3o \u00e9 mesmo? Ent\u00e3o chegou a hora de se encantar com um apartamento que tem na varia\u00e7\u00e3o e na ousadia de cores (pensadas para cada espa\u00e7o!) o seu maior atrativo. Confira! Os&hellip;<\/p>\n","protected":false},"author":2,"featured_media":4969,"comment_status":"open","ping_status":"closed","sticky":false,"template":"","format":"standard","meta":[],"categories":[2,5],"tags":[66,2579,2826,2825],"_links":{"self":[{"href":"https:\/\/www.proma.com.br\/blog\/wp-json\/wp\/v2\/posts\/4958"}],"collection":[{"href":"https:\/\/www.proma.com.br\/blog\/wp-json\/wp\/v2\/posts"}],"about":[{"href":"https:\/\/www.proma.com.br\/blog\/wp-json\/wp\/v2\/types\/post"}],"author":[{"embeddable":true,"href":"https:\/\/www.proma.com.br\/blog\/wp-json\/wp\/v2\/users\/2"}],"replies":[{"embeddable":true,"href":"https:\/\/www.proma.com.br\/blog\/wp-json\/wp\/v2\/comments?post=4958"}],"version-history":[{"count":4,"href":"https:\/\/www.proma.com.br\/blog\/wp-json\/wp\/v2\/posts\/4958\/revisions"}],"predecessor-version":[{"id":5054,"href":"https:\/\/www.proma.com.br\/blog\/wp-json\/wp\/v2\/posts\/4958\/revisions\/5054"}],"wp:featuredmedia":[{"embeddable":true,"href":"https:\/\/www.proma.com.br\/blog\/wp-json\/wp\/v2\/media\/4969"}],"wp:attachment":[{"href":"https:\/\/www.proma.com.br\/blog\/wp-json\/wp\/v2\/media?parent=4958"}],"wp:term":[{"taxonomy":"category","embeddable":true,"href":"https:\/\/www.proma.com.br\/blog\/wp-json\/wp\/v2\/categories?post=4958"},{"taxonomy":"post_tag","embeddable":true,"href":"https:\/\/www.proma.com.br\/blog\/wp-json\/wp\/v2\/tags?post=4958"}],"curies":[{"name":"wp","href":"https:\/\/api.w.org\/{rel}","templated":true}]}}