{"id":4974,"date":"2017-11-16T15:12:11","date_gmt":"2017-11-16T18:12:11","guid":{"rendered":"http:\/\/www.proma.com.br\/blog\/?p=4974"},"modified":"2017-09-28T22:22:30","modified_gmt":"2017-09-29T01:22:30","slug":"do-comeco-ao-fim-da-obra-portal-reune-informacoes-para-quem-vai-reformar-ou-construir","status":"publish","type":"post","link":"https:\/\/www.proma.com.br\/blog\/do-comeco-ao-fim-da-obra-portal-reune-informacoes-para-quem-vai-reformar-ou-construir\/","title":{"rendered":"DO COME\u00c7O AO FIM DA OBRA: PORTAL RE\u00daNE INFORMA\u00c7\u00d5ES PARA QUEM VAI REFORMAR OU CONSTRUIR"},"content":{"rendered":"<p><a href=\"http:\/\/www.proma.com.br\/blog\/wp-content\/uploads\/2017\/08\/20.jpg\"><img loading=\"lazy\" class=\"alignnone size-full wp-image-4975\" src=\"http:\/\/www.proma.com.br\/blog\/wp-content\/uploads\/2017\/08\/20.jpg\" alt=\"20\" width=\"1000\" height=\"666\" srcset=\"https:\/\/www.proma.com.br\/blog\/wp-content\/uploads\/2017\/08\/20.jpg 1000w, https:\/\/www.proma.com.br\/blog\/wp-content\/uploads\/2017\/08\/20-960x639.jpg 960w, https:\/\/www.proma.com.br\/blog\/wp-content\/uploads\/2017\/08\/20-450x300.jpg 450w\" sizes=\"(max-width: 1000px) 100vw, 1000px\" \/><\/a><\/p>\n<p>Reformar e construir s\u00e3o duas coisas que, geralmente, causam arrepios. Concorda? Mas, com a ajuda certa, \u00e9 poss\u00edvel tirar essas tarefas de letra.<\/p>\n<p>A <strong>plataforma Arkpad<\/strong>\u00a0oferece uma variedade gigantesca de sugest\u00f5es para quem est\u00e1 em qualquer um desses of\u00edcios. De ideias t\u00e9cnicas e inspiracionais, at\u00e9 uma lista de arquitetos e decoradores, o portal pode ser o seu principal aliado do come\u00e7o ao fim da obra.<\/p>\n<p>O site \u00e9 dividido por categorias. Uma vez l\u00e1, acesse a aba \u201crefer\u00eancias\u201d e confira as sugest\u00f5es para o ambiente que procura. Tudo o que aparecer nos resultados faz parte de uma curadoria feita cuidadosamente por profissionais que entendem de tend\u00eancias e s\u00e3o apaixonados pelo universo de arquitetura e decora\u00e7\u00e3o. Ou seja, o conte\u00fado \u00e9 sempre atualizado de acordo com o que h\u00e1 de mais novo no setor.<\/p>\n<p>Depois de se inspirar com as refer\u00eancias de ambientes, \u00e9 chegada a hora de escolher as pe\u00e7as para cada espa\u00e7o. Para isso, basta acessar a aba \u201cprodutos\u201d e salvar os itens favoritos. O Arkpad divulga todas as informa\u00e7\u00f5es como os nomes de fornecedores, e tamb\u00e9m os materiais e tamanhos de cada artigo. Portanto, ap\u00f3s salv\u00e1-los, \u00e9 s\u00f3 entrar em contato com a loja e comprar.<\/p>\n<p><a href=\"http:\/\/www.proma.com.br\/blog\/wp-content\/uploads\/2017\/08\/211.jpg\"><img loading=\"lazy\" class=\"alignnone size-large wp-image-4976\" src=\"http:\/\/www.proma.com.br\/blog\/wp-content\/uploads\/2017\/08\/211-1024x576.jpg\" alt=\"21\" width=\"584\" height=\"328\" srcset=\"https:\/\/www.proma.com.br\/blog\/wp-content\/uploads\/2017\/08\/211-1024x576.jpg 1024w, https:\/\/www.proma.com.br\/blog\/wp-content\/uploads\/2017\/08\/211-960x540.jpg 960w, https:\/\/www.proma.com.br\/blog\/wp-content\/uploads\/2017\/08\/211-500x281.jpg 500w, https:\/\/www.proma.com.br\/blog\/wp-content\/uploads\/2017\/08\/211.jpg 1200w\" sizes=\"(max-width: 584px) 100vw, 584px\" \/><\/a><\/p>\n<p>Outra facilidade \u00e9 a pesquisa espec\u00edfica. Por exemplo, gosta da cor laranja e quer ver tudo o que est\u00e1 dispon\u00edvel por l\u00e1 neste tom? Digite o nome da cor na busca e tenha acesso (em segundos!) a in\u00fameros produtos e refer\u00eancias de ambientes relacionados a esta palavra-chave. Essa facilidade tamb\u00e9m est\u00e1 dentro da busca de produtos, em que \u00e9 poss\u00edvel filtrar por tipo de acabamento, largura, formato e outras vari\u00e1veis.<\/p>\n<p>O Arkpad disponibiliza ainda um cat\u00e1logo com profissionais de arquitetura, design de interiores e paisagismo de todo o Brasil. Clicando no nome de cada um ser\u00e1 poss\u00edvel encontrar o portf\u00f3lio, al\u00e9m de informa\u00e7\u00f5es de contato para solicita\u00e7\u00f5es de or\u00e7amentos e solu\u00e7\u00f5es de d\u00favidas.<\/p>\n<p>Quer resolver a sua obra inteira em um s\u00f3 lugar? Cadastre-se no Arkpad (<a href=\"https:\/\/www.arkpad.com.br\" target=\"_blank\">clique aqui<\/a>), encontre as suas composi\u00e7\u00f5es preferidas e inspire-se!<\/p>\n<p><strong>Fonte:<\/strong> <a href=\"https:\/\/goo.gl\/LtzkRF\" target=\"_blank\">Arquitetura e Constru\u00e7\u00e3o<\/a><\/p>\n","protected":false},"excerpt":{"rendered":"<p>Reformar e construir s\u00e3o duas coisas que, geralmente, causam arrepios. Concorda? Mas, com a ajuda certa, \u00e9 poss\u00edvel tirar essas tarefas de letra. A plataforma Arkpad\u00a0oferece uma variedade gigantesca de sugest\u00f5es para quem est\u00e1 em qualquer um desses of\u00edcios. De&hellip;<\/p>\n","protected":false},"author":2,"featured_media":4976,"comment_status":"open","ping_status":"closed","sticky":false,"template":"","format":"standard","meta":[],"categories":[1,2],"tags":[2829,2828,2827],"_links":{"self":[{"href":"https:\/\/www.proma.com.br\/blog\/wp-json\/wp\/v2\/posts\/4974"}],"collection":[{"href":"https:\/\/www.proma.com.br\/blog\/wp-json\/wp\/v2\/posts"}],"about":[{"href":"https:\/\/www.proma.com.br\/blog\/wp-json\/wp\/v2\/types\/post"}],"author":[{"embeddable":true,"href":"https:\/\/www.proma.com.br\/blog\/wp-json\/wp\/v2\/users\/2"}],"replies":[{"embeddable":true,"href":"https:\/\/www.proma.com.br\/blog\/wp-json\/wp\/v2\/comments?post=4974"}],"version-history":[{"count":3,"href":"https:\/\/www.proma.com.br\/blog\/wp-json\/wp\/v2\/posts\/4974\/revisions"}],"predecessor-version":[{"id":5106,"href":"https:\/\/www.proma.com.br\/blog\/wp-json\/wp\/v2\/posts\/4974\/revisions\/5106"}],"wp:featuredmedia":[{"embeddable":true,"href":"https:\/\/www.proma.com.br\/blog\/wp-json\/wp\/v2\/media\/4976"}],"wp:attachment":[{"href":"https:\/\/www.proma.com.br\/blog\/wp-json\/wp\/v2\/media?parent=4974"}],"wp:term":[{"taxonomy":"category","embeddable":true,"href":"https:\/\/www.proma.com.br\/blog\/wp-json\/wp\/v2\/categories?post=4974"},{"taxonomy":"post_tag","embeddable":true,"href":"https:\/\/www.proma.com.br\/blog\/wp-json\/wp\/v2\/tags?post=4974"}],"curies":[{"name":"wp","href":"https:\/\/api.w.org\/{rel}","templated":true}]}}