{"id":4992,"date":"2017-09-05T09:00:38","date_gmt":"2017-09-05T12:00:38","guid":{"rendered":"http:\/\/www.proma.com.br\/blog\/?p=4992"},"modified":"2017-09-04T20:50:01","modified_gmt":"2017-09-04T23:50:01","slug":"proma-realiza-a-solenidade-de-entrega-da-torre-artico-do-condominio-das-aguas","status":"publish","type":"post","link":"https:\/\/www.proma.com.br\/blog\/proma-realiza-a-solenidade-de-entrega-da-torre-artico-do-condominio-das-aguas\/","title":{"rendered":"Proma realiza a solenidade de entrega da Torre \u00c1rtico do Condom\u00ednio das \u00c1guas"},"content":{"rendered":"<p style=\"text-align: center;\"><em>A segunda parte do empreendimento concretiza o sonho da casa pr\u00f3pria<br \/>\n<\/em><em>para mais 80 fam\u00edlias<\/em><\/p>\n<p style=\"text-align: center;\"><a href=\"http:\/\/www.proma.com.br\/blog\/wp-content\/uploads\/2017\/09\/WeArt-19562.jpg\"><img loading=\"lazy\" class=\"alignnone size-large wp-image-5005\" src=\"http:\/\/www.proma.com.br\/blog\/wp-content\/uploads\/2017\/09\/WeArt-19562-1024x682.jpg\" alt=\"WeArt-19562\" width=\"584\" height=\"388\" srcset=\"https:\/\/www.proma.com.br\/blog\/wp-content\/uploads\/2017\/09\/WeArt-19562-1024x682.jpg 1024w, https:\/\/www.proma.com.br\/blog\/wp-content\/uploads\/2017\/09\/WeArt-19562-960x640.jpg 960w, https:\/\/www.proma.com.br\/blog\/wp-content\/uploads\/2017\/09\/WeArt-19562.jpg 1600w\" sizes=\"(max-width: 584px) 100vw, 584px\" \/><\/a><\/p>\n<p>Acreditar. Buscar. Realizar sonhos. Mais do que isso, sonhar junto. Essa \u00e9 a miss\u00e3o da Proma Constru\u00e7\u00f5es e Neg\u00f3cios, que realizou no dia 02 de setembro de 2017 a solenidade de entrega da Torre \u00c1rtico do Condom\u00ednio das \u00c1guas. \u201cA cada t\u00e9rmino de um empreendimento n\u00f3s renovamos o sentimento de miss\u00e3o cumprida e, quando conseguimos ver o brilho de satisfa\u00e7\u00e3o no olhar de cada morador, n\u00f3s sabemos que estamos no caminho certo. N\u00f3s n\u00e3o desejamos entregar apenas uma moradia, mas tamb\u00e9m felicidade\u201d, afirma Paulo Obenaus, diretor da Proma.<\/p>\n<p><a href=\"http:\/\/www.proma.com.br\/blog\/wp-content\/uploads\/2017\/09\/WeArt-19214.jpg\"><img loading=\"lazy\" class=\"alignnone size-large wp-image-4994\" src=\"http:\/\/www.proma.com.br\/blog\/wp-content\/uploads\/2017\/09\/WeArt-19214-1024x682.jpg\" alt=\"WeArt-19214\" width=\"584\" height=\"388\" srcset=\"https:\/\/www.proma.com.br\/blog\/wp-content\/uploads\/2017\/09\/WeArt-19214-1024x682.jpg 1024w, https:\/\/www.proma.com.br\/blog\/wp-content\/uploads\/2017\/09\/WeArt-19214-960x640.jpg 960w, https:\/\/www.proma.com.br\/blog\/wp-content\/uploads\/2017\/09\/WeArt-19214.jpg 1600w\" sizes=\"(max-width: 584px) 100vw, 584px\" \/><\/a><\/p>\n<p>O evento acontece no ano em que a Proma comemora 25 anos oferecendo solu\u00e7\u00f5es construtivas com qualidade, seguran\u00e7a e inova\u00e7\u00e3o. \u201cA segunda parte do empreendimento, assim como a primeira \u2013 Torre Pac\u00edfico, que foi finalizada em janeiro desse ano \u2013, est\u00e1 sendo entregue com todos os apartamentos vendidos. Isso significa que s\u00f3 em 2017, e se considerarmos apenas o Condom\u00ednio das \u00c1guas, n\u00f3s concretizamos o sonho da casa pr\u00f3pria para 160 fam\u00edlias. S\u00e3o n\u00fameros de uma hist\u00f3ria que nos enche de alegria e orgulho\u201d, enfatiza Obenaus.<\/p>\n<p><a href=\"http:\/\/www.proma.com.br\/blog\/wp-content\/uploads\/2017\/09\/WeArt-19209.jpg\"><img loading=\"lazy\" class=\"alignnone size-large wp-image-4993\" src=\"http:\/\/www.proma.com.br\/blog\/wp-content\/uploads\/2017\/09\/WeArt-19209-1024x682.jpg\" alt=\"WeArt-19209\" width=\"584\" height=\"388\" srcset=\"https:\/\/www.proma.com.br\/blog\/wp-content\/uploads\/2017\/09\/WeArt-19209-1024x682.jpg 1024w, https:\/\/www.proma.com.br\/blog\/wp-content\/uploads\/2017\/09\/WeArt-19209-960x640.jpg 960w, https:\/\/www.proma.com.br\/blog\/wp-content\/uploads\/2017\/09\/WeArt-19209.jpg 1600w\" sizes=\"(max-width: 584px) 100vw, 584px\" \/><\/a><\/p>\n<p>O Condom\u00ednio das \u00c1guas, que \u00e9 composto por tr\u00eas torres, ser\u00e1 finalizado com a entrega da Torre \u00cdndico, cujas obras est\u00e3o previstas para terminar em novembro de 2018. \u201cEu estou muito orgulhoso de entregar mais uma etapa do Condom\u00ednio das \u00c1guas, um empreendimento que, mesmo com limites or\u00e7ament\u00e1rios estabelecidos pelo programa Minha Casa, Minha Vida, consegue oferecer diferenciais que tornam cada um desses apartamentos ainda mais atrativo. A Proma foge do conceito de moradia econ\u00f4mica para reafirmar a cada morador a certeza de momentos plenos de felicidade em uma obra que tem qualidade e amor\u201d, destaca Obenaus.<\/p>\n<p><a href=\"http:\/\/www.proma.com.br\/blog\/wp-content\/uploads\/2017\/09\/WeArt-19225.jpg\"><img loading=\"lazy\" class=\"alignnone size-large wp-image-4995\" src=\"http:\/\/www.proma.com.br\/blog\/wp-content\/uploads\/2017\/09\/WeArt-19225-1024x682.jpg\" alt=\"WeArt-19225\" width=\"584\" height=\"388\" srcset=\"https:\/\/www.proma.com.br\/blog\/wp-content\/uploads\/2017\/09\/WeArt-19225-1024x682.jpg 1024w, https:\/\/www.proma.com.br\/blog\/wp-content\/uploads\/2017\/09\/WeArt-19225-960x640.jpg 960w, https:\/\/www.proma.com.br\/blog\/wp-content\/uploads\/2017\/09\/WeArt-19225.jpg 1600w\" sizes=\"(max-width: 584px) 100vw, 584px\" \/><\/a><\/p>\n<p><strong>Condom\u00ednios residenciais no bairro Jo\u00e3o Pessoa<\/strong><\/p>\n<p>O Condom\u00ednio das \u00c1guas faz parte de um projeto que contempla mais tr\u00eas condom\u00ednios residenciais \u2013 das Pedras (finalizado em novembro de 2011), das \u00c1rvores (finalizado em julho de 2013) e das Flores (ainda em fase de planejamento) \u2013 que ir\u00e3o atender, aproximadamente, mil fam\u00edlias. \u201cCada empreendimento \u00e9 \u00fanico e nos enche de aprendizados. \u00c9 por essa raz\u00e3o que os nossos processos construtivos s\u00e3o aprimorados constantemente. O Condom\u00ednio das \u00c1rvores virou modelo para o das Pedras. O das Pedras nos indicou melhorias para o das \u00c1guas \u2013 \u00e9 uma evolu\u00e7\u00e3o gradual de uma empresa que tem a humildade de estar sempre aprendendo\u201d, ressalta Obenaus.<\/p>\n<p><a href=\"http:\/\/www.proma.com.br\/blog\/wp-content\/uploads\/2017\/09\/WeArt-19253.jpg\"><img loading=\"lazy\" class=\"alignnone size-large wp-image-4998\" src=\"http:\/\/www.proma.com.br\/blog\/wp-content\/uploads\/2017\/09\/WeArt-19253-1024x682.jpg\" alt=\"WeArt-19253\" width=\"584\" height=\"388\" srcset=\"https:\/\/www.proma.com.br\/blog\/wp-content\/uploads\/2017\/09\/WeArt-19253-1024x682.jpg 1024w, https:\/\/www.proma.com.br\/blog\/wp-content\/uploads\/2017\/09\/WeArt-19253-960x640.jpg 960w, https:\/\/www.proma.com.br\/blog\/wp-content\/uploads\/2017\/09\/WeArt-19253.jpg 1600w\" sizes=\"(max-width: 584px) 100vw, 584px\" \/><\/a><\/p>\n<p>O alicerce de todos esses empreendimentos est\u00e1 na uni\u00e3o de inten\u00e7\u00f5es \u2013 por parte da WPA Participa\u00e7\u00f5es, que tem como prop\u00f3sito oportunizar moradia pr\u00f3pria e acess\u00edvel para os colaboradores da WEG; da Prefeitura Municipal de Jaragu\u00e1 do Sul, por meio do programa de benef\u00edcios para projetos de cunho social; da Caixa Econ\u00f4mica Federal, que possibilita o acesso ao cr\u00e9dito subsidiado com taxas de juros atraentes e, por fim, da construtora, que produz im\u00f3veis de baixo custo, mas com garantia t\u00e9cnica, qualidade e confiabilidade.<\/p>\n<p>Para Edilson Rocha, Gerente Regional para a Constru\u00e7\u00e3o Civil da Caixa Econ\u00f4mica Federal, a Proma \u00e9 reconhecida em Santa Catarina pela confian\u00e7a que oferece aos clientes e pela qualidade das obras. \u201cEsse dia foi t\u00e3o esperado por essas fam\u00edlias que nos enche de orgulho participar dessa solenidade. N\u00f3s parabenizamos a Proma pelo capricho e dedica\u00e7\u00e3o com todas as constru\u00e7\u00f5es. S\u00f3 podemos agradecer o empenho que a construtora tem com a Caixa e com cada morador que, hoje, realiza o sonho da casa pr\u00f3pria \u2013 isso porque n\u00f3s n\u00e3o assinamos apenas um contrato, n\u00f3s participamos da realiza\u00e7\u00e3o de projetos de vida\u201d, afirma Rocha.<\/p>\n<p><a href=\"http:\/\/www.proma.com.br\/blog\/wp-content\/uploads\/2017\/09\/WeArt-19280.jpg\"><img loading=\"lazy\" class=\"alignnone size-large wp-image-4999\" src=\"http:\/\/www.proma.com.br\/blog\/wp-content\/uploads\/2017\/09\/WeArt-19280-1024x682.jpg\" alt=\"WeArt-19280\" width=\"584\" height=\"388\" srcset=\"https:\/\/www.proma.com.br\/blog\/wp-content\/uploads\/2017\/09\/WeArt-19280-1024x682.jpg 1024w, https:\/\/www.proma.com.br\/blog\/wp-content\/uploads\/2017\/09\/WeArt-19280-960x640.jpg 960w, https:\/\/www.proma.com.br\/blog\/wp-content\/uploads\/2017\/09\/WeArt-19280.jpg 1600w\" sizes=\"(max-width: 584px) 100vw, 584px\" \/><\/a><\/p>\n<p><strong>Condom\u00ednio das \u00c1guas: diferenciais que conquistam<\/strong><\/p>\n<p>Conviv\u00eancia, integra\u00e7\u00e3o, harmonia, seguran\u00e7a, praticidade, aconchego. Morar bem. O Condom\u00ednio das \u00c1guas, que est\u00e1 localizado na rua Arthur Gon\u00e7alves de Ara\u00fajo, no bairro Jo\u00e3o Pessoa, \u00e9 o primeiro empreendimento da Proma a oferecer pelo programa Minha Casa, Minha Vida op\u00e7\u00f5es de apartamentos com tr\u00eas dormit\u00f3rios, al\u00e9m de sacada, churrasqueira, garagem coberta e dois elevadores.<\/p>\n<p>O projeto arquitet\u00f4nico, assinado pela arquiteta Caroline Obenaus, tamb\u00e9m contemplou pontos de ar condicionado nos quartos e na sala, sendo que as condensadoras ficam em uma laje espec\u00edfica, al\u00e9m de infraestrutura de cabo de fibra \u00f3tica para internet, telefone, antena parab\u00f3lica e TV por assinatura. J\u00e1 nos espa\u00e7os externos os moradores das tr\u00eas torres contar\u00e3o com trilha de caminhada, pra\u00e7a com <em>playground,<\/em> quiosque, dois sal\u00f5es de festas com churrasqueira mobiliados e equipados, quadra esportiva de areia e porteiro eletr\u00f4nico.<\/p>\n<p><a href=\"http:\/\/www.proma.com.br\/blog\/wp-content\/uploads\/2017\/09\/WeArt-19367.jpg\"><img loading=\"lazy\" class=\"alignnone size-large wp-image-5002\" src=\"http:\/\/www.proma.com.br\/blog\/wp-content\/uploads\/2017\/09\/WeArt-19367-1024x682.jpg\" alt=\"WeArt-19367\" width=\"584\" height=\"388\" srcset=\"https:\/\/www.proma.com.br\/blog\/wp-content\/uploads\/2017\/09\/WeArt-19367-1024x682.jpg 1024w, https:\/\/www.proma.com.br\/blog\/wp-content\/uploads\/2017\/09\/WeArt-19367-960x640.jpg 960w, https:\/\/www.proma.com.br\/blog\/wp-content\/uploads\/2017\/09\/WeArt-19367.jpg 1600w\" sizes=\"(max-width: 584px) 100vw, 584px\" \/><\/a> <a href=\"http:\/\/www.proma.com.br\/blog\/wp-content\/uploads\/2017\/09\/WeArt-19370.jpg\"><img loading=\"lazy\" class=\"alignnone size-large wp-image-5003\" src=\"http:\/\/www.proma.com.br\/blog\/wp-content\/uploads\/2017\/09\/WeArt-19370-1024x682.jpg\" alt=\"WeArt-19370\" width=\"584\" height=\"388\" srcset=\"https:\/\/www.proma.com.br\/blog\/wp-content\/uploads\/2017\/09\/WeArt-19370-1024x682.jpg 1024w, https:\/\/www.proma.com.br\/blog\/wp-content\/uploads\/2017\/09\/WeArt-19370-960x640.jpg 960w, https:\/\/www.proma.com.br\/blog\/wp-content\/uploads\/2017\/09\/WeArt-19370.jpg 1600w\" sizes=\"(max-width: 584px) 100vw, 584px\" \/><\/a><\/p>\n<p>A sustentabilidade, caracter\u00edstica intr\u00ednseca \u00e0 marca Proma, se faz presente por meio dos espa\u00e7os para coleta seletiva de lixo, dos biciclet\u00e1rios, das l\u00e2mpadas de LED na \u00e1rea externa da torre e do aproveitamento da \u00e1gua da chuva para a manuten\u00e7\u00e3o da horta e do jardim. \u201cDepois de muitos estudos, outro destaque do empreendimento \u00e9 a disposi\u00e7\u00e3o das torres. Como elas n\u00e3o est\u00e3o alinhadas, a privacidade dos moradores fica preservada. \u00c9 importante enfatizar, ainda, que todos os apartamentos possuem ventila\u00e7\u00e3o e ilumina\u00e7\u00e3o natural em todos os ambientes\u201d, ressalta a arquiteta Caroline.<\/p>\n<p>Paulo Obenaus tamb\u00e9m enfatiza que faz parte da miss\u00e3o da Proma oferecer uma solu\u00e7\u00e3o de moradia completa do projeto \u00e0 entrega do apartamento e, por essa raz\u00e3o, as escrituras das Torres Pac\u00edfico e \u00c1rtico do Condom\u00ednio das \u00c1guas foram realizadas de forma facilitada e desburocratizada. \u201cO nosso compromisso com o adquirente de um im\u00f3vel termina na emiss\u00e3o da certid\u00e3o do Habite-se, mas n\u00f3s estamos sempre preocupados com a harmonia, o respeito e a organiza\u00e7\u00e3o da vida em condom\u00ednio. Por isso, n\u00f3s vamos al\u00e9m para que o morador possa ser plenamente feliz com a aquisi\u00e7\u00e3o de um im\u00f3vel Proma\u201d, finaliza Obenaus.<\/p>\n<p><strong>CONDOM\u00cdNIO DAS \u00c1GUAS | EQUIPE T\u00c9CNICA<\/strong><\/p>\n<p><strong>Respons\u00e1vel pela execu\u00e7\u00e3o da obra:<\/strong> Engenheiros Roberto Reis e Jo\u00e3o Guilherme Izidoro<br \/>\n<strong>Projeto arquitet\u00f4nico e apartamento decorado:<\/strong> Arquiteta Caroline Obenaus<br \/>\n<strong>Projeto estrutural:<\/strong> Engenheiro Fernando Rafael Hollerweger<br \/>\n<strong>Projeto hidrossanit\u00e1rio e preventivo:<\/strong> Engenheiro Vilson Ferreira<br \/>\n<strong>Projeto el\u00e9trico, telef\u00f4nico e el\u00e9trico-preventivo: <\/strong>Engenheiro Jos\u00e9 Alexandre Antunes<br \/>\n<strong>Projeto de climatiza\u00e7\u00e3o:<\/strong> Engenheiro Euclides Morales de Britto<\/p>\n<p><a href=\"http:\/\/www.proma.com.br\/blog\/wp-content\/uploads\/2017\/09\/WeArt-19330.jpg\"><img loading=\"lazy\" class=\"alignnone size-large wp-image-5000\" src=\"http:\/\/www.proma.com.br\/blog\/wp-content\/uploads\/2017\/09\/WeArt-19330-1024x682.jpg\" alt=\"WeArt-19330\" width=\"584\" height=\"388\" srcset=\"https:\/\/www.proma.com.br\/blog\/wp-content\/uploads\/2017\/09\/WeArt-19330-1024x682.jpg 1024w, https:\/\/www.proma.com.br\/blog\/wp-content\/uploads\/2017\/09\/WeArt-19330-960x640.jpg 960w, https:\/\/www.proma.com.br\/blog\/wp-content\/uploads\/2017\/09\/WeArt-19330.jpg 1600w\" sizes=\"(max-width: 584px) 100vw, 584px\" \/><\/a> <a href=\"http:\/\/www.proma.com.br\/blog\/wp-content\/uploads\/2017\/09\/WeArt-19338.jpg\"><img loading=\"lazy\" class=\"alignnone size-large wp-image-5001\" src=\"http:\/\/www.proma.com.br\/blog\/wp-content\/uploads\/2017\/09\/WeArt-19338-1024x682.jpg\" alt=\"WeArt-19338\" width=\"584\" height=\"388\" srcset=\"https:\/\/www.proma.com.br\/blog\/wp-content\/uploads\/2017\/09\/WeArt-19338-1024x682.jpg 1024w, https:\/\/www.proma.com.br\/blog\/wp-content\/uploads\/2017\/09\/WeArt-19338-960x640.jpg 960w, https:\/\/www.proma.com.br\/blog\/wp-content\/uploads\/2017\/09\/WeArt-19338.jpg 1600w\" sizes=\"(max-width: 584px) 100vw, 584px\" \/><\/a><\/p>\n<p><strong>Novos empreendimentos Proma<\/strong><\/p>\n<p>A Proma \u00e9 movida a desafios e est\u00e1 sempre pensando em atender todos os perfis de clientes. Por essa raz\u00e3o, dentro do planejamento da construtora para Jaragu\u00e1 do Sul, est\u00e1 prevista a constru\u00e7\u00e3o de um novo empreendimento pelo programa Minha Casa, Minha Vida, que estar\u00e1 localizado no bairro Vila Rau (pr\u00f3ximo \u00e0 universidade Cat\u00f3lica SC). As obras do edif\u00edcio, que contempla 80 apartamentos, dever\u00e3o iniciar no primeiro semestre de 2018.<\/p>\n<p>No pr\u00f3ximo ano, tamb\u00e9m ser\u00e1 lan\u00e7ado um novo edif\u00edcio com 70 apartamentos de dois ou tr\u00eas quartos, com possibilidade de personaliza\u00e7\u00e3o dos ambientes. O projeto, que est\u00e1 em fase final de aprova\u00e7\u00e3o junto \u00e0 Prefeitura Municipal de Jaragu\u00e1 do Sul, contemplar\u00e1 estrutura de lazer (incluindo piscina) e duas vagas de garagem.<\/p>\n<p>Em fase de planejamento encontra-se o Condom\u00ednio das Flores, que \u00e9 a quarta e \u00faltima etapa do conjunto habitacional do bairro Jo\u00e3o Pessoa.<\/p>\n<p>Al\u00e9m da Torre \u00cdndico do Condom\u00ednio das \u00c1guas, tamb\u00e9m est\u00e1 em constru\u00e7\u00e3o e com entrega marcada para 2018, o Lumina Residence, empreendimento de alto padr\u00e3o que est\u00e1 localizado no bairro Vila Nova.<\/p>\n<p>&#8212;<\/p>\n<p><strong>Fotos:<\/strong> WeArt<\/p>\n<p><a href=\"http:\/\/www.proma.com.br\/blog\/wp-content\/uploads\/2017\/09\/WeArt-19228.jpg\"><img loading=\"lazy\" class=\"alignnone size-large wp-image-4996\" src=\"http:\/\/www.proma.com.br\/blog\/wp-content\/uploads\/2017\/09\/WeArt-19228-1024x682.jpg\" alt=\"WeArt-19228\" width=\"584\" height=\"388\" srcset=\"https:\/\/www.proma.com.br\/blog\/wp-content\/uploads\/2017\/09\/WeArt-19228-1024x682.jpg 1024w, https:\/\/www.proma.com.br\/blog\/wp-content\/uploads\/2017\/09\/WeArt-19228-960x640.jpg 960w, https:\/\/www.proma.com.br\/blog\/wp-content\/uploads\/2017\/09\/WeArt-19228.jpg 1600w\" sizes=\"(max-width: 584px) 100vw, 584px\" \/><\/a> <a href=\"http:\/\/www.proma.com.br\/blog\/wp-content\/uploads\/2017\/09\/WeArt-19243.jpg\"><img loading=\"lazy\" class=\"alignnone size-large wp-image-4997\" src=\"http:\/\/www.proma.com.br\/blog\/wp-content\/uploads\/2017\/09\/WeArt-19243-1024x1535.jpg\" alt=\"WeArt-19243\" width=\"584\" height=\"875\" srcset=\"https:\/\/www.proma.com.br\/blog\/wp-content\/uploads\/2017\/09\/WeArt-19243-1024x1535.jpg 1024w, https:\/\/www.proma.com.br\/blog\/wp-content\/uploads\/2017\/09\/WeArt-19243-960x1439.jpg 960w, https:\/\/www.proma.com.br\/blog\/wp-content\/uploads\/2017\/09\/WeArt-19243-200x300.jpg 200w, https:\/\/www.proma.com.br\/blog\/wp-content\/uploads\/2017\/09\/WeArt-19243.jpg 1067w\" sizes=\"(max-width: 584px) 100vw, 584px\" \/><\/a><a href=\"http:\/\/www.proma.com.br\/blog\/wp-content\/uploads\/2017\/09\/WeArt-19503.jpg\"><img loading=\"lazy\" class=\"alignnone size-large wp-image-5004\" src=\"http:\/\/www.proma.com.br\/blog\/wp-content\/uploads\/2017\/09\/WeArt-19503-1024x1535.jpg\" alt=\"WeArt-19503\" width=\"584\" height=\"875\" srcset=\"https:\/\/www.proma.com.br\/blog\/wp-content\/uploads\/2017\/09\/WeArt-19503-1024x1535.jpg 1024w, https:\/\/www.proma.com.br\/blog\/wp-content\/uploads\/2017\/09\/WeArt-19503-960x1439.jpg 960w, https:\/\/www.proma.com.br\/blog\/wp-content\/uploads\/2017\/09\/WeArt-19503-200x300.jpg 200w, https:\/\/www.proma.com.br\/blog\/wp-content\/uploads\/2017\/09\/WeArt-19503.jpg 1067w\" sizes=\"(max-width: 584px) 100vw, 584px\" \/><\/a><a href=\"http:\/\/www.proma.com.br\/blog\/wp-content\/uploads\/2017\/09\/WeArt-19537.jpg\"><img loading=\"lazy\" class=\"alignnone size-large wp-image-5006\" src=\"http:\/\/www.proma.com.br\/blog\/wp-content\/uploads\/2017\/09\/WeArt-19537-1024x682.jpg\" alt=\"WeArt-19537\" width=\"584\" height=\"388\" srcset=\"https:\/\/www.proma.com.br\/blog\/wp-content\/uploads\/2017\/09\/WeArt-19537-1024x682.jpg 1024w, https:\/\/www.proma.com.br\/blog\/wp-content\/uploads\/2017\/09\/WeArt-19537-960x640.jpg 960w, https:\/\/www.proma.com.br\/blog\/wp-content\/uploads\/2017\/09\/WeArt-19537.jpg 1600w\" sizes=\"(max-width: 584px) 100vw, 584px\" \/><\/a><a href=\"http:\/\/www.proma.com.br\/blog\/wp-content\/uploads\/2017\/09\/WeArt-19549.jpg\"><img loading=\"lazy\" class=\"alignnone size-large wp-image-5008\" src=\"http:\/\/www.proma.com.br\/blog\/wp-content\/uploads\/2017\/09\/WeArt-19549-1024x1535.jpg\" alt=\"WeArt-19549\" width=\"584\" height=\"875\" srcset=\"https:\/\/www.proma.com.br\/blog\/wp-content\/uploads\/2017\/09\/WeArt-19549-1024x1535.jpg 1024w, https:\/\/www.proma.com.br\/blog\/wp-content\/uploads\/2017\/09\/WeArt-19549-960x1439.jpg 960w, https:\/\/www.proma.com.br\/blog\/wp-content\/uploads\/2017\/09\/WeArt-19549-200x300.jpg 200w, https:\/\/www.proma.com.br\/blog\/wp-content\/uploads\/2017\/09\/WeArt-19549.jpg 1067w\" sizes=\"(max-width: 584px) 100vw, 584px\" \/><\/a><\/p>\n<p>&nbsp;<\/p>\n","protected":false},"excerpt":{"rendered":"<p>A segunda parte do empreendimento concretiza o sonho da casa pr\u00f3pria para mais 80 fam\u00edlias Acreditar. Buscar. Realizar sonhos. Mais do que isso, sonhar junto. Essa \u00e9 a miss\u00e3o da Proma Constru\u00e7\u00f5es e Neg\u00f3cios, que realizou no dia 02 de&hellip;<\/p>\n","protected":false},"author":2,"featured_media":5005,"comment_status":"open","ping_status":"closed","sticky":false,"template":"","format":"standard","meta":[],"categories":[1,4,3],"tags":[171,2840,2348,2839,2837,695,893,902,2838,2841,2812],"_links":{"self":[{"href":"https:\/\/www.proma.com.br\/blog\/wp-json\/wp\/v2\/posts\/4992"}],"collection":[{"href":"https:\/\/www.proma.com.br\/blog\/wp-json\/wp\/v2\/posts"}],"about":[{"href":"https:\/\/www.proma.com.br\/blog\/wp-json\/wp\/v2\/types\/post"}],"author":[{"embeddable":true,"href":"https:\/\/www.proma.com.br\/blog\/wp-json\/wp\/v2\/users\/2"}],"replies":[{"embeddable":true,"href":"https:\/\/www.proma.com.br\/blog\/wp-json\/wp\/v2\/comments?post=4992"}],"version-history":[{"count":1,"href":"https:\/\/www.proma.com.br\/blog\/wp-json\/wp\/v2\/posts\/4992\/revisions"}],"predecessor-version":[{"id":5009,"href":"https:\/\/www.proma.com.br\/blog\/wp-json\/wp\/v2\/posts\/4992\/revisions\/5009"}],"wp:featuredmedia":[{"embeddable":true,"href":"https:\/\/www.proma.com.br\/blog\/wp-json\/wp\/v2\/media\/5005"}],"wp:attachment":[{"href":"https:\/\/www.proma.com.br\/blog\/wp-json\/wp\/v2\/media?parent=4992"}],"wp:term":[{"taxonomy":"category","embeddable":true,"href":"https:\/\/www.proma.com.br\/blog\/wp-json\/wp\/v2\/categories?post=4992"},{"taxonomy":"post_tag","embeddable":true,"href":"https:\/\/www.proma.com.br\/blog\/wp-json\/wp\/v2\/tags?post=4992"}],"curies":[{"name":"wp","href":"https:\/\/api.w.org\/{rel}","templated":true}]}}