{"id":5137,"date":"2018-05-01T15:01:59","date_gmt":"2018-05-01T18:01:59","guid":{"rendered":"http:\/\/www.proma.com.br\/blog\/?p=5137"},"modified":"2017-12-16T22:43:16","modified_gmt":"2017-12-17T01:43:16","slug":"bonito-o-ano-inteiro-10-plantas-para-cobrir-o-pergolado","status":"publish","type":"post","link":"https:\/\/www.proma.com.br\/blog\/bonito-o-ano-inteiro-10-plantas-para-cobrir-o-pergolado\/","title":{"rendered":"BONITO O ANO INTEIRO: 10 PLANTAS PARA COBRIR O PERGOLADO"},"content":{"rendered":"<p>Voc\u00ea tem um pergolado em casa, mas n\u00e3o sabe qual \u00e9 a melhor planta para deix\u00e1-lo bonito, perfumado e bem coberto o ano inteiro? Para ajudar voc\u00ea nessa miss\u00e3o, n\u00f3s separamos uma sele\u00e7\u00e3o com dez esp\u00e9cies.<\/p>\n<p>Confira a seguir:<\/p>\n<p><a href=\"http:\/\/www.proma.com.br\/blog\/wp-content\/uploads\/2017\/10\/06.jpg\"><img loading=\"lazy\" class=\"alignnone size-full wp-image-5138\" src=\"http:\/\/www.proma.com.br\/blog\/wp-content\/uploads\/2017\/10\/06.jpg\" alt=\"06\" width=\"700\" height=\"461\" srcset=\"https:\/\/www.proma.com.br\/blog\/wp-content\/uploads\/2017\/10\/06.jpg 700w, https:\/\/www.proma.com.br\/blog\/wp-content\/uploads\/2017\/10\/06-455x300.jpg 455w\" sizes=\"(max-width: 700px) 100vw, 700px\" \/><\/a><\/p>\n<p>1. As flores azuladas da tumb\u00e9rgia surgem o ano todo, principalmente na temporada de calor. Ela gosta de meia-sombra e sol pleno.<\/p>\n<p><a href=\"http:\/\/www.proma.com.br\/blog\/wp-content\/uploads\/2017\/12\/1.jpg\"><img loading=\"lazy\" class=\"alignnone size-full wp-image-5271\" src=\"http:\/\/www.proma.com.br\/blog\/wp-content\/uploads\/2017\/12\/1.jpg\" alt=\"1\" width=\"800\" height=\"571\" srcset=\"https:\/\/www.proma.com.br\/blog\/wp-content\/uploads\/2017\/12\/1.jpg 800w, https:\/\/www.proma.com.br\/blog\/wp-content\/uploads\/2017\/12\/1-420x300.jpg 420w\" sizes=\"(max-width: 800px) 100vw, 800px\" \/><\/a><\/p>\n<p>2. A folhagem do maracuj\u00e1 cresce vigorosa, por\u00e9m os frutos v\u00eam apenas se houver outro p\u00e9 nos arredores (para que ocorra a poliniza\u00e7\u00e3o). Borboletas adoram a esp\u00e9cie.<\/p>\n<p><a href=\"http:\/\/www.proma.com.br\/blog\/wp-content\/uploads\/2017\/12\/2.jpg\"><img loading=\"lazy\" class=\"alignnone size-full wp-image-5272\" src=\"http:\/\/www.proma.com.br\/blog\/wp-content\/uploads\/2017\/12\/2.jpg\" alt=\"2\" width=\"1024\" height=\"772\" srcset=\"https:\/\/www.proma.com.br\/blog\/wp-content\/uploads\/2017\/12\/2.jpg 1024w, https:\/\/www.proma.com.br\/blog\/wp-content\/uploads\/2017\/12\/2-960x723.jpg 960w, https:\/\/www.proma.com.br\/blog\/wp-content\/uploads\/2017\/12\/2-397x300.jpg 397w\" sizes=\"(max-width: 1024px) 100vw, 1024px\" \/><\/a><\/p>\n<p>3. Por causa dos ramos pesados, melhor conduzir a alamanda em estruturas robustas. Os bot\u00f5es amarelos aparecem v\u00e1rias vezes ao longo do ano, ainda mais em locais quentes.<\/p>\n<p><a href=\"http:\/\/www.proma.com.br\/blog\/wp-content\/uploads\/2017\/12\/3.jpg\"><img loading=\"lazy\" class=\"alignnone size-large wp-image-5273\" src=\"http:\/\/www.proma.com.br\/blog\/wp-content\/uploads\/2017\/12\/3-1024x682.jpg\" alt=\"3\" width=\"584\" height=\"388\" srcset=\"https:\/\/www.proma.com.br\/blog\/wp-content\/uploads\/2017\/12\/3-1024x682.jpg 1024w, https:\/\/www.proma.com.br\/blog\/wp-content\/uploads\/2017\/12\/3-960x640.jpg 960w, https:\/\/www.proma.com.br\/blog\/wp-content\/uploads\/2017\/12\/3-450x300.jpg 450w, https:\/\/www.proma.com.br\/blog\/wp-content\/uploads\/2017\/12\/3.jpg 1200w\" sizes=\"(max-width: 584px) 100vw, 584px\" \/><\/a><\/p>\n<p>4. Origin\u00e1rio da \u00c1frica, o jasmim-dos-a\u00e7ores exala um perfume mais forte que o das esp\u00e9cies americanas. Aprecia sol pleno ou meia-sombra e vai bem no litoral.<\/p>\n<p><a href=\"http:\/\/www.proma.com.br\/blog\/wp-content\/uploads\/2017\/12\/4.jpg\"><img loading=\"lazy\" class=\"alignnone size-large wp-image-5274\" src=\"http:\/\/www.proma.com.br\/blog\/wp-content\/uploads\/2017\/12\/4-1024x537.jpg\" alt=\"4\" width=\"584\" height=\"306\" srcset=\"https:\/\/www.proma.com.br\/blog\/wp-content\/uploads\/2017\/12\/4-1024x537.jpg 1024w, https:\/\/www.proma.com.br\/blog\/wp-content\/uploads\/2017\/12\/4-960x504.jpg 960w, https:\/\/www.proma.com.br\/blog\/wp-content\/uploads\/2017\/12\/4-500x262.jpg 500w, https:\/\/www.proma.com.br\/blog\/wp-content\/uploads\/2017\/12\/4.jpg 1200w\" sizes=\"(max-width: 584px) 100vw, 584px\" \/><\/a><\/p>\n<p>5. Sens\u00edvel a lugares frios, a l\u00e1grima-de-cristo demora um pouco a crescer, mas o ritmo acelera sob sol pleno. Atrai as raras abelhas mamangavas.<\/p>\n<p><a href=\"http:\/\/www.proma.com.br\/blog\/wp-content\/uploads\/2017\/12\/5.jpg\"><img loading=\"lazy\" class=\"alignnone size-full wp-image-5275\" src=\"http:\/\/www.proma.com.br\/blog\/wp-content\/uploads\/2017\/12\/5.jpg\" alt=\"5\" width=\"500\" height=\"333\" srcset=\"https:\/\/www.proma.com.br\/blog\/wp-content\/uploads\/2017\/12\/5.jpg 500w, https:\/\/www.proma.com.br\/blog\/wp-content\/uploads\/2017\/12\/5-450x300.jpg 450w\" sizes=\"(max-width: 500px) 100vw, 500px\" \/><\/a><\/p>\n<p>6. A diplad\u00eania (ou mandevila, como tamb\u00e9m \u00e9 conhecida) prefere clima quente e floresce rapidamente. \u00d3tima para o litoral, tem ramos leves.<\/p>\n<p><a href=\"http:\/\/www.proma.com.br\/blog\/wp-content\/uploads\/2017\/12\/6.jpg\"><img loading=\"lazy\" class=\"alignnone size-full wp-image-5276\" src=\"http:\/\/www.proma.com.br\/blog\/wp-content\/uploads\/2017\/12\/6.jpg\" alt=\"6\" width=\"1000\" height=\"634\" srcset=\"https:\/\/www.proma.com.br\/blog\/wp-content\/uploads\/2017\/12\/6.jpg 1000w, https:\/\/www.proma.com.br\/blog\/wp-content\/uploads\/2017\/12\/6-960x608.jpg 960w, https:\/\/www.proma.com.br\/blog\/wp-content\/uploads\/2017\/12\/6-473x300.jpg 473w\" sizes=\"(max-width: 1000px) 100vw, 1000px\" \/><\/a><\/p>\n<p>7. Brasil afora, a primavera tamb\u00e9m responde por buganv\u00edlia. D\u00e1 cachos que v\u00e3o do branco ao vermelho vivo, em vers\u00f5es simples ou dobradas. Gosta de sol e tolera invernos amenos.<\/p>\n<p><a href=\"http:\/\/www.proma.com.br\/blog\/wp-content\/uploads\/2017\/12\/7.jpg\"><img loading=\"lazy\" class=\"alignnone size-full wp-image-5277\" src=\"http:\/\/www.proma.com.br\/blog\/wp-content\/uploads\/2017\/12\/7.jpg\" alt=\"7\" width=\"640\" height=\"425\" srcset=\"https:\/\/www.proma.com.br\/blog\/wp-content\/uploads\/2017\/12\/7.jpg 640w, https:\/\/www.proma.com.br\/blog\/wp-content\/uploads\/2017\/12\/7-451x300.jpg 451w\" sizes=\"(max-width: 640px) 100vw, 640px\" \/><\/a><\/p>\n<p>8. O jasmim-de-madagascar adora claridade. No entanto, sofre se exposto diretamente ao sol. Desenvolve-se tamb\u00e9m em vaso, desde que bem drenado.<\/p>\n<p><a href=\"http:\/\/www.proma.com.br\/blog\/wp-content\/uploads\/2017\/12\/8.jpg\"><img loading=\"lazy\" class=\"alignnone size-full wp-image-5278\" src=\"http:\/\/www.proma.com.br\/blog\/wp-content\/uploads\/2017\/12\/8.jpg\" alt=\"8\" width=\"700\" height=\"438\" srcset=\"https:\/\/www.proma.com.br\/blog\/wp-content\/uploads\/2017\/12\/8.jpg 700w, https:\/\/www.proma.com.br\/blog\/wp-content\/uploads\/2017\/12\/8-479x300.jpg 479w\" sizes=\"(max-width: 700px) 100vw, 700px\" \/><\/a><\/p>\n<p>9. A folhagem do aspargo-pendente aguenta o frio e brota em locais de dif\u00edcil acesso gra\u00e7as \u00e0s ra\u00edzes curtas. Cuidado com os espinhos \u2013 embora pequenos, s\u00e3o resistentes.<\/p>\n<p><a href=\"http:\/\/www.proma.com.br\/blog\/wp-content\/uploads\/2017\/12\/9.jpg\"><img loading=\"lazy\" class=\"alignnone size-large wp-image-5279\" src=\"http:\/\/www.proma.com.br\/blog\/wp-content\/uploads\/2017\/12\/9-1024x705.jpg\" alt=\"9\" width=\"584\" height=\"402\" srcset=\"https:\/\/www.proma.com.br\/blog\/wp-content\/uploads\/2017\/12\/9-1024x705.jpg 1024w, https:\/\/www.proma.com.br\/blog\/wp-content\/uploads\/2017\/12\/9-960x661.jpg 960w, https:\/\/www.proma.com.br\/blog\/wp-content\/uploads\/2017\/12\/9-435x300.jpg 435w, https:\/\/www.proma.com.br\/blog\/wp-content\/uploads\/2017\/12\/9.jpg 1280w\" sizes=\"(max-width: 584px) 100vw, 584px\" \/><\/a><\/p>\n<p>10. Delicada, a rosinha-trepadeira pede amarra\u00e7\u00e3o para escalar estruturas, j\u00e1 que possui caules finos e flex\u00edveis. Fica mais exuberante sob sol pleno.<\/p>\n<p><a href=\"http:\/\/www.proma.com.br\/blog\/wp-content\/uploads\/2017\/12\/10.jpg\"><img loading=\"lazy\" class=\"alignnone size-full wp-image-5280\" src=\"http:\/\/www.proma.com.br\/blog\/wp-content\/uploads\/2017\/12\/10.jpg\" alt=\"10\" width=\"960\" height=\"720\" srcset=\"https:\/\/www.proma.com.br\/blog\/wp-content\/uploads\/2017\/12\/10.jpg 960w, https:\/\/www.proma.com.br\/blog\/wp-content\/uploads\/2017\/12\/10-400x300.jpg 400w\" sizes=\"(max-width: 960px) 100vw, 960px\" \/><\/a><\/p>\n<p>Pronto! Agora voc\u00ea pode deixar o seu pergolado ainda mais lindo. Basta escolher a planta que tem mais a ver com a sua regi\u00e3o e que vai ao encontro do tipo de resid\u00eancia que voc\u00ea mora (aten\u00e7\u00e3o para a posi\u00e7\u00e3o solar do seu im\u00f3vel)!<\/p>\n<p><strong>Fonte:<\/strong> <a href=\"https:\/\/goo.gl\/KkcxX1\" target=\"_blank\">Arquitetura e Constru\u00e7\u00e3o<\/a><\/p>\n<p>_____<\/p>\n<p>Se voc\u00ea gosta de plantas, essas mat\u00e9rias tamb\u00e9m podem ser \u00fateis:<\/p>\n<p>* Invista em plantas pendentes nos apartamentos pequenos. <a href=\"https:\/\/goo.gl\/jrAc7n\" target=\"_blank\">Clique aqui<\/a> para saber mais.<\/p>\n<p>* Nasa: 5 plantas que purificam o ar da sua casa. <a href=\"https:\/\/goo.gl\/9B7ch1\" target=\"_blank\">Clique aqui<\/a> e saiba mais.<\/p>\n<p>* 5 plantas que deixam o escrit\u00f3rio mais bonito e n\u00e3o precisam de cuidados constantes. Para saber mais, <a href=\"https:\/\/goo.gl\/a6rm3w\" target=\"_blank\">clique aqui<\/a>.<\/p>\n<p>* Varanda com pouco sol? <a href=\"https:\/\/goo.gl\/JCR9bK\" target=\"_blank\">Clique aqui<\/a> e confira 15 plantas que podem deixar o seu espa\u00e7o mais verde.<\/p>\n","protected":false},"excerpt":{"rendered":"<p>Voc\u00ea tem um pergolado em casa, mas n\u00e3o sabe qual \u00e9 a melhor planta para deix\u00e1-lo bonito, perfumado e bem coberto o ano inteiro? Para ajudar voc\u00ea nessa miss\u00e3o, n\u00f3s separamos uma sele\u00e7\u00e3o com dez esp\u00e9cies. Confira a seguir: 1.&hellip;<\/p>\n","protected":false},"author":2,"featured_media":5138,"comment_status":"open","ping_status":"closed","sticky":false,"template":"","format":"standard","meta":[],"categories":[2],"tags":[2851,823,2309],"_links":{"self":[{"href":"https:\/\/www.proma.com.br\/blog\/wp-json\/wp\/v2\/posts\/5137"}],"collection":[{"href":"https:\/\/www.proma.com.br\/blog\/wp-json\/wp\/v2\/posts"}],"about":[{"href":"https:\/\/www.proma.com.br\/blog\/wp-json\/wp\/v2\/types\/post"}],"author":[{"embeddable":true,"href":"https:\/\/www.proma.com.br\/blog\/wp-json\/wp\/v2\/users\/2"}],"replies":[{"embeddable":true,"href":"https:\/\/www.proma.com.br\/blog\/wp-json\/wp\/v2\/comments?post=5137"}],"version-history":[{"count":4,"href":"https:\/\/www.proma.com.br\/blog\/wp-json\/wp\/v2\/posts\/5137\/revisions"}],"predecessor-version":[{"id":5140,"href":"https:\/\/www.proma.com.br\/blog\/wp-json\/wp\/v2\/posts\/5137\/revisions\/5140"}],"wp:featuredmedia":[{"embeddable":true,"href":"https:\/\/www.proma.com.br\/blog\/wp-json\/wp\/v2\/media\/5138"}],"wp:attachment":[{"href":"https:\/\/www.proma.com.br\/blog\/wp-json\/wp\/v2\/media?parent=5137"}],"wp:term":[{"taxonomy":"category","embeddable":true,"href":"https:\/\/www.proma.com.br\/blog\/wp-json\/wp\/v2\/categories?post=5137"},{"taxonomy":"post_tag","embeddable":true,"href":"https:\/\/www.proma.com.br\/blog\/wp-json\/wp\/v2\/tags?post=5137"}],"curies":[{"name":"wp","href":"https:\/\/api.w.org\/{rel}","templated":true}]}}