{"id":5167,"date":"2017-12-19T10:01:03","date_gmt":"2017-12-19T13:01:03","guid":{"rendered":"http:\/\/www.proma.com.br\/blog\/?p=5167"},"modified":"2017-12-19T12:29:31","modified_gmt":"2017-12-19T15:29:31","slug":"plantas-naturais-quais-especies-voce-pode-usar-no-banheiro","status":"publish","type":"post","link":"https:\/\/www.proma.com.br\/blog\/plantas-naturais-quais-especies-voce-pode-usar-no-banheiro\/","title":{"rendered":"PLANTAS NATURAIS: QUAIS ESP\u00c9CIES VOC\u00ca PODE USAR NO BANHEIRO?"},"content":{"rendered":"<p>Sa\u00fade, aconchego, bem-estar, delicadeza e requinte \u2013 voc\u00ea sabia que as plantas naturais, al\u00e9m de ajudarem pessoas com problemas respirat\u00f3rios, podem e devem ser usadas para decorar o banheiro?<\/p>\n<p><a href=\"http:\/\/www.proma.com.br\/blog\/wp-content\/uploads\/2017\/10\/051.jpg\"><img loading=\"lazy\" class=\"alignnone size-full wp-image-5168\" src=\"http:\/\/www.proma.com.br\/blog\/wp-content\/uploads\/2017\/10\/051.jpg\" alt=\"05\" width=\"652\" height=\"408\" srcset=\"https:\/\/www.proma.com.br\/blog\/wp-content\/uploads\/2017\/10\/051.jpg 652w, https:\/\/www.proma.com.br\/blog\/wp-content\/uploads\/2017\/10\/051-479x300.jpg 479w\" sizes=\"(max-width: 652px) 100vw, 652px\" \/><\/a><\/p>\n<p>Al\u00e9m disso, segundo a arquiteta Bianca Prior, ter plantas no ambiente ajuda a criar um clima relaxante, mas \u00e9 preciso escolher bem, j\u00e1 que algumas esp\u00e9cies n\u00e3o se adaptam \u00e0 oscila\u00e7\u00e3o frequente de temperatura e \u00e0 presen\u00e7a de vapor.<\/p>\n<p>Segundo Bianca, a dica \u00e9 saber onde colocar as plantinhas. \u201cIndependente de o ambiente ser pequeno, m\u00e9dio ou grande, \u00e9 preciso ter modera\u00e7\u00e3o. O ideal \u00e9 aplicar plantas nos detalhes, como em pequenos vasos dentro da \u00e1rea do box, ao lado da cuba ou em apenas um vaso maior de ch\u00e3o. J\u00e1 para a banheira, o ideal \u00e9 colocar pequenos vasos ao redor da pe\u00e7a ou em cima de tombolos, normalmente usados para ta\u00e7as e livros\u201d, explica a arquiteta.<\/p>\n<p><a href=\"http:\/\/www.proma.com.br\/blog\/wp-content\/uploads\/2017\/10\/061.jpg\"><img loading=\"lazy\" class=\"alignnone size-full wp-image-5169\" src=\"http:\/\/www.proma.com.br\/blog\/wp-content\/uploads\/2017\/10\/061.jpg\" alt=\"06\" width=\"652\" height=\"408\" srcset=\"https:\/\/www.proma.com.br\/blog\/wp-content\/uploads\/2017\/10\/061.jpg 652w, https:\/\/www.proma.com.br\/blog\/wp-content\/uploads\/2017\/10\/061-479x300.jpg 479w\" sizes=\"(max-width: 652px) 100vw, 652px\" \/><\/a><\/p>\n<p>Algumas op\u00e7\u00f5es que podem ser usadas s\u00e3o:<\/p>\n<p><strong>R\u00e1fia<\/strong><\/p>\n<p>Esta esp\u00e9cie \u00e9 um tipo pequeno de palmeira, ideal para ambientes um pouco maiores. De origem chinesa, a r\u00e1fia lida bem com baixa luminosidade e n\u00e3o precisa de muita \u00e1gua, al\u00e9m de ser uma \u00f3tima filtradora de am\u00f4nia, subst\u00e2ncia presente em algumas tintas de cabelo e produtos de limpeza.<\/p>\n<p>________<\/p>\n<p>Invista em plantas pendentes nos apartamentos pequenos. <a href=\"https:\/\/goo.gl\/SnVapA\" target=\"_blank\">Clique aqui<\/a> para saber mais.<\/p>\n<p>5 plantas que purificam o ar da sua casa. Para ler basta <a href=\"https:\/\/goo.gl\/U9HNV9\" target=\"_blank\">clicar aqui<\/a>.<\/p>\n<p>________<\/p>\n<p><strong><br \/>\nSamambaia<\/strong><\/p>\n<p>Esta esp\u00e9cie \u00e9 uma boa op\u00e7\u00e3o para banheiros menores. Al\u00e9m de funcionar como um umidificador de ambiente natural, ela \u00e9 capaz de filtrar diversas subst\u00e2ncias que fazem mal \u00e0 sa\u00fade, como o benzeno, o formalde\u00eddo e o ars\u00eanio.<\/p>\n<p><strong>Capim-lim\u00e3o<\/strong><\/p>\n<p>O aroma agrad\u00e1vel desta esp\u00e9cie ajuda a combater estresse, resfriados e at\u00e9 c\u00f3licas. Em contato com o vapor do chuveiro, ele \u00e9 potencializado e utiliz\u00e1-la no banheiro pode ser interessante para pessoas que t\u00eam problemas respirat\u00f3rios.<\/p>\n<p>________<\/p>\n<p>Mude o seu banheiro e aposte na decora\u00e7\u00e3o retr\u00f4. <a href=\"https:\/\/goo.gl\/y5Mjxn\" target=\"_blank\">Clique aqui<\/a> e saiba como.<\/p>\n<p>Dicas para projetos de banheiros e lavabos. Saiba mais <a href=\"https:\/\/goo.gl\/Q8nAF9\" target=\"_blank\">aqui<\/a>.<\/p>\n<p>________<\/p>\n<p><strong><br \/>\nHera Inglesa<\/strong><\/p>\n<p>Esta \u00e9 outra boa op\u00e7\u00e3o para purificar o ar do ambiente, mas, assim como a R\u00e1fia, \u00e9 uma planta de ch\u00e3o, sendo ideal para ambientes maiores. Al\u00e9m disso, elas devem ficar perto da janela, \u00e0 meia sombra.<\/p>\n<p>________<\/p>\n<p>Varanda com pouco sol? Confira <a href=\"https:\/\/goo.gl\/fiLwgK\" target=\"_blank\">aqui<\/a> 15 plantas que podem deixar o seu espa\u00e7o mais verde.<\/p>\n<p>________<\/p>\n<p><strong>Eucalipto<\/strong><\/p>\n<p>Presente em diversos medicamentos para problemas respirat\u00f3rios, o eucalipto \u00e9 uma das plantas mais poderosas para auxiliar na sa\u00fade. Na hora do banho, o aroma da planta se espalha pelo ambiente, tornando-se, al\u00e9m de agrad\u00e1vel, ben\u00e9fica para quem tem asma ou bronquite.<\/p>\n<p>Qual dessas plantas vai deixar o seu banheiro ainda mais lindo?<\/p>\n<p><strong>Fonte:<\/strong> <a href=\"https:\/\/goo.gl\/y8ngZv\" target=\"_blank\">iG<\/a><\/p>\n","protected":false},"excerpt":{"rendered":"<p>Sa\u00fade, aconchego, bem-estar, delicadeza e requinte \u2013 voc\u00ea sabia que as plantas naturais, al\u00e9m de ajudarem pessoas com problemas respirat\u00f3rios, podem e devem ser usadas para decorar o banheiro? Al\u00e9m disso, segundo a arquiteta Bianca Prior, ter plantas no ambiente&hellip;<\/p>\n","protected":false},"author":2,"featured_media":5168,"comment_status":"open","ping_status":"closed","sticky":false,"template":"","format":"standard","meta":[],"categories":[2,1147],"tags":[2309,2855,2856],"_links":{"self":[{"href":"https:\/\/www.proma.com.br\/blog\/wp-json\/wp\/v2\/posts\/5167"}],"collection":[{"href":"https:\/\/www.proma.com.br\/blog\/wp-json\/wp\/v2\/posts"}],"about":[{"href":"https:\/\/www.proma.com.br\/blog\/wp-json\/wp\/v2\/types\/post"}],"author":[{"embeddable":true,"href":"https:\/\/www.proma.com.br\/blog\/wp-json\/wp\/v2\/users\/2"}],"replies":[{"embeddable":true,"href":"https:\/\/www.proma.com.br\/blog\/wp-json\/wp\/v2\/comments?post=5167"}],"version-history":[{"count":3,"href":"https:\/\/www.proma.com.br\/blog\/wp-json\/wp\/v2\/posts\/5167\/revisions"}],"predecessor-version":[{"id":5171,"href":"https:\/\/www.proma.com.br\/blog\/wp-json\/wp\/v2\/posts\/5167\/revisions\/5171"}],"wp:featuredmedia":[{"embeddable":true,"href":"https:\/\/www.proma.com.br\/blog\/wp-json\/wp\/v2\/media\/5168"}],"wp:attachment":[{"href":"https:\/\/www.proma.com.br\/blog\/wp-json\/wp\/v2\/media?parent=5167"}],"wp:term":[{"taxonomy":"category","embeddable":true,"href":"https:\/\/www.proma.com.br\/blog\/wp-json\/wp\/v2\/categories?post=5167"},{"taxonomy":"post_tag","embeddable":true,"href":"https:\/\/www.proma.com.br\/blog\/wp-json\/wp\/v2\/tags?post=5167"}],"curies":[{"name":"wp","href":"https:\/\/api.w.org\/{rel}","templated":true}]}}