{"id":5235,"date":"2017-11-09T14:53:29","date_gmt":"2017-11-09T17:53:29","guid":{"rendered":"http:\/\/www.proma.com.br\/blog\/?p=5235"},"modified":"2017-10-26T22:08:15","modified_gmt":"2017-10-27T01:08:15","slug":"decoracao-de-natal-15-ideias-para-familias-com-criancas","status":"publish","type":"post","link":"https:\/\/www.proma.com.br\/blog\/decoracao-de-natal-15-ideias-para-familias-com-criancas\/","title":{"rendered":"DECORA\u00c7\u00c3O DE NATAL: 15 IDEIAS PARA FAM\u00cdLIAS COM CRIAN\u00c7AS"},"content":{"rendered":"<p>Falta pouco mais de um m\u00eas para o Natal e voc\u00ea ainda n\u00e3o sabe como preparar o seu lar para receber o bom velhinho?<\/p>\n<p>Voc\u00ea tem crian\u00e7as? A\u00ed mesmo que n\u00e3o d\u00e1 para deixar a data passar em branco \u2013 cada cantinho da casa precisa de um detalhe natalino.<\/p>\n<p>Para ajudar voc\u00ea nessa miss\u00e3o, separamos 15 ideias super f\u00e1ceis de serem colocadas em pr\u00e1tica. Confira!<\/p>\n<p>1. &#8220;Quanto falta para o Natal? T\u00e1 chegando?\u201d<br \/>\nA garotada deve repetir essas perguntas \u00e0 exaust\u00e3o na semana que antecede a data. Para aplacar a ansiedade, que tal fazer um calend\u00e1rio diferente? Pendure sete baldinhos marcados com os dias restantes para o natal e encha-os com guloseimas. A cada dia, as crian\u00e7as podem esvaziar um baldinho e comer os doces.<\/p>\n<p><a href=\"http:\/\/www.proma.com.br\/blog\/wp-content\/uploads\/2017\/10\/012.jpg\"><img loading=\"lazy\" class=\"alignnone size-full wp-image-5236\" src=\"http:\/\/www.proma.com.br\/blog\/wp-content\/uploads\/2017\/10\/012.jpg\" alt=\"01\" width=\"620\" height=\"638\" srcset=\"https:\/\/www.proma.com.br\/blog\/wp-content\/uploads\/2017\/10\/012.jpg 620w, https:\/\/www.proma.com.br\/blog\/wp-content\/uploads\/2017\/10\/012-291x300.jpg 291w\" sizes=\"(max-width: 620px) 100vw, 620px\" \/><\/a><\/p>\n<p>2. Ideia simples e cheia de bossa: uma fita com la\u00e7o na ponta serve de apoio para fotografias da fam\u00edlia ou cart\u00f5es com os desejos dos convidados.<\/p>\n<p><a href=\"http:\/\/www.proma.com.br\/blog\/wp-content\/uploads\/2017\/10\/022.jpg\"><img loading=\"lazy\" class=\"alignnone size-full wp-image-5237\" src=\"http:\/\/www.proma.com.br\/blog\/wp-content\/uploads\/2017\/10\/022.jpg\" alt=\"02\" width=\"620\" height=\"784\" srcset=\"https:\/\/www.proma.com.br\/blog\/wp-content\/uploads\/2017\/10\/022.jpg 620w, https:\/\/www.proma.com.br\/blog\/wp-content\/uploads\/2017\/10\/022-237x300.jpg 237w\" sizes=\"(max-width: 620px) 100vw, 620px\" \/><\/a><\/p>\n<p>3. Para marcar os lugares dos convidados na mesa da ceia, selecione as menores pinhas e acrescente tags com os nomes.<\/p>\n<p><a href=\"http:\/\/www.proma.com.br\/blog\/wp-content\/uploads\/2017\/10\/032.jpg\"><img loading=\"lazy\" class=\"alignnone size-full wp-image-5238\" src=\"http:\/\/www.proma.com.br\/blog\/wp-content\/uploads\/2017\/10\/032.jpg\" alt=\"03\" width=\"620\" height=\"758\" srcset=\"https:\/\/www.proma.com.br\/blog\/wp-content\/uploads\/2017\/10\/032.jpg 620w, https:\/\/www.proma.com.br\/blog\/wp-content\/uploads\/2017\/10\/032-245x300.jpg 245w\" sizes=\"(max-width: 620px) 100vw, 620px\" \/><\/a><\/p>\n<p>4. Que tal fantasiar a geleia de papai-noel? Use recortes de pap\u00e9is coloridos!<\/p>\n<p><a href=\"http:\/\/www.proma.com.br\/blog\/wp-content\/uploads\/2017\/10\/042.jpg\"><img loading=\"lazy\" class=\"alignnone size-full wp-image-5239\" src=\"http:\/\/www.proma.com.br\/blog\/wp-content\/uploads\/2017\/10\/042.jpg\" alt=\"04\" width=\"620\" height=\"550\" srcset=\"https:\/\/www.proma.com.br\/blog\/wp-content\/uploads\/2017\/10\/042.jpg 620w, https:\/\/www.proma.com.br\/blog\/wp-content\/uploads\/2017\/10\/042-338x300.jpg 338w\" sizes=\"(max-width: 620px) 100vw, 620px\" \/><\/a><\/p>\n<p>5. Para dar um toque especial \u00e0 mesa de doces, use um cord\u00e3o cheio de guizos para customizar o prato de bolo.<\/p>\n<p><a href=\"http:\/\/www.proma.com.br\/blog\/wp-content\/uploads\/2017\/10\/052.jpg\"><img loading=\"lazy\" class=\"alignnone size-full wp-image-5240\" src=\"http:\/\/www.proma.com.br\/blog\/wp-content\/uploads\/2017\/10\/052.jpg\" alt=\"05\" width=\"620\" height=\"550\" srcset=\"https:\/\/www.proma.com.br\/blog\/wp-content\/uploads\/2017\/10\/052.jpg 620w, https:\/\/www.proma.com.br\/blog\/wp-content\/uploads\/2017\/10\/052-338x300.jpg 338w\" sizes=\"(max-width: 620px) 100vw, 620px\" \/><\/a><\/p>\n<p>6. Com pap\u00e9is coloridos, recorte e colagem, crie marcadores de copos charmosos. Fa\u00e7a-os no formato de bolas de natal. Fica uma gra\u00e7a!<\/p>\n<p><a href=\"http:\/\/www.proma.com.br\/blog\/wp-content\/uploads\/2017\/10\/062.jpg\"><img loading=\"lazy\" class=\"alignnone size-full wp-image-5241\" src=\"http:\/\/www.proma.com.br\/blog\/wp-content\/uploads\/2017\/10\/062.jpg\" alt=\"06\" width=\"620\" height=\"744\" srcset=\"https:\/\/www.proma.com.br\/blog\/wp-content\/uploads\/2017\/10\/062.jpg 620w, https:\/\/www.proma.com.br\/blog\/wp-content\/uploads\/2017\/10\/062-249x300.jpg 249w\" sizes=\"(max-width: 620px) 100vw, 620px\" \/><\/a><\/p>\n<p>___________<\/p>\n<p>Fa\u00e7a voc\u00ea mesmo: porta-copos personalizados de corti\u00e7a. Saiba mais <a href=\"https:\/\/goo.gl\/Zib6zq\" target=\"_blank\">clicando aqui<\/a>.<\/p>\n<p>Porta-copos sempre d\u00e3o um charme na decora\u00e7\u00e3o. <a href=\"https:\/\/goo.gl\/eCzAg8\" target=\"_blank\">Clique aqui<\/a> e saiba mais.<\/p>\n<p>___________<\/p>\n<p>7. Para deixar a mesa da ceia ainda mais charmosa, use guizos, barbante e um raminho para decorar os talheres!<\/p>\n<p><a href=\"http:\/\/www.proma.com.br\/blog\/wp-content\/uploads\/2017\/10\/072.jpg\"><img loading=\"lazy\" class=\"alignnone size-full wp-image-5242\" src=\"http:\/\/www.proma.com.br\/blog\/wp-content\/uploads\/2017\/10\/072.jpg\" alt=\"07\" width=\"620\" height=\"775\" srcset=\"https:\/\/www.proma.com.br\/blog\/wp-content\/uploads\/2017\/10\/072.jpg 620w, https:\/\/www.proma.com.br\/blog\/wp-content\/uploads\/2017\/10\/072-240x300.jpg 240w\" sizes=\"(max-width: 620px) 100vw, 620px\" \/><\/a><\/p>\n<p>8. Pinte as pinhas com tinta spray e amarre-as em um cord\u00e3o para enfeitar qualquer cantinho da casa. Para arrematar, use la\u00e7os feitos com belas fitas.<\/p>\n<p><a href=\"http:\/\/www.proma.com.br\/blog\/wp-content\/uploads\/2017\/10\/082.jpg\"><img loading=\"lazy\" class=\"alignnone size-full wp-image-5243\" src=\"http:\/\/www.proma.com.br\/blog\/wp-content\/uploads\/2017\/10\/082.jpg\" alt=\"08\" width=\"620\" height=\"600\" srcset=\"https:\/\/www.proma.com.br\/blog\/wp-content\/uploads\/2017\/10\/082.jpg 620w, https:\/\/www.proma.com.br\/blog\/wp-content\/uploads\/2017\/10\/082-310x300.jpg 310w\" sizes=\"(max-width: 620px) 100vw, 620px\" \/><\/a><\/p>\n<p>9. As pinhas ganham novo status em vasinhos coloridos: mini \u00e1rvore de natal! Enfeite com bolinhas de feltro e coloque-as para decorar um aparador ou at\u00e9 mesmo a mesa da ceia.<\/p>\n<p><a href=\"http:\/\/www.proma.com.br\/blog\/wp-content\/uploads\/2017\/10\/092.jpg\"><img loading=\"lazy\" class=\"alignnone size-full wp-image-5244\" src=\"http:\/\/www.proma.com.br\/blog\/wp-content\/uploads\/2017\/10\/092.jpg\" alt=\"09\" width=\"620\" height=\"814\" srcset=\"https:\/\/www.proma.com.br\/blog\/wp-content\/uploads\/2017\/10\/092.jpg 620w, https:\/\/www.proma.com.br\/blog\/wp-content\/uploads\/2017\/10\/092-228x300.jpg 228w\" sizes=\"(max-width: 620px) 100vw, 620px\" \/><\/a><\/p>\n<p>10. Que tal colocar uma foto dos presenteados nos embrulhos debaixo da \u00e1rvore? As etiquetas personalizadas ficam uma gracinha e todo mundo ama!<\/p>\n<p><a href=\"http:\/\/www.proma.com.br\/blog\/wp-content\/uploads\/2017\/10\/103.jpg\"><img loading=\"lazy\" class=\"alignnone size-full wp-image-5245\" src=\"http:\/\/www.proma.com.br\/blog\/wp-content\/uploads\/2017\/10\/103.jpg\" alt=\"10\" width=\"620\" height=\"673\" srcset=\"https:\/\/www.proma.com.br\/blog\/wp-content\/uploads\/2017\/10\/103.jpg 620w, https:\/\/www.proma.com.br\/blog\/wp-content\/uploads\/2017\/10\/103-276x300.jpg 276w\" sizes=\"(max-width: 620px) 100vw, 620px\" \/><\/a><\/p>\n<p>11. Para entreter as crian\u00e7as na noite de Natal, prepare \u00e1rvores de feltro e bot\u00f5es coloridos para colar.<\/p>\n<p><a href=\"http:\/\/www.proma.com.br\/blog\/wp-content\/uploads\/2017\/10\/113.jpg\"><img loading=\"lazy\" class=\"alignnone size-full wp-image-5246\" src=\"http:\/\/www.proma.com.br\/blog\/wp-content\/uploads\/2017\/10\/113.jpg\" alt=\"11\" width=\"620\" height=\"929\" srcset=\"https:\/\/www.proma.com.br\/blog\/wp-content\/uploads\/2017\/10\/113.jpg 620w, https:\/\/www.proma.com.br\/blog\/wp-content\/uploads\/2017\/10\/113-200x300.jpg 200w\" sizes=\"(max-width: 620px) 100vw, 620px\" \/><\/a><\/p>\n<p>___________<\/p>\n<p>Seja livre para decorara a sua casa. <a href=\"https:\/\/goo.gl\/XXfSzd\" target=\"_blank\">Clicando aqui<\/a> voc\u00ea sabe como.<\/p>\n<p>___________<\/p>\n<p>12. Novo destino para as l\u00e2mpadas queimadas: d\u00ea um banho de glitter nelas e coloque-as para decorar! Que tal pendurar na \u00e1rvore?<\/p>\n<p><a href=\"http:\/\/www.proma.com.br\/blog\/wp-content\/uploads\/2017\/10\/122.jpg\"><img loading=\"lazy\" class=\"alignnone size-full wp-image-5247\" src=\"http:\/\/www.proma.com.br\/blog\/wp-content\/uploads\/2017\/10\/122.jpg\" alt=\"12\" width=\"620\" height=\"600\" srcset=\"https:\/\/www.proma.com.br\/blog\/wp-content\/uploads\/2017\/10\/122.jpg 620w, https:\/\/www.proma.com.br\/blog\/wp-content\/uploads\/2017\/10\/122-310x300.jpg 310w\" sizes=\"(max-width: 620px) 100vw, 620px\" \/><\/a><\/p>\n<p>13. Revestidas com retalhos de tecido (grudados com fita dupla face), as garrafas ficam prontas para o Natal. Para o acabamento, corte o tecido com uma tesoura ziguezague e passe uma fita em volta do pano.<\/p>\n<p><a href=\"http:\/\/www.proma.com.br\/blog\/wp-content\/uploads\/2017\/10\/132.jpg\"><img loading=\"lazy\" class=\"alignnone size-full wp-image-5248\" src=\"http:\/\/www.proma.com.br\/blog\/wp-content\/uploads\/2017\/10\/132.jpg\" alt=\"13\" width=\"620\" height=\"930\" srcset=\"https:\/\/www.proma.com.br\/blog\/wp-content\/uploads\/2017\/10\/132.jpg 620w, https:\/\/www.proma.com.br\/blog\/wp-content\/uploads\/2017\/10\/132-200x300.jpg 200w\" sizes=\"(max-width: 620px) 100vw, 620px\" \/><\/a><\/p>\n<p>14. Que tal tentar as luzinhas de Natal de maneira diferente na decora\u00e7\u00e3o esse ano? Coloque-as dentro de lumin\u00e1ria de ferro e escolha um cantinho especial. Elas criam um lindo efeito no ambiente.<\/p>\n<p><a href=\"http:\/\/www.proma.com.br\/blog\/wp-content\/uploads\/2017\/10\/141.jpg\"><img loading=\"lazy\" class=\"alignnone size-full wp-image-5249\" src=\"http:\/\/www.proma.com.br\/blog\/wp-content\/uploads\/2017\/10\/141.jpg\" alt=\"14\" width=\"620\" height=\"802\" srcset=\"https:\/\/www.proma.com.br\/blog\/wp-content\/uploads\/2017\/10\/141.jpg 620w, https:\/\/www.proma.com.br\/blog\/wp-content\/uploads\/2017\/10\/141-231x300.jpg 231w\" sizes=\"(max-width: 620px) 100vw, 620px\" \/><\/a><\/p>\n<p>15. Para criar arranjo natalino r\u00e1pido e charmoso, use potes de conserva e acomode as bolas coloridas!<\/p>\n<p><a href=\"http:\/\/www.proma.com.br\/blog\/wp-content\/uploads\/2017\/10\/151.jpg\"><img loading=\"lazy\" class=\"alignnone size-full wp-image-5250\" src=\"http:\/\/www.proma.com.br\/blog\/wp-content\/uploads\/2017\/10\/151.jpg\" alt=\"15\" width=\"620\" height=\"788\" srcset=\"https:\/\/www.proma.com.br\/blog\/wp-content\/uploads\/2017\/10\/151.jpg 620w, https:\/\/www.proma.com.br\/blog\/wp-content\/uploads\/2017\/10\/151-236x300.jpg 236w\" sizes=\"(max-width: 620px) 100vw, 620px\" \/><\/a><\/p>\n<p>Com tantas ideias lindas e simples de serem colocadas em pr\u00e1tica ficou f\u00e1cil preparar uma decora\u00e7\u00e3o natalina charmosa, n\u00e3o \u00e9 mesmo?<\/p>\n<p><strong>Fonte:<\/strong> <a href=\"https:\/\/goo.gl\/Gu9W1y\" target=\"_blank\">Revista Casa e Jardim<\/a><\/p>\n","protected":false},"excerpt":{"rendered":"<p>Falta pouco mais de um m\u00eas para o Natal e voc\u00ea ainda n\u00e3o sabe como preparar o seu lar para receber o bom velhinho? Voc\u00ea tem crian\u00e7as? A\u00ed mesmo que n\u00e3o d\u00e1 para deixar a data passar em branco \u2013&hellip;<\/p>\n","protected":false},"author":2,"featured_media":5246,"comment_status":"open","ping_status":"closed","sticky":false,"template":"","format":"standard","meta":[],"categories":[2],"tags":[2870,1832,2871],"_links":{"self":[{"href":"https:\/\/www.proma.com.br\/blog\/wp-json\/wp\/v2\/posts\/5235"}],"collection":[{"href":"https:\/\/www.proma.com.br\/blog\/wp-json\/wp\/v2\/posts"}],"about":[{"href":"https:\/\/www.proma.com.br\/blog\/wp-json\/wp\/v2\/types\/post"}],"author":[{"embeddable":true,"href":"https:\/\/www.proma.com.br\/blog\/wp-json\/wp\/v2\/users\/2"}],"replies":[{"embeddable":true,"href":"https:\/\/www.proma.com.br\/blog\/wp-json\/wp\/v2\/comments?post=5235"}],"version-history":[{"count":3,"href":"https:\/\/www.proma.com.br\/blog\/wp-json\/wp\/v2\/posts\/5235\/revisions"}],"predecessor-version":[{"id":5252,"href":"https:\/\/www.proma.com.br\/blog\/wp-json\/wp\/v2\/posts\/5235\/revisions\/5252"}],"wp:featuredmedia":[{"embeddable":true,"href":"https:\/\/www.proma.com.br\/blog\/wp-json\/wp\/v2\/media\/5246"}],"wp:attachment":[{"href":"https:\/\/www.proma.com.br\/blog\/wp-json\/wp\/v2\/media?parent=5235"}],"wp:term":[{"taxonomy":"category","embeddable":true,"href":"https:\/\/www.proma.com.br\/blog\/wp-json\/wp\/v2\/categories?post=5235"},{"taxonomy":"post_tag","embeddable":true,"href":"https:\/\/www.proma.com.br\/blog\/wp-json\/wp\/v2\/tags?post=5235"}],"curies":[{"name":"wp","href":"https:\/\/api.w.org\/{rel}","templated":true}]}}