{"id":5285,"date":"2018-02-06T15:01:10","date_gmt":"2018-02-06T18:01:10","guid":{"rendered":"http:\/\/www.proma.com.br\/blog\/?p=5285"},"modified":"2017-11-09T20:52:04","modified_gmt":"2017-11-09T23:52:04","slug":"inspiracao-um-apartamento-integrado-e-sustentavel","status":"publish","type":"post","link":"https:\/\/www.proma.com.br\/blog\/inspiracao-um-apartamento-integrado-e-sustentavel\/","title":{"rendered":"INSPIRA\u00c7\u00c3O: UM APARTAMENTO INTEGRADO E SUSTENT\u00c1VEL"},"content":{"rendered":"<p>Inspira\u00e7\u00f5es para o nosso lar s\u00e3o sempre bem-vindas, n\u00e3o \u00e9 mesmo? Melhor ainda quando as ideias envolvem decora\u00e7\u00e3o, reaproveitamento de mobili\u00e1rios antigos e sustentabilidade.<\/p>\n<p><a href=\"http:\/\/www.proma.com.br\/blog\/wp-content\/uploads\/2017\/11\/011.jpg\"><img loading=\"lazy\" class=\"alignnone size-large wp-image-5287\" src=\"http:\/\/www.proma.com.br\/blog\/wp-content\/uploads\/2017\/11\/011-1024x682.jpg\" alt=\"01\" width=\"584\" height=\"388\" srcset=\"https:\/\/www.proma.com.br\/blog\/wp-content\/uploads\/2017\/11\/011-1024x682.jpg 1024w, https:\/\/www.proma.com.br\/blog\/wp-content\/uploads\/2017\/11\/011-960x640.jpg 960w, https:\/\/www.proma.com.br\/blog\/wp-content\/uploads\/2017\/11\/011-450x300.jpg 450w, https:\/\/www.proma.com.br\/blog\/wp-content\/uploads\/2017\/11\/011.jpg 1200w\" sizes=\"(max-width: 584px) 100vw, 584px\" \/><\/a><\/p>\n<p>\u201cSustentabilidade \u00e9 mais do que um modismo, \u00e9 uma quest\u00e3o de sobreviv\u00eancia, de garantirmos nossa perman\u00eancia neste planeta. Permeia toda a nossa vida, e com o nosso lar n\u00e3o \u00e9 diferente\u201d.<\/p>\n<p><a href=\"http:\/\/www.proma.com.br\/blog\/wp-content\/uploads\/2017\/11\/02.jpg\"><img loading=\"lazy\" class=\"alignnone size-large wp-image-5288\" src=\"http:\/\/www.proma.com.br\/blog\/wp-content\/uploads\/2017\/11\/02-1024x682.jpg\" alt=\"02\" width=\"584\" height=\"388\" srcset=\"https:\/\/www.proma.com.br\/blog\/wp-content\/uploads\/2017\/11\/02-1024x682.jpg 1024w, https:\/\/www.proma.com.br\/blog\/wp-content\/uploads\/2017\/11\/02-960x640.jpg 960w, https:\/\/www.proma.com.br\/blog\/wp-content\/uploads\/2017\/11\/02-450x300.jpg 450w, https:\/\/www.proma.com.br\/blog\/wp-content\/uploads\/2017\/11\/02.jpg 1200w\" sizes=\"(max-width: 584px) 100vw, 584px\" \/><\/a><\/p>\n<p>Foi a partir desse princ\u00edpio que o escrit\u00f3rio Melina Mundim Design de Interiores realizou o projeto de decora\u00e7\u00e3o de uma cobertura em Belo Horizonte. Em todo o im\u00f3vel foram utilizados materiais que valorizam os recursos naturais.<\/p>\n<p>_______<\/p>\n<p>Sustentabilidade: <a href=\"https:\/\/goo.gl\/iZNm2c\" target=\"_blank\">clique aqui<\/a> e confira dicas para economizar energia el\u00e9trica.<\/p>\n<p>_______<\/p>\n<p><a href=\"http:\/\/www.proma.com.br\/blog\/wp-content\/uploads\/2017\/11\/03.jpg\"><img loading=\"lazy\" class=\"alignnone size-full wp-image-5289\" src=\"http:\/\/www.proma.com.br\/blog\/wp-content\/uploads\/2017\/11\/03.jpg\" alt=\"03\" width=\"800\" height=\"1200\" srcset=\"https:\/\/www.proma.com.br\/blog\/wp-content\/uploads\/2017\/11\/03.jpg 800w, https:\/\/www.proma.com.br\/blog\/wp-content\/uploads\/2017\/11\/03-200x300.jpg 200w\" sizes=\"(max-width: 800px) 100vw, 800px\" \/><\/a><\/p>\n<p>\u00c9 o caso do banheiro da su\u00edte do casal, em que o teto foi feito de vidro para aproveitar a ilumina\u00e7\u00e3o natural. Nos quartos, o conceito foi mantido com a instala\u00e7\u00e3o de portas de vidro para permitir a entrada de luz natural.<\/p>\n<p>_______<\/p>\n<p>Luz e ventila\u00e7\u00e3o influenciam na escolha da janela ideal. Para saber mais, <a href=\"https:\/\/goo.gl\/YvtFEg\" target=\"_blank\">clique aqui<\/a>.<\/p>\n<p>_______<\/p>\n<p><a href=\"http:\/\/www.proma.com.br\/blog\/wp-content\/uploads\/2017\/11\/04.jpg\"><img loading=\"lazy\" class=\"alignnone size-large wp-image-5290\" src=\"http:\/\/www.proma.com.br\/blog\/wp-content\/uploads\/2017\/11\/04-1024x682.jpg\" alt=\"04\" width=\"584\" height=\"388\" srcset=\"https:\/\/www.proma.com.br\/blog\/wp-content\/uploads\/2017\/11\/04-1024x682.jpg 1024w, https:\/\/www.proma.com.br\/blog\/wp-content\/uploads\/2017\/11\/04-960x640.jpg 960w, https:\/\/www.proma.com.br\/blog\/wp-content\/uploads\/2017\/11\/04-450x300.jpg 450w, https:\/\/www.proma.com.br\/blog\/wp-content\/uploads\/2017\/11\/04.jpg 1200w\" sizes=\"(max-width: 584px) 100vw, 584px\" \/><\/a><a href=\"http:\/\/www.proma.com.br\/blog\/wp-content\/uploads\/2017\/11\/05.jpg\"><img loading=\"lazy\" class=\"alignnone size-full wp-image-5291\" src=\"http:\/\/www.proma.com.br\/blog\/wp-content\/uploads\/2017\/11\/05.jpg\" alt=\"05\" width=\"800\" height=\"1200\" srcset=\"https:\/\/www.proma.com.br\/blog\/wp-content\/uploads\/2017\/11\/05.jpg 800w, https:\/\/www.proma.com.br\/blog\/wp-content\/uploads\/2017\/11\/05-200x300.jpg 200w\" sizes=\"(max-width: 800px) 100vw, 800px\" \/><\/a> <a href=\"http:\/\/www.proma.com.br\/blog\/wp-content\/uploads\/2017\/11\/06.jpg\"><img loading=\"lazy\" class=\"alignnone size-large wp-image-5292\" src=\"http:\/\/www.proma.com.br\/blog\/wp-content\/uploads\/2017\/11\/06.jpg\" alt=\"06\" width=\"584\" height=\"876\" srcset=\"https:\/\/www.proma.com.br\/blog\/wp-content\/uploads\/2017\/11\/06.jpg 800w, https:\/\/www.proma.com.br\/blog\/wp-content\/uploads\/2017\/11\/06-200x300.jpg 200w\" sizes=\"(max-width: 584px) 100vw, 584px\" \/><\/a> <a href=\"http:\/\/www.proma.com.br\/blog\/wp-content\/uploads\/2017\/11\/07.jpg\"><img loading=\"lazy\" class=\"alignnone size-large wp-image-5293\" src=\"http:\/\/www.proma.com.br\/blog\/wp-content\/uploads\/2017\/11\/07.jpg\" alt=\"07\" width=\"584\" height=\"876\" srcset=\"https:\/\/www.proma.com.br\/blog\/wp-content\/uploads\/2017\/11\/07.jpg 800w, https:\/\/www.proma.com.br\/blog\/wp-content\/uploads\/2017\/11\/07-200x300.jpg 200w\" sizes=\"(max-width: 584px) 100vw, 584px\" \/><\/a><\/p>\n<p>Em equil\u00edbrio com a concep\u00e7\u00e3o do projeto, em todos os ambientes, inclusive no banheiro, foram usadas l\u00e2mpadas de led. Para o piso, foi escolhido o laminado e o MDF no lugar da madeira de lei.<\/p>\n<p>_______<\/p>\n<p><a href=\"https:\/\/goo.gl\/e97VZK\" target=\"_blank\">Clique aqui<\/a> e saiba como transformar uma gaveta em sapateira.<\/p>\n<p>_______<\/p>\n<p><a href=\"http:\/\/www.proma.com.br\/blog\/wp-content\/uploads\/2017\/11\/08.jpg\"><img loading=\"lazy\" class=\"alignnone size-full wp-image-5294\" src=\"http:\/\/www.proma.com.br\/blog\/wp-content\/uploads\/2017\/11\/08.jpg\" alt=\"08\" width=\"800\" height=\"1200\" srcset=\"https:\/\/www.proma.com.br\/blog\/wp-content\/uploads\/2017\/11\/08.jpg 800w, https:\/\/www.proma.com.br\/blog\/wp-content\/uploads\/2017\/11\/08-200x300.jpg 200w\" sizes=\"(max-width: 800px) 100vw, 800px\" \/><\/a> <a href=\"http:\/\/www.proma.com.br\/blog\/wp-content\/uploads\/2017\/11\/09.jpg\"><img loading=\"lazy\" class=\"alignnone size-large wp-image-5295\" src=\"http:\/\/www.proma.com.br\/blog\/wp-content\/uploads\/2017\/11\/09.jpg\" alt=\"09\" width=\"584\" height=\"876\" srcset=\"https:\/\/www.proma.com.br\/blog\/wp-content\/uploads\/2017\/11\/09.jpg 800w, https:\/\/www.proma.com.br\/blog\/wp-content\/uploads\/2017\/11\/09-200x300.jpg 200w\" sizes=\"(max-width: 584px) 100vw, 584px\" \/><\/a><\/p>\n<p>Para conservar a hist\u00f3ria da fam\u00edlia, os m\u00f3veis do antigo apartamento foram aproveitados nessa nova morada, proporcionando, assim, ambientes cheios de mem\u00f3ria e que primam pela composi\u00e7\u00e3o sustent\u00e1vel.<\/p>\n<p><strong>Fonte:<\/strong> <a href=\"https:\/\/goo.gl\/q8jMXi\" target=\"_blank\">Casa de Valentina<\/a><\/p>\n","protected":false},"excerpt":{"rendered":"<p>Inspira\u00e7\u00f5es para o nosso lar s\u00e3o sempre bem-vindas, n\u00e3o \u00e9 mesmo? Melhor ainda quando as ideias envolvem decora\u00e7\u00e3o, reaproveitamento de mobili\u00e1rios antigos e sustentabilidade. \u201cSustentabilidade \u00e9 mais do que um modismo, \u00e9 uma quest\u00e3o de sobreviv\u00eancia, de garantirmos nossa perman\u00eancia&hellip;<\/p>\n","protected":false},"author":2,"featured_media":5287,"comment_status":"open","ping_status":"closed","sticky":false,"template":"","format":"standard","meta":[],"categories":[2,5],"tags":[561,644,2875,1035],"_links":{"self":[{"href":"https:\/\/www.proma.com.br\/blog\/wp-json\/wp\/v2\/posts\/5285"}],"collection":[{"href":"https:\/\/www.proma.com.br\/blog\/wp-json\/wp\/v2\/posts"}],"about":[{"href":"https:\/\/www.proma.com.br\/blog\/wp-json\/wp\/v2\/types\/post"}],"author":[{"embeddable":true,"href":"https:\/\/www.proma.com.br\/blog\/wp-json\/wp\/v2\/users\/2"}],"replies":[{"embeddable":true,"href":"https:\/\/www.proma.com.br\/blog\/wp-json\/wp\/v2\/comments?post=5285"}],"version-history":[{"count":3,"href":"https:\/\/www.proma.com.br\/blog\/wp-json\/wp\/v2\/posts\/5285\/revisions"}],"predecessor-version":[{"id":5298,"href":"https:\/\/www.proma.com.br\/blog\/wp-json\/wp\/v2\/posts\/5285\/revisions\/5298"}],"wp:featuredmedia":[{"embeddable":true,"href":"https:\/\/www.proma.com.br\/blog\/wp-json\/wp\/v2\/media\/5287"}],"wp:attachment":[{"href":"https:\/\/www.proma.com.br\/blog\/wp-json\/wp\/v2\/media?parent=5285"}],"wp:term":[{"taxonomy":"category","embeddable":true,"href":"https:\/\/www.proma.com.br\/blog\/wp-json\/wp\/v2\/categories?post=5285"},{"taxonomy":"post_tag","embeddable":true,"href":"https:\/\/www.proma.com.br\/blog\/wp-json\/wp\/v2\/tags?post=5285"}],"curies":[{"name":"wp","href":"https:\/\/api.w.org\/{rel}","templated":true}]}}