{"id":5395,"date":"2018-03-08T15:01:59","date_gmt":"2018-03-08T18:01:59","guid":{"rendered":"http:\/\/www.proma.com.br\/blog\/?p=5395"},"modified":"2018-03-11T22:14:26","modified_gmt":"2018-03-12T01:14:26","slug":"area-social-dicas-para-ambientes-arrumados-organizados-e-funcionais","status":"publish","type":"post","link":"https:\/\/www.proma.com.br\/blog\/area-social-dicas-para-ambientes-arrumados-organizados-e-funcionais\/","title":{"rendered":"\u00c1REA SOCIAL: DICAS PARA AMBIENTES ARRUMADOS, ORGANIZADOS E FUNCIONAIS"},"content":{"rendered":"<p>A organiza\u00e7\u00e3o torna a vida mais f\u00e1cil. Beeeeeeeeem mais f\u00e1cil!<\/p>\n<p>S\u00f3 o fato de n\u00e3o precisar procurar horas por um objeto que n\u00e3o deveria estar perdido faz voc\u00ea se estressar menos e, assim, ganhar qualidade de vida.<\/p>\n<p>Concorda?<\/p>\n<p><a href=\"http:\/\/www.proma.com.br\/blog\/wp-content\/uploads\/2017\/11\/112.jpg\"><img loading=\"lazy\" class=\"alignnone size-full wp-image-5401\" src=\"http:\/\/www.proma.com.br\/blog\/wp-content\/uploads\/2017\/11\/112.jpg\" alt=\"11\" width=\"620\" height=\"930\" srcset=\"https:\/\/www.proma.com.br\/blog\/wp-content\/uploads\/2017\/11\/112.jpg 620w, https:\/\/www.proma.com.br\/blog\/wp-content\/uploads\/2017\/11\/112-200x300.jpg 200w\" sizes=\"(max-width: 620px) 100vw, 620px\" \/><\/a><\/p>\n<p>Ent\u00e3o acabe com a bagun\u00e7a com algumas dicas valiosas que separamos para voc\u00ea.<\/p>\n<p><strong>Bagun\u00e7a escondida<\/strong><\/p>\n<p><a href=\"http:\/\/www.proma.com.br\/blog\/wp-content\/uploads\/2017\/11\/122.jpg\"><img loading=\"lazy\" class=\"alignnone size-full wp-image-5402\" src=\"http:\/\/www.proma.com.br\/blog\/wp-content\/uploads\/2017\/11\/122.jpg\" alt=\"12\" width=\"220\" height=\"183\" \/><\/a><\/p>\n<p>Em um apartamento com duas crian\u00e7as, como deixar os brinquedos sempre \u00e0 m\u00e3o e, ainda assim, manter a sala arrumada? Para resolver esse dilema, o arquiteto Conrado Heck criou um m\u00f3vel multiuso: o tatame de madeira de 2,80 x 1,20 x 0,40 m serve de apoio para o futon com almofadas e dois gavet\u00f5es, onde as filhas do casal, de 3 e 5 anos, guardam seus brinquedos. O m\u00f3vel abriga ainda o subwoofer e um cachep\u00f4. \u201cEles queriam um espa\u00e7o despojado para receber os amigos e onde as crian\u00e7as tamb\u00e9m pudessem brincar\u201d, conta Conrado. J\u00e1 a mesa de centro foi criada pensando no casal, que adora comida japonesa.<\/p>\n<p><strong>Tudo para o bar<\/strong><\/p>\n<p><a href=\"http:\/\/www.proma.com.br\/blog\/wp-content\/uploads\/2017\/11\/132.jpg\"><img loading=\"lazy\" class=\"alignnone size-full wp-image-5403\" src=\"http:\/\/www.proma.com.br\/blog\/wp-content\/uploads\/2017\/11\/132.jpg\" alt=\"13\" width=\"620\" height=\"930\" srcset=\"https:\/\/www.proma.com.br\/blog\/wp-content\/uploads\/2017\/11\/132.jpg 620w, https:\/\/www.proma.com.br\/blog\/wp-content\/uploads\/2017\/11\/132-200x300.jpg 200w\" sizes=\"(max-width: 620px) 100vw, 620px\" \/><\/a><\/p>\n<p><a href=\"http:\/\/www.proma.com.br\/blog\/wp-content\/uploads\/2017\/11\/142.jpg\"><img loading=\"lazy\" class=\"alignnone size-full wp-image-5400\" src=\"http:\/\/www.proma.com.br\/blog\/wp-content\/uploads\/2017\/11\/142.jpg\" alt=\"14\" width=\"620\" height=\"452\" srcset=\"https:\/\/www.proma.com.br\/blog\/wp-content\/uploads\/2017\/11\/142.jpg 620w, https:\/\/www.proma.com.br\/blog\/wp-content\/uploads\/2017\/11\/142-411x300.jpg 411w\" sizes=\"(max-width: 620px) 100vw, 620px\" \/><\/a><\/p>\n<p>Entre o living e a sala de jantar, os arquitetos Antonio Ferreira Junior e Mario Celso Bernardes aproveitaram o dente na parede para criar o m\u00f3vel de 1 x 0,75 x 0,50 m laqueado de branco que envolve a mini adega. A pe\u00e7a possui rebaixo em cima para acomodar a bandeja, com as bebidas e os copos, e gavetinhas acopladas na lateral para guardar os acess\u00f3rios de coquet\u00e9is. O bar faz liga\u00e7\u00e3o com o arm\u00e1rio suspenso, apoio da mesa de jantar. Dessa forma, este p\u00f4de ser aproveitado para armazenar mais garrafas.<\/p>\n<p><strong>Fotografias catalogadas<\/strong><\/p>\n<p><a href=\"http:\/\/www.proma.com.br\/blog\/wp-content\/uploads\/2017\/11\/152.jpg\"><img loading=\"lazy\" class=\"alignnone size-full wp-image-5399\" src=\"http:\/\/www.proma.com.br\/blog\/wp-content\/uploads\/2017\/11\/152.jpg\" alt=\"15\" width=\"220\" height=\"283\" \/><\/a><\/p>\n<p>O qu\u00ea fazer com os negativos que sobraram do tempo em que as m\u00e1quinas fotogr\u00e1ficas eram anal\u00f3gicas? Se voc\u00ea n\u00e3o teve tempo ainda de pass\u00e1-los para CD, uma \u00f3tima solu\u00e7\u00e3o \u00e9 guard\u00e1-los em envelopes. \u201cEscrevo o nome do local em que a fotografia foi tirada, o m\u00eas e o ano\u201d, conta a moradora Paola Fraccaroli. Os arquivos digitais s\u00e3o armazenados da mesma forma em uma das cinco gavetas deste arm\u00e1rio de madeira de demoli\u00e7\u00e3o, de 35 x 33 cm.<\/p>\n<p>______<\/p>\n<p>Ideias de decora\u00e7\u00e3o (e organiza\u00e7\u00e3o) para a lavanderia. <a href=\"https:\/\/goo.gl\/SZGj3k\" target=\"_blank\" rel=\"noopener\">Clique aqui<\/a> e confira.<\/p>\n<p>______<\/p>\n<p><strong>Chapelaria moderna<\/strong><\/p>\n<p><a href=\"http:\/\/www.proma.com.br\/blog\/wp-content\/uploads\/2017\/11\/162.jpg\"><img loading=\"lazy\" class=\"alignnone size-full wp-image-5398\" src=\"http:\/\/www.proma.com.br\/blog\/wp-content\/uploads\/2017\/11\/162.jpg\" alt=\"16\" width=\"620\" height=\"930\" srcset=\"https:\/\/www.proma.com.br\/blog\/wp-content\/uploads\/2017\/11\/162.jpg 620w, https:\/\/www.proma.com.br\/blog\/wp-content\/uploads\/2017\/11\/162-200x300.jpg 200w\" sizes=\"(max-width: 620px) 100vw, 620px\" \/><\/a><\/p>\n<p>O nicho de 1,20 x 0,20 m na parede, junto ao hall de entrada e ao lado da porta do lavabo, foi transformado em chapelaria pelos arquitetos Antonio Ferreira Junior e Mario Celso Bernardes. A pe\u00e7a de madeira laqueada de cinza-chumbo acompanha o tom das paredes do apartamento. No fundo, eles fixaram oito ganchos cromados para pendurar bolsas, casacos e chap\u00e9us. Fechada por uma porta de correr, metade da \u00e1rea tem prateleiras para guardar toalhas e outros materiais usados no lavabo.<\/p>\n<p><strong>Prateleiras desalinhadas<\/strong><\/p>\n<p><a href=\"http:\/\/www.proma.com.br\/blog\/wp-content\/uploads\/2017\/11\/172.jpg\"><img loading=\"lazy\" class=\"alignnone size-full wp-image-5396\" src=\"http:\/\/www.proma.com.br\/blog\/wp-content\/uploads\/2017\/11\/172.jpg\" alt=\"17\" width=\"620\" height=\"932\" srcset=\"https:\/\/www.proma.com.br\/blog\/wp-content\/uploads\/2017\/11\/172.jpg 620w, https:\/\/www.proma.com.br\/blog\/wp-content\/uploads\/2017\/11\/172-199x300.jpg 199w\" sizes=\"(max-width: 620px) 100vw, 620px\" \/><\/a><\/p>\n<p>Para aproveitar o p\u00e9-direito alto desta casa de campo, o escrit\u00f3rio M. Lisboa Arquitetura e Interiores criou uma composi\u00e7\u00e3o com prateleiras de madeira cumaru de diferentes comprimentos e larguras \u2013 dispostas com uma diferen\u00e7a de 34 cm de altura \u2013 para abrigar quadros, lumin\u00e1rias e outros adornos. As pe\u00e7as dispensam o uso de uma estante e foram posicionadas em desalinho para n\u00e3o sobrecarregar o visual leve da sala. Outra dica: as prateleiras ganharam discretas faces mais elevadas para reduzir o risco de queda dos objetos.<\/p>\n<p>______<\/p>\n<p><a href=\"https:\/\/goo.gl\/mUEnig\" target=\"_blank\" rel=\"noopener\">Clique aqui<\/a> e confira dicas de organiza\u00e7\u00e3o para banheiros pequenos.<\/p>\n<p>______<\/p>\n<p><strong>Cole\u00e7\u00e3o na parede<\/strong><\/p>\n<p><img loading=\"lazy\" class=\"alignnone size-full wp-image-5397\" src=\"http:\/\/www.proma.com.br\/blog\/wp-content\/uploads\/2017\/11\/181.jpg\" alt=\"18\" width=\"620\" height=\"920\" srcset=\"https:\/\/www.proma.com.br\/blog\/wp-content\/uploads\/2017\/11\/181.jpg 620w, https:\/\/www.proma.com.br\/blog\/wp-content\/uploads\/2017\/11\/181-202x300.jpg 202w\" sizes=\"(max-width: 620px) 100vw, 620px\" \/><\/p>\n<p>Jo\u00e3o Armentano est\u00e1 sempre inovando. Na sua \u00faltima viagem ao Uruguai, o arquiteto trouxe um cabideiro de ferro, de ganchos decorados com imagens de porquinhos para a sua casa de campo. A pe\u00e7a, entre a sala de estar e a de jantar, ficou respons\u00e1vel por colocar em ordem alguns dos objetos de cole\u00e7\u00e3o do morador, al\u00e9m de, \u00e9 claro, dar um tom de humor \u00e0 decora\u00e7\u00e3o do ambiente. Para quem gostou da ideia, uma alternativa \u00e9 reproduzi-la em pequenos espa\u00e7os como, por exemplo, no hall de entrada ou no corredor.<\/p>\n<p>N\u00e3o deixe que os meses de 2018 passem sem que voc\u00ea consiga deixar a sua casa organizada. N\u00e3o tem tempo? Ent\u00e3o, que tal baixar o nosso e-book com dicas interessantes sobre a gest\u00e3o do tempo? \u00c9 s\u00f3 <a href=\"https:\/\/goo.gl\/C4S3Eq\" target=\"_blank\" rel=\"noopener\">clicar aqui<\/a>.<\/p>\n<p><strong>Fonte:<\/strong> <a href=\"https:\/\/goo.gl\/nXFLSt\" target=\"_blank\" rel=\"noopener\">Casa e Jardim<\/a><\/p>\n","protected":false},"excerpt":{"rendered":"<p>A organiza\u00e7\u00e3o torna a vida mais f\u00e1cil. Beeeeeeeeem mais f\u00e1cil! S\u00f3 o fato de n\u00e3o precisar procurar horas por um objeto que n\u00e3o deveria estar perdido faz voc\u00ea se estressar menos e, assim, ganhar qualidade de vida. Concorda? Ent\u00e3o acabe&hellip;<\/p>\n","protected":false},"author":2,"featured_media":5787,"comment_status":"open","ping_status":"closed","sticky":false,"template":"","format":"standard","meta":[],"categories":[1146,5],"tags":[1368,2902,1862],"_links":{"self":[{"href":"https:\/\/www.proma.com.br\/blog\/wp-json\/wp\/v2\/posts\/5395"}],"collection":[{"href":"https:\/\/www.proma.com.br\/blog\/wp-json\/wp\/v2\/posts"}],"about":[{"href":"https:\/\/www.proma.com.br\/blog\/wp-json\/wp\/v2\/types\/post"}],"author":[{"embeddable":true,"href":"https:\/\/www.proma.com.br\/blog\/wp-json\/wp\/v2\/users\/2"}],"replies":[{"embeddable":true,"href":"https:\/\/www.proma.com.br\/blog\/wp-json\/wp\/v2\/comments?post=5395"}],"version-history":[{"count":3,"href":"https:\/\/www.proma.com.br\/blog\/wp-json\/wp\/v2\/posts\/5395\/revisions"}],"predecessor-version":[{"id":5788,"href":"https:\/\/www.proma.com.br\/blog\/wp-json\/wp\/v2\/posts\/5395\/revisions\/5788"}],"wp:featuredmedia":[{"embeddable":true,"href":"https:\/\/www.proma.com.br\/blog\/wp-json\/wp\/v2\/media\/5787"}],"wp:attachment":[{"href":"https:\/\/www.proma.com.br\/blog\/wp-json\/wp\/v2\/media?parent=5395"}],"wp:term":[{"taxonomy":"category","embeddable":true,"href":"https:\/\/www.proma.com.br\/blog\/wp-json\/wp\/v2\/categories?post=5395"},{"taxonomy":"post_tag","embeddable":true,"href":"https:\/\/www.proma.com.br\/blog\/wp-json\/wp\/v2\/tags?post=5395"}],"curies":[{"name":"wp","href":"https:\/\/api.w.org\/{rel}","templated":true}]}}