{"id":5465,"date":"2018-04-03T14:58:52","date_gmt":"2018-04-03T17:58:52","guid":{"rendered":"http:\/\/www.proma.com.br\/blog\/?p=5465"},"modified":"2017-12-04T23:14:36","modified_gmt":"2017-12-05T02:14:36","slug":"7-dicas-para-criar-sensacao-de-amplitude-na-cozinha","status":"publish","type":"post","link":"https:\/\/www.proma.com.br\/blog\/7-dicas-para-criar-sensacao-de-amplitude-na-cozinha\/","title":{"rendered":"7 DICAS PARA CRIAR SENSA\u00c7\u00c3O DE AMPLITUDE NA COZINHA"},"content":{"rendered":"<p>Voc\u00ea comprou o seu apartamento, mas acha que a cozinha poderia ser maior? Bom, se n\u00e3o \u00e9 poss\u00edvel adicionar mais espa\u00e7o f\u00edsico ao ambiente, a solu\u00e7\u00e3o \u00e9 buscar ideias para criar a sensa\u00e7\u00e3o de amplitude.<\/p>\n<p>Confira!<\/p>\n<p>1. Uma grande quantidade de arm\u00e1rios superiores pode fazer com que a cozinha pare\u00e7a menor. Para trazer mais leveza, procure substitu\u00ed-los por prateleiras abertas. Al\u00e9m de \u201cabrir\u201d o espa\u00e7o, voc\u00ea tamb\u00e9m ter\u00e1 a oportunidade de deixar \u00e0 mostra suas lou\u00e7as preferidas.<\/p>\n<p><img loading=\"lazy\" class=\"alignnone size-full wp-image-5467\" src=\"http:\/\/www.proma.com.br\/blog\/wp-content\/uploads\/2017\/12\/01.jpg\" alt=\"01\" width=\"620\" height=\"455\" srcset=\"https:\/\/www.proma.com.br\/blog\/wp-content\/uploads\/2017\/12\/01.jpg 620w, https:\/\/www.proma.com.br\/blog\/wp-content\/uploads\/2017\/12\/01-408x300.jpg 408w\" sizes=\"(max-width: 620px) 100vw, 620px\" \/><\/p>\n<p>2. Para trazer aquela t\u00e3o desejada sensa\u00e7\u00e3o de amplitude, uma dica \u00e9 posicionar os azulejos verticalmente ao inv\u00e9s de horizontalmente. O simples gesto direciona o olhar para cima, fazendo com que o p\u00e9-direito pare\u00e7a maior do que realmente \u00e9.<\/p>\n<p><img loading=\"lazy\" class=\"alignnone size-full wp-image-5466\" src=\"http:\/\/www.proma.com.br\/blog\/wp-content\/uploads\/2017\/12\/02.jpg\" alt=\"02\" width=\"620\" height=\"455\" srcset=\"https:\/\/www.proma.com.br\/blog\/wp-content\/uploads\/2017\/12\/02.jpg 620w, https:\/\/www.proma.com.br\/blog\/wp-content\/uploads\/2017\/12\/02-408x300.jpg 408w\" sizes=\"(max-width: 620px) 100vw, 620px\" \/><\/p>\n<p>3. Uma maneira r\u00e1pida e barata de fazer a cozinha parecer mais comprida \u00e9 colocando uma passadeira. Ocasionalmente, mude o modelo para dar ao espa\u00e7o um novo visual com pouco esfor\u00e7o.<\/p>\n<p><img loading=\"lazy\" class=\"alignnone size-full wp-image-5468\" src=\"http:\/\/www.proma.com.br\/blog\/wp-content\/uploads\/2017\/12\/03.jpg\" alt=\"03\" width=\"620\" height=\"850\" srcset=\"https:\/\/www.proma.com.br\/blog\/wp-content\/uploads\/2017\/12\/03.jpg 620w, https:\/\/www.proma.com.br\/blog\/wp-content\/uploads\/2017\/12\/03-218x300.jpg 218w\" sizes=\"(max-width: 620px) 100vw, 620px\" \/><\/p>\n<p>4. N\u00e3o tem espa\u00e7o para uma mesa e cadeiras? Opte por uma mesa retr\u00e1til e banquinhos que possam ser dobrados. Isto permite melhor fluxo do tr\u00e1fego e evita excessos no c\u00f4modo.<\/p>\n<p><img loading=\"lazy\" class=\"alignnone size-full wp-image-5469\" src=\"http:\/\/www.proma.com.br\/blog\/wp-content\/uploads\/2017\/12\/04.jpg\" alt=\"04\" width=\"620\" height=\"850\" srcset=\"https:\/\/www.proma.com.br\/blog\/wp-content\/uploads\/2017\/12\/04.jpg 620w, https:\/\/www.proma.com.br\/blog\/wp-content\/uploads\/2017\/12\/04-218x300.jpg 218w\" sizes=\"(max-width: 620px) 100vw, 620px\" \/><\/p>\n<p>5. Invista em m\u00f3veis, eletrodom\u00e9stico, acess\u00f3rios ou at\u00e9 mesmo revestimentos sutilmente brilhantes. Eles ajudam a cozinha parecer maior por conta do reflexo que projetam em contato com a luz.<\/p>\n<p><a href=\"http:\/\/www.proma.com.br\/blog\/wp-content\/uploads\/2017\/12\/05.jpg\"><img loading=\"lazy\" class=\"alignnone size-full wp-image-5470\" src=\"http:\/\/www.proma.com.br\/blog\/wp-content\/uploads\/2017\/12\/05.jpg\" alt=\"05\" width=\"620\" height=\"413\" srcset=\"https:\/\/www.proma.com.br\/blog\/wp-content\/uploads\/2017\/12\/05.jpg 620w, https:\/\/www.proma.com.br\/blog\/wp-content\/uploads\/2017\/12\/05-450x300.jpg 450w\" sizes=\"(max-width: 620px) 100vw, 620px\" \/><\/a><\/p>\n<p>6. Se voc\u00ea mora em um studio e n\u00e3o tem muito espa\u00e7o, uma dica \u00e9 integrar ainda mais os espa\u00e7os adicionando a TV na cozinha.<\/p>\n<p><a href=\"http:\/\/www.proma.com.br\/blog\/wp-content\/uploads\/2017\/12\/06.jpg\"><img loading=\"lazy\" class=\"alignnone size-full wp-image-5471\" src=\"http:\/\/www.proma.com.br\/blog\/wp-content\/uploads\/2017\/12\/06.jpg\" alt=\"06\" width=\"620\" height=\"455\" srcset=\"https:\/\/www.proma.com.br\/blog\/wp-content\/uploads\/2017\/12\/06.jpg 620w, https:\/\/www.proma.com.br\/blog\/wp-content\/uploads\/2017\/12\/06-408x300.jpg 408w\" sizes=\"(max-width: 620px) 100vw, 620px\" \/><\/a><\/p>\n<p>7. Um suporte colocado no alto para as suas panelas e utens\u00edlios pode ser uma boa ideia, assim, voc\u00ea n\u00e3o precisa de grandes arm\u00e1rios que \u201cfecham\u201d o ambiente.<\/p>\n<p><a href=\"http:\/\/www.proma.com.br\/blog\/wp-content\/uploads\/2017\/12\/07.jpg\"><img loading=\"lazy\" class=\"alignnone size-full wp-image-5472\" src=\"http:\/\/www.proma.com.br\/blog\/wp-content\/uploads\/2017\/12\/07.jpg\" alt=\"07\" width=\"620\" height=\"455\" srcset=\"https:\/\/www.proma.com.br\/blog\/wp-content\/uploads\/2017\/12\/07.jpg 620w, https:\/\/www.proma.com.br\/blog\/wp-content\/uploads\/2017\/12\/07-408x300.jpg 408w\" sizes=\"(max-width: 620px) 100vw, 620px\" \/><\/a><\/p>\n<p>Gostou dessas dicas? N\u00f3s ficamos muito felizes em contribuir com ideias que possam deixar o seu lar do jeitinho que voc\u00ea sempre sonhou!<\/p>\n<p><strong>Fonte:<\/strong> <a href=\"https:\/\/goo.gl\/7TtGCS\" target=\"_blank\">Casa e Jardim<\/a><\/p>\n<p>_______<\/p>\n<p><strong>Leia mais:<\/strong><\/p>\n<p>Inspire-se! <a href=\"https:\/\/goo.gl\/hnGRSq\" target=\"_blank\">Clique aqui<\/a> e veja\u00a04 ideias para deixar a sua cozinha mais colorida.<\/p>\n<p><a href=\"https:\/\/goo.gl\/ucqThG\" target=\"_blank\">Clique aqui<\/a> e confira como manter os potes de cozinha sempre organizados.<\/p>\n<p>Coifa: qual o modelo ideal para a sua cozinha? <a href=\"https:\/\/goo.gl\/aAgvcX\" target=\"_blank\">Clique aqui<\/a> e confira.<\/p>\n","protected":false},"excerpt":{"rendered":"<p>Voc\u00ea comprou o seu apartamento, mas acha que a cozinha poderia ser maior? Bom, se n\u00e3o \u00e9 poss\u00edvel adicionar mais espa\u00e7o f\u00edsico ao ambiente, a solu\u00e7\u00e3o \u00e9 buscar ideias para criar a sensa\u00e7\u00e3o de amplitude. Confira! 1. Uma grande quantidade&hellip;<\/p>\n","protected":false},"author":2,"featured_media":5470,"comment_status":"open","ping_status":"closed","sticky":false,"template":"","format":"standard","meta":[],"categories":[1,2,5],"tags":[2914,2915,294,456,1007],"_links":{"self":[{"href":"https:\/\/www.proma.com.br\/blog\/wp-json\/wp\/v2\/posts\/5465"}],"collection":[{"href":"https:\/\/www.proma.com.br\/blog\/wp-json\/wp\/v2\/posts"}],"about":[{"href":"https:\/\/www.proma.com.br\/blog\/wp-json\/wp\/v2\/types\/post"}],"author":[{"embeddable":true,"href":"https:\/\/www.proma.com.br\/blog\/wp-json\/wp\/v2\/users\/2"}],"replies":[{"embeddable":true,"href":"https:\/\/www.proma.com.br\/blog\/wp-json\/wp\/v2\/comments?post=5465"}],"version-history":[{"count":4,"href":"https:\/\/www.proma.com.br\/blog\/wp-json\/wp\/v2\/posts\/5465\/revisions"}],"predecessor-version":[{"id":5488,"href":"https:\/\/www.proma.com.br\/blog\/wp-json\/wp\/v2\/posts\/5465\/revisions\/5488"}],"wp:featuredmedia":[{"embeddable":true,"href":"https:\/\/www.proma.com.br\/blog\/wp-json\/wp\/v2\/media\/5470"}],"wp:attachment":[{"href":"https:\/\/www.proma.com.br\/blog\/wp-json\/wp\/v2\/media?parent=5465"}],"wp:term":[{"taxonomy":"category","embeddable":true,"href":"https:\/\/www.proma.com.br\/blog\/wp-json\/wp\/v2\/categories?post=5465"},{"taxonomy":"post_tag","embeddable":true,"href":"https:\/\/www.proma.com.br\/blog\/wp-json\/wp\/v2\/tags?post=5465"}],"curies":[{"name":"wp","href":"https:\/\/api.w.org\/{rel}","templated":true}]}}