{"id":5624,"date":"2018-05-24T15:01:16","date_gmt":"2018-05-24T18:01:16","guid":{"rendered":"http:\/\/www.proma.com.br\/blog\/?p=5624"},"modified":"2018-01-30T15:44:36","modified_gmt":"2018-01-30T18:44:36","slug":"banheiro-todo-revestido-de-porcelanato-vai-ao-encontro-da-estetica-minimalista","status":"publish","type":"post","link":"https:\/\/www.proma.com.br\/blog\/banheiro-todo-revestido-de-porcelanato-vai-ao-encontro-da-estetica-minimalista\/","title":{"rendered":"BANHEIRO TODO REVESTIDO DE PORCELANATO VAI AO ENCONTRO DA EST\u00c9TICA MINIMALISTA"},"content":{"rendered":"<p>Inspira\u00e7\u00f5es s\u00e3o sempre bem-vindas. Mas, quando o assunto \u00e9 casa &amp; decora\u00e7\u00e3o, ideias e sugest\u00f5es tamb\u00e9m.<\/p>\n<p>A cada dia surgem novidades em todos os aspectos que envolvem a reforma, a constru\u00e7\u00e3o e o projeto de interiores de um lar. Com uma gama t\u00e3o grande de possibilidades \u2013 seja em revestimentos, cores, mobili\u00e1rios e por a\u00ed vai \u2013, nada melhor do que ficar por dentro de alguns exemplos.<\/p>\n<p>O t\u00f3pico de hoje \u00e9: <strong>banheiro<\/strong>.<\/p>\n<p><img loading=\"lazy\" class=\"alignnone size-full wp-image-5625\" src=\"http:\/\/www.proma.com.br\/blog\/wp-content\/uploads\/2018\/01\/02.png\" alt=\"\" width=\"1000\" height=\"666\" srcset=\"https:\/\/www.proma.com.br\/blog\/wp-content\/uploads\/2018\/01\/02.png 1000w, https:\/\/www.proma.com.br\/blog\/wp-content\/uploads\/2018\/01\/02-960x639.png 960w, https:\/\/www.proma.com.br\/blog\/wp-content\/uploads\/2018\/01\/02-768x511.png 768w, https:\/\/www.proma.com.br\/blog\/wp-content\/uploads\/2018\/01\/02-450x300.png 450w\" sizes=\"(max-width: 1000px) 100vw, 1000px\" \/><\/p>\n<p>Totalmente revestido de placas de 0,60 x 1,20m de porcelanato retificado com apar\u00eancia de concreto, este banheiro de 17 metros quadrados remete \u00e0 atmosfera tranquila dos ambientes termais. \u201cProcurei uma solu\u00e7\u00e3o minimalista e com tons neutros que propiciasse restauro e descanso aos moradores\u201d, diz a arquiteta Patricia Martinez.<\/p>\n<p>O destaque do projeto \u00e9 a banheira de 1,15 x 2,20m feita de alvenaria e que recebeu impermeabiliza\u00e7\u00e3o caprichada, al\u00e9m de um degrau de 0,60 x 1,20m. \u201cEle d\u00e1 conforto ao acesso, principalmente quando o piso est\u00e1 molhado\u201d, explica a profissional.<\/p>\n<p><img loading=\"lazy\" class=\"alignnone size-full wp-image-5626\" src=\"http:\/\/www.proma.com.br\/blog\/wp-content\/uploads\/2018\/01\/03.png\" alt=\"\" width=\"800\" height=\"1069\" srcset=\"https:\/\/www.proma.com.br\/blog\/wp-content\/uploads\/2018\/01\/03.png 800w, https:\/\/www.proma.com.br\/blog\/wp-content\/uploads\/2018\/01\/03-768x1026.png 768w, https:\/\/www.proma.com.br\/blog\/wp-content\/uploads\/2018\/01\/03-225x300.png 225w\" sizes=\"(max-width: 800px) 100vw, 800px\" \/><\/p>\n<p>Gostou? Ent\u00e3o deixe o seu coment\u00e1rio \ud83d\ude42<\/p>\n<p><strong>Fonte:<\/strong> <a href=\"https:\/\/goo.gl\/nxCq1S\" target=\"_blank\" rel=\"noopener\">Arquitetura &amp; Constru\u00e7\u00e3o<\/a><\/p>\n<p>________<\/p>\n<p><strong>Leia tamb\u00e9m:<\/strong><\/p>\n<ul>\n<li>Plantas naturais: <a href=\"https:\/\/goo.gl\/Pzab3i\" target=\"_blank\" rel=\"noopener\">clique aqui<\/a> e veja quais esp\u00e9cies voc\u00ea pode usar no banheiro.<\/li>\n<li>Seguran\u00e7a e cuidado para os banheiros de idosos: <a href=\"https:\/\/goo.gl\/uHYiAB\" target=\"_blank\" rel=\"noopener\">Clique aqui<\/a> para saber mais.<\/li>\n<\/ul>\n","protected":false},"excerpt":{"rendered":"<p>Inspira\u00e7\u00f5es s\u00e3o sempre bem-vindas. Mas, quando o assunto \u00e9 casa &amp; decora\u00e7\u00e3o, ideias e sugest\u00f5es tamb\u00e9m. A cada dia surgem novidades em todos os aspectos que envolvem a reforma, a constru\u00e7\u00e3o e o projeto de interiores de um lar. Com&hellip;<\/p>\n","protected":false},"author":2,"featured_media":5625,"comment_status":"open","ping_status":"closed","sticky":false,"template":"","format":"standard","meta":[],"categories":[5],"tags":[131,2954,862],"_links":{"self":[{"href":"https:\/\/www.proma.com.br\/blog\/wp-json\/wp\/v2\/posts\/5624"}],"collection":[{"href":"https:\/\/www.proma.com.br\/blog\/wp-json\/wp\/v2\/posts"}],"about":[{"href":"https:\/\/www.proma.com.br\/blog\/wp-json\/wp\/v2\/types\/post"}],"author":[{"embeddable":true,"href":"https:\/\/www.proma.com.br\/blog\/wp-json\/wp\/v2\/users\/2"}],"replies":[{"embeddable":true,"href":"https:\/\/www.proma.com.br\/blog\/wp-json\/wp\/v2\/comments?post=5624"}],"version-history":[{"count":3,"href":"https:\/\/www.proma.com.br\/blog\/wp-json\/wp\/v2\/posts\/5624\/revisions"}],"predecessor-version":[{"id":5628,"href":"https:\/\/www.proma.com.br\/blog\/wp-json\/wp\/v2\/posts\/5624\/revisions\/5628"}],"wp:featuredmedia":[{"embeddable":true,"href":"https:\/\/www.proma.com.br\/blog\/wp-json\/wp\/v2\/media\/5625"}],"wp:attachment":[{"href":"https:\/\/www.proma.com.br\/blog\/wp-json\/wp\/v2\/media?parent=5624"}],"wp:term":[{"taxonomy":"category","embeddable":true,"href":"https:\/\/www.proma.com.br\/blog\/wp-json\/wp\/v2\/categories?post=5624"},{"taxonomy":"post_tag","embeddable":true,"href":"https:\/\/www.proma.com.br\/blog\/wp-json\/wp\/v2\/tags?post=5624"}],"curies":[{"name":"wp","href":"https:\/\/api.w.org\/{rel}","templated":true}]}}