{"id":5725,"date":"2018-07-03T15:13:03","date_gmt":"2018-07-03T18:13:03","guid":{"rendered":"http:\/\/www.proma.com.br\/blog\/?p=5725"},"modified":"2018-02-27T22:25:50","modified_gmt":"2018-02-28T01:25:50","slug":"5-dicas-para-controlar-os-pensamentos-negativos","status":"publish","type":"post","link":"https:\/\/www.proma.com.br\/blog\/5-dicas-para-controlar-os-pensamentos-negativos\/","title":{"rendered":"5 DICAS PARA CONTROLAR OS PENSAMENTOS NEGATIVOS"},"content":{"rendered":"<p>Mesmo a pessoa mais positiva acha, em algumas circunst\u00e2ncias, que as coisas n\u00e3o t\u00eam chances de dar certo. Isso \u00e9 absolutamente normal. O problema \u00e9 quando isso come\u00e7a a acontecer com tanta frequ\u00eancia que, em pouco tempo, voc\u00ea passa a acreditar que todas as coisas que fizer v\u00e3o dar errado.<\/p>\n<p><img loading=\"lazy\" class=\"alignnone size-full wp-image-5726\" src=\"http:\/\/www.proma.com.br\/blog\/wp-content\/uploads\/2018\/02\/01-3.jpg\" alt=\"\" width=\"1000\" height=\"692\" srcset=\"https:\/\/www.proma.com.br\/blog\/wp-content\/uploads\/2018\/02\/01-3.jpg 1000w, https:\/\/www.proma.com.br\/blog\/wp-content\/uploads\/2018\/02\/01-3-960x664.jpg 960w, https:\/\/www.proma.com.br\/blog\/wp-content\/uploads\/2018\/02\/01-3-768x531.jpg 768w, https:\/\/www.proma.com.br\/blog\/wp-content\/uploads\/2018\/02\/01-3-434x300.jpg 434w\" sizes=\"(max-width: 1000px) 100vw, 1000px\" \/><\/p>\n<p>Os <strong>pensamentos negativos<\/strong> s\u00e3o um freio na vida das pessoas. Muitas vezes, n\u00f3s acreditamos que as a\u00e7\u00f5es de outras pessoas ou at\u00e9 mesmo a falta de recursos \u00e9 o que nos impede. No entanto, se seu pensamento for negativo, nem mesmo as condi\u00e7\u00f5es mais favor\u00e1veis o ajudar\u00e3o.<\/p>\n<p>Por isso, \u00e9 fundamental aprender a <strong>gerenciar os pensamentos negativos<\/strong> para que eles n\u00e3o impe\u00e7am nossas a\u00e7\u00f5es. N\u00e3o \u00e9 o caso de elimin\u00e1-los, j\u00e1 que isso seria imposs\u00edvel, e, sim, de aprender a melhor maneira de lidar com eles.<\/p>\n<p>Confira algumas dicas para evitar os pensamentos negativos:<\/p>\n<p><strong>1. Identific\u00e1-los<\/strong><\/p>\n<p>O que voc\u00ea considera como pensamentos negativos? Os seus medos, as experi\u00eancias ruins que voc\u00ea viveu, sua raiva reprimida, sua inseguran\u00e7a? Pensamento negativo \u00e9 um termo muito pessoal, que pode significar uma coisa para cada um. Descobrir quais s\u00e3o os seus \u00e9 o primeiro passo.<\/p>\n<p><strong>2. Descobrir seus efeitos<\/strong><\/p>\n<p>Os pensamentos negativos impedem que voc\u00ea fa\u00e7a o que precisa. Depois de descobrir quais s\u00e3o os seus pensamentos negativos, analise quais os efeitos deles sobre voc\u00ea. Identifique se voc\u00ea deixa de fazer as coisas por medo ou se a sua inseguran\u00e7a te faz realizar trabalhos mal feitos, por exemplo.<\/p>\n<p><strong>3. N\u00e3o tentar elimin\u00e1-los<\/strong><\/p>\n<p>Muito embora os pensamentos negativos atrapalhem a sua vida, tentar elimin\u00e1-los tamb\u00e9m n\u00e3o vai ajudar. Eles fazem parte de quem voc\u00ea \u00e9 e at\u00e9 t\u00eam alguma utilidade, como mostrar quais s\u00e3o os seus limites. Mas, tentar esquec\u00ea-los sem resolver o problema vai causar ainda mais conflitos.<\/p>\n<p><strong>4. Interpret\u00e1-los<\/strong><\/p>\n<p>Toda vez que surgir um pensamento negativo em sua mente, tente interpret\u00e1-lo. Analise de onde ele veio, o que pode t\u00ea-lo gerado e quais consequ\u00eancias ele pode ter sobre voc\u00ea. N\u00e3o tente ignor\u00e1-lo. Enfrente-o.<\/p>\n<p><strong>5. Libere-os<\/strong><\/p>\n<p>A melhor maneira de lidar com os pensamentos negativos \u00e9 tentar <strong>transform\u00e1-los em algo positivo<\/strong>, liberando-os de alguma forma. Se voc\u00ea gosta de escrever, pode ser uma boa ideia transformar seus sentimentos em palavras cada vez que tiver algum pensamento negativo. Voc\u00ea tamb\u00e9m pode transform\u00e1-los em pinturas ou em qualquer coisa que distraia seus pensamentos.<\/p>\n<p>Que tal colocar essas dicas em pr\u00e1tica e viver a vida com mais leveza?<\/p>\n<p><strong>Fonte:<\/strong> <a href=\"https:\/\/goo.gl\/WBYivj\" target=\"_blank\" rel=\"noopener\">Universia<\/a><\/p>\n<p>________<\/p>\n<p><strong>Leia tamb\u00e9m:<\/strong><\/p>\n<ul>\n<li><a href=\"https:\/\/goo.gl\/knpY57\" target=\"_blank\" rel=\"noopener\">Clique aqui<\/a> e conhe\u00e7a 5 h\u00e1bitos noturnos de pessoas de sucesso.<\/li>\n<li>Jornada para o sucesso: <a href=\"https:\/\/goo.gl\/124NtN\" target=\"_blank\" rel=\"noopener\">clique aqui<\/a> e saiba como fazer a carreira decolar.<\/li>\n<\/ul>\n","protected":false},"excerpt":{"rendered":"<p>Mesmo a pessoa mais positiva acha, em algumas circunst\u00e2ncias, que as coisas n\u00e3o t\u00eam chances de dar certo. Isso \u00e9 absolutamente normal. O problema \u00e9 quando isso come\u00e7a a acontecer com tanta frequ\u00eancia que, em pouco tempo, voc\u00ea passa a&hellip;<\/p>\n","protected":false},"author":2,"featured_media":5726,"comment_status":"open","ping_status":"closed","sticky":false,"template":"","format":"standard","meta":[],"categories":[1142],"tags":[2970,2971,1907],"_links":{"self":[{"href":"https:\/\/www.proma.com.br\/blog\/wp-json\/wp\/v2\/posts\/5725"}],"collection":[{"href":"https:\/\/www.proma.com.br\/blog\/wp-json\/wp\/v2\/posts"}],"about":[{"href":"https:\/\/www.proma.com.br\/blog\/wp-json\/wp\/v2\/types\/post"}],"author":[{"embeddable":true,"href":"https:\/\/www.proma.com.br\/blog\/wp-json\/wp\/v2\/users\/2"}],"replies":[{"embeddable":true,"href":"https:\/\/www.proma.com.br\/blog\/wp-json\/wp\/v2\/comments?post=5725"}],"version-history":[{"count":4,"href":"https:\/\/www.proma.com.br\/blog\/wp-json\/wp\/v2\/posts\/5725\/revisions"}],"predecessor-version":[{"id":5735,"href":"https:\/\/www.proma.com.br\/blog\/wp-json\/wp\/v2\/posts\/5725\/revisions\/5735"}],"wp:featuredmedia":[{"embeddable":true,"href":"https:\/\/www.proma.com.br\/blog\/wp-json\/wp\/v2\/media\/5726"}],"wp:attachment":[{"href":"https:\/\/www.proma.com.br\/blog\/wp-json\/wp\/v2\/media?parent=5725"}],"wp:term":[{"taxonomy":"category","embeddable":true,"href":"https:\/\/www.proma.com.br\/blog\/wp-json\/wp\/v2\/categories?post=5725"},{"taxonomy":"post_tag","embeddable":true,"href":"https:\/\/www.proma.com.br\/blog\/wp-json\/wp\/v2\/tags?post=5725"}],"curies":[{"name":"wp","href":"https:\/\/api.w.org\/{rel}","templated":true}]}}