{"id":5756,"date":"2018-07-17T14:31:29","date_gmt":"2018-07-17T17:31:29","guid":{"rendered":"http:\/\/www.proma.com.br\/blog\/?p=5756"},"modified":"2018-03-06T20:37:11","modified_gmt":"2018-03-06T23:37:11","slug":"prateleiras-abertas-na-cozinha-sim-ou-nao","status":"publish","type":"post","link":"https:\/\/www.proma.com.br\/blog\/prateleiras-abertas-na-cozinha-sim-ou-nao\/","title":{"rendered":"PRATELEIRAS ABERTAS NA COZINHA: SIM OU N\u00c3O?"},"content":{"rendered":"<p>Est\u00e1 planejando a sua cozinha ou est\u00e1 com vontade de repaginar o ambiente?<\/p>\n<p>J\u00e1 pensou que as prateleiras podem ser uma op\u00e7\u00e3o melhor do que os arm\u00e1rios fechados, se for para levar em considera\u00e7\u00e3o a economia e a funcionalidade?<\/p>\n<p><img loading=\"lazy\" class=\"alignnone size-full wp-image-5757\" src=\"http:\/\/www.proma.com.br\/blog\/wp-content\/uploads\/2018\/03\/01.jpg\" alt=\"\" width=\"620\" height=\"620\" srcset=\"https:\/\/www.proma.com.br\/blog\/wp-content\/uploads\/2018\/03\/01.jpg 620w, https:\/\/www.proma.com.br\/blog\/wp-content\/uploads\/2018\/03\/01-300x300.jpg 300w\" sizes=\"(max-width: 620px) 100vw, 620px\" \/><\/p>\n<p>N\u00f3s ajudamos voc\u00ea listando cinco motivos que est\u00e3o a favor das prateleiras abertas!<\/p>\n<p><strong>1. O espa\u00e7o parece maior<\/strong><\/p>\n<p>Ter muitos arm\u00e1rios superiores pode fazer com que a cozinha pare\u00e7a menor. Prateleiras abertas trazem mais leveza ao ambiente.<\/p>\n<p><strong>2. Visitas mais \u00e0 vontade<\/strong><\/p>\n<p>As prateleiras fazem com que as visitas se sintam em casa, j\u00e1 que elas n\u00e3o precisam perguntar onde est\u00e3o as coisas ou abrir todas as portas de arm\u00e1rios para encontrar algo. Tudo estar\u00e1 \u00e0 vista.<\/p>\n<p><strong>3. Gaste menos<\/strong><\/p>\n<p>Se voc\u00ea est\u00e1 pensando em repaginar a sua cozinha, as prateleiras podem ser uma op\u00e7\u00e3o mais econ\u00f4mica do que os arm\u00e1rios. J\u00e1 pensou nisso?<\/p>\n<p><strong>4. Lou\u00e7as \u00e0 mostra<\/strong><\/p>\n<p>Escolha os objetos que mais gosta e n\u00e3o tenha medo de deix\u00e1-los expostos! As lou\u00e7as podem at\u00e9 se tornar parte da decora\u00e7\u00e3o. Al\u00e9m de deixar a cozinha mais charmosa, elas tamb\u00e9m fazem com que o ambiente fique mais acolhedor.<\/p>\n<p><strong>5. Fa\u00e7a o teste<\/strong><\/p>\n<p>Ainda n\u00e3o tem certeza de que as prateleiras abertas podem ser a melhor op\u00e7\u00e3o para a sua cozinha? Fa\u00e7a um teste antes de assumi-las: remova as portas dos arm\u00e1rios por algumas semanas e veja como se sente. Caso n\u00e3o goste, basta colocar as portas novamente.<\/p>\n<p>E a\u00ed: prateleiras abertas na sua cozinha s\u00e3o uma op\u00e7\u00e3o?<\/p>\n<p><strong>Fonte:<\/strong> <a href=\"https:\/\/goo.gl\/2y7cDq\" target=\"_blank\" rel=\"noopener\">Casa e Jardim<\/a><\/p>\n<p>_____<\/p>\n<p><strong>Leia tamb\u00e9m:<\/strong><\/p>\n<ul>\n<li>11 inspira\u00e7\u00f5es para uma cozinha sempre organizada. <a href=\"https:\/\/goo.gl\/kQ9d1W\" target=\"_blank\" rel=\"noopener\">Clique aqui<\/a> e saiba mais.<\/li>\n<li>Coifa: <a href=\"https:\/\/goo.gl\/MZnTb1\" target=\"_blank\" rel=\"noopener\">clique aqui<\/a> e saiba qual \u00e9 o modelo ideal para a sua cozinha.<\/li>\n<\/ul>\n","protected":false},"excerpt":{"rendered":"<p>Est\u00e1 planejando a sua cozinha ou est\u00e1 com vontade de repaginar o ambiente? J\u00e1 pensou que as prateleiras podem ser uma op\u00e7\u00e3o melhor do que os arm\u00e1rios fechados, se for para levar em considera\u00e7\u00e3o a economia e a funcionalidade? N\u00f3s&hellip;<\/p>\n","protected":false},"author":2,"featured_media":5757,"comment_status":"open","ping_status":"closed","sticky":false,"template":"","format":"standard","meta":[],"categories":[2,5],"tags":[96,294,880],"_links":{"self":[{"href":"https:\/\/www.proma.com.br\/blog\/wp-json\/wp\/v2\/posts\/5756"}],"collection":[{"href":"https:\/\/www.proma.com.br\/blog\/wp-json\/wp\/v2\/posts"}],"about":[{"href":"https:\/\/www.proma.com.br\/blog\/wp-json\/wp\/v2\/types\/post"}],"author":[{"embeddable":true,"href":"https:\/\/www.proma.com.br\/blog\/wp-json\/wp\/v2\/users\/2"}],"replies":[{"embeddable":true,"href":"https:\/\/www.proma.com.br\/blog\/wp-json\/wp\/v2\/comments?post=5756"}],"version-history":[{"count":2,"href":"https:\/\/www.proma.com.br\/blog\/wp-json\/wp\/v2\/posts\/5756\/revisions"}],"predecessor-version":[{"id":5760,"href":"https:\/\/www.proma.com.br\/blog\/wp-json\/wp\/v2\/posts\/5756\/revisions\/5760"}],"wp:featuredmedia":[{"embeddable":true,"href":"https:\/\/www.proma.com.br\/blog\/wp-json\/wp\/v2\/media\/5757"}],"wp:attachment":[{"href":"https:\/\/www.proma.com.br\/blog\/wp-json\/wp\/v2\/media?parent=5756"}],"wp:term":[{"taxonomy":"category","embeddable":true,"href":"https:\/\/www.proma.com.br\/blog\/wp-json\/wp\/v2\/categories?post=5756"},{"taxonomy":"post_tag","embeddable":true,"href":"https:\/\/www.proma.com.br\/blog\/wp-json\/wp\/v2\/tags?post=5756"}],"curies":[{"name":"wp","href":"https:\/\/api.w.org\/{rel}","templated":true}]}}