{"id":5785,"date":"2018-07-31T15:09:27","date_gmt":"2018-07-31T18:09:27","guid":{"rendered":"http:\/\/www.proma.com.br\/blog\/?p=5785"},"modified":"2018-03-11T22:17:02","modified_gmt":"2018-03-12T01:17:02","slug":"um-cochilo-gostoso-5-regras-para-escolher-o-sofa-perfeito","status":"publish","type":"post","link":"https:\/\/www.proma.com.br\/blog\/um-cochilo-gostoso-5-regras-para-escolher-o-sofa-perfeito\/","title":{"rendered":"UM COCHILO GOSTOSO: 5 REGRAS PARA ESCOLHER O SOF\u00c1 PERFEITO"},"content":{"rendered":"<p>De segunda a sexta, uma rotina cansativa. Trabalho, filhos, tarefas dom\u00e9sticas, divers\u00e3o, estudos e por a\u00ed vai. O que muda s\u00e3o os afazeres, mas \u00e9 unanimidade que, ao chegar em casa, nada melhor do que tirar os cal\u00e7ados e se jogar no&#8230; sof\u00e1!<\/p>\n<p><img loading=\"lazy\" class=\"alignnone size-full wp-image-5786\" src=\"http:\/\/www.proma.com.br\/blog\/wp-content\/uploads\/2018\/03\/01-2.jpg\" alt=\"\" width=\"620\" height=\"413\" srcset=\"https:\/\/www.proma.com.br\/blog\/wp-content\/uploads\/2018\/03\/01-2.jpg 620w, https:\/\/www.proma.com.br\/blog\/wp-content\/uploads\/2018\/03\/01-2-450x300.jpg 450w\" sizes=\"(max-width: 620px) 100vw, 620px\" \/><\/p>\n<p>Como \u00e9 relaxante, n\u00e3o \u00e9 mesmo?<\/p>\n<p>Mas, voc\u00ea sabe como escolher o sof\u00e1 ideal?<\/p>\n<p>N\u00f3s separamos algumas dicas valiosas. Presta aten\u00e7\u00e3o!<\/p>\n<p><strong>1. Sempre experimente antes de comprar!<\/strong><\/p>\n<p>Geralmente, a profundidade do assento de um sof\u00e1 \u00e9 de 60 cm. J\u00e1 a altura do sof\u00e1 varia de 45 cm a 50 cm. Como n\u00e3o existe uma medida ideal, o certo \u00e9 que voc\u00ea procure o que for mais confort\u00e1vel para voc\u00ea. A altura de cada pessoa interfere no tipo de sof\u00e1 que \u00e9 mais c\u00f4modo, por isso \u00e9 t\u00e3o importante experimentar!<\/p>\n<p><strong>2. Vale a pena pagar por uma boa estrutura<\/strong><\/p>\n<p>Um sof\u00e1 \u00e9 um investimento \u2013 e a estrutura \u00e9 o ponto principal, j\u00e1 que ela ter\u00e1 que aguentar v\u00e1rios cochilos. Preste aten\u00e7\u00e3o na garantia do produto (alguns fabricantes oferecem garantia vital\u00edcia). Uma boa pedida \u00e9 investir em estruturas de madeira s\u00f3lida.<\/p>\n<p><strong>3. As almofadas tamb\u00e9m importam<\/strong><\/p>\n<p>Claro que uma boa estrutura n\u00e3o adianta muito sem boas almofadas. As de pena s\u00e3o muito confort\u00e1veis, mas voc\u00ea vai precisar ench\u00ea-las com certa frequ\u00eancia. J\u00e1 aquelas feitas com espuma e\/ou fibras podem perder a forma com o tempo. Por isso, o ideal \u00e9 combinar esses materiais: use as fibras e espuma nas almofadas do assento e as penas para aquelas que servem de apoio \u00e0s costas.<\/p>\n<p><strong>4. Preste aten\u00e7\u00e3o no tecido<\/strong><\/p>\n<p>O sof\u00e1 \u00e9 uma das pe\u00e7as principais da sala de estar, por isso \u00e9 importante escolher bem o tecido e a estampa para que o sof\u00e1 combine com o restante da decora\u00e7\u00e3o. Se o seu sof\u00e1 fica perto de janelas, opte por materiais sint\u00e9ticos, que, ao contr\u00e1rio dos naturais, n\u00e3o se deterioram com a luz solar. Uma capa para o m\u00f3vel tamb\u00e9m pode ser algo interessante se voc\u00ea tem pets em casa, j\u00e1 que fica mais f\u00e1cil lav\u00e1-las.<\/p>\n<p><strong>5. S\u00f3 falta medir!<\/strong><\/p>\n<p>E n\u00e3o \u00e9 s\u00f3 medir o espa\u00e7o que o seu sof\u00e1 ocupar\u00e1: me\u00e7a tamb\u00e9m as dimens\u00f5es das portas e escadas pelos quais ele ter\u00e1 que passar. Se for o caso, opte por um m\u00f3vel com p\u00e9s remov\u00edveis ou um que possa ser separado e remontado dentro da sua casa.<\/p>\n<p>Como \u00e9 o sof\u00e1 da sua casa?<\/p>\n<p><strong>Fonte:<\/strong> <a href=\"https:\/\/goo.gl\/rk8g85\" target=\"_blank\" rel=\"noopener\">Casa e Jardim<\/a><\/p>\n<p>_______<\/p>\n<p><strong>Leia tamb\u00e9m:<\/strong><\/p>\n<ul>\n<li>Escolha um sof\u00e1\u00a0colorido e tenha uma sala cheia de vida. <a href=\"https:\/\/goo.gl\/ax7g7H\" target=\"_blank\" rel=\"noopener\">Clique aqui<\/a> e saiba mais.<\/li>\n<li><a href=\"https:\/\/goo.gl\/VkUK3K\" target=\"_blank\" rel=\"noopener\">Clique aqui<\/a> e confira o tamanho ideal do sof\u00e1 e da mesa de jantar.<\/li>\n<\/ul>\n","protected":false},"excerpt":{"rendered":"<p>De segunda a sexta, uma rotina cansativa. Trabalho, filhos, tarefas dom\u00e9sticas, divers\u00e3o, estudos e por a\u00ed vai. O que muda s\u00e3o os afazeres, mas \u00e9 unanimidade que, ao chegar em casa, nada melhor do que tirar os cal\u00e7ados e se&hellip;<\/p>\n","protected":false},"author":2,"featured_media":5786,"comment_status":"open","ping_status":"closed","sticky":false,"template":"","format":"standard","meta":[],"categories":[2927],"tags":[2635],"_links":{"self":[{"href":"https:\/\/www.proma.com.br\/blog\/wp-json\/wp\/v2\/posts\/5785"}],"collection":[{"href":"https:\/\/www.proma.com.br\/blog\/wp-json\/wp\/v2\/posts"}],"about":[{"href":"https:\/\/www.proma.com.br\/blog\/wp-json\/wp\/v2\/types\/post"}],"author":[{"embeddable":true,"href":"https:\/\/www.proma.com.br\/blog\/wp-json\/wp\/v2\/users\/2"}],"replies":[{"embeddable":true,"href":"https:\/\/www.proma.com.br\/blog\/wp-json\/wp\/v2\/comments?post=5785"}],"version-history":[{"count":2,"href":"https:\/\/www.proma.com.br\/blog\/wp-json\/wp\/v2\/posts\/5785\/revisions"}],"predecessor-version":[{"id":5790,"href":"https:\/\/www.proma.com.br\/blog\/wp-json\/wp\/v2\/posts\/5785\/revisions\/5790"}],"wp:featuredmedia":[{"embeddable":true,"href":"https:\/\/www.proma.com.br\/blog\/wp-json\/wp\/v2\/media\/5786"}],"wp:attachment":[{"href":"https:\/\/www.proma.com.br\/blog\/wp-json\/wp\/v2\/media?parent=5785"}],"wp:term":[{"taxonomy":"category","embeddable":true,"href":"https:\/\/www.proma.com.br\/blog\/wp-json\/wp\/v2\/categories?post=5785"},{"taxonomy":"post_tag","embeddable":true,"href":"https:\/\/www.proma.com.br\/blog\/wp-json\/wp\/v2\/tags?post=5785"}],"curies":[{"name":"wp","href":"https:\/\/api.w.org\/{rel}","templated":true}]}}