{"id":5913,"date":"2019-05-09T15:01:54","date_gmt":"2019-05-09T18:01:54","guid":{"rendered":"http:\/\/www.proma.com.br\/blog\/?p=5913"},"modified":"2018-11-27T19:10:13","modified_gmt":"2018-11-27T22:10:13","slug":"10-dicas-para-um-lar-mais-aconchegante","status":"publish","type":"post","link":"https:\/\/www.proma.com.br\/blog\/10-dicas-para-um-lar-mais-aconchegante\/","title":{"rendered":"10 DICAS PARA UM LAR MAIS ACONCHEGANTE"},"content":{"rendered":"<p>\u00c9 muito bom chegar em casa, n\u00e3o \u00e9 mesmo? Mas, \u00e9 melhor ainda se ela for aconchegante e trouxer paz.<\/p>\n<p>Sinta o seu lar te abra\u00e7ando com essas dicas muito f\u00e1ceis de serem colocadas em pr\u00e1tica.<\/p>\n<p><strong>1. Coloque cortinas nas paredes<\/strong><\/p>\n<p><img loading=\"lazy\" class=\"alignnone size-full wp-image-5914\" src=\"http:\/\/www.proma.com.br\/blog\/wp-content\/uploads\/2018\/04\/01-2.jpg\" alt=\"\" width=\"620\" height=\"930\" srcset=\"https:\/\/www.proma.com.br\/blog\/wp-content\/uploads\/2018\/04\/01-2.jpg 620w, https:\/\/www.proma.com.br\/blog\/wp-content\/uploads\/2018\/04\/01-2-200x300.jpg 200w\" sizes=\"(max-width: 620px) 100vw, 620px\" \/><\/p>\n<p>O material e o visual trazem um clima caseiro para o ambiente.<\/p>\n<p><strong>2. Espalhe pela casa fotos dos seus familiares<\/strong><\/p>\n<p><img loading=\"lazy\" class=\"alignnone size-full wp-image-6149\" src=\"http:\/\/www.proma.com.br\/blog\/wp-content\/uploads\/2018\/08\/Quadros.jpg\" alt=\"\" width=\"640\" height=\"426\" srcset=\"https:\/\/www.proma.com.br\/blog\/wp-content\/uploads\/2018\/08\/Quadros.jpg 640w, https:\/\/www.proma.com.br\/blog\/wp-content\/uploads\/2018\/08\/Quadros-451x300.jpg 451w\" sizes=\"(max-width: 640px) 100vw, 640px\" \/><\/p>\n<p>Seja em quadros ou porta-retratos, fotos da fam\u00edlia transformam a casa em um verdadeiro ninho, com muito conforto.<\/p>\n<p><strong>3. Coloque uma poltrona no seu quarto<\/strong><\/p>\n<p><img loading=\"lazy\" class=\"alignnone size-large wp-image-5916\" src=\"http:\/\/www.proma.com.br\/blog\/wp-content\/uploads\/2018\/04\/03.jpg\" alt=\"\" width=\"584\" height=\"876\" srcset=\"https:\/\/www.proma.com.br\/blog\/wp-content\/uploads\/2018\/04\/03.jpg 620w, https:\/\/www.proma.com.br\/blog\/wp-content\/uploads\/2018\/04\/03-200x300.jpg 200w\" sizes=\"(max-width: 584px) 100vw, 584px\" \/><\/p>\n<p>Ela vai, em algum momento, te chamar para um momento de leitura.<\/p>\n<p><strong>4. Use acess\u00f3rios<\/strong><\/p>\n<p><img loading=\"lazy\" class=\"alignnone size-large wp-image-5917\" src=\"http:\/\/www.proma.com.br\/blog\/wp-content\/uploads\/2018\/04\/04.jpg\" alt=\"\" width=\"584\" height=\"389\" srcset=\"https:\/\/www.proma.com.br\/blog\/wp-content\/uploads\/2018\/04\/04.jpg 940w, https:\/\/www.proma.com.br\/blog\/wp-content\/uploads\/2018\/04\/04-768x511.jpg 768w, https:\/\/www.proma.com.br\/blog\/wp-content\/uploads\/2018\/04\/04-450x300.jpg 450w\" sizes=\"(max-width: 584px) 100vw, 584px\" \/><\/p>\n<p>Pe\u00e7as como almofadas e mantas s\u00e3o \u00f3timas para mudar o clima da casa de acordo com a temporada. Uma almofada com uma estampa xadrez, por exemplo, deixar\u00e1 o seu inverno muito mais aconchegante.<\/p>\n<p><strong>5. Pinte a parede do seu quarto<\/strong><\/p>\n<p><img loading=\"lazy\" class=\"alignnone size-large wp-image-5918\" src=\"http:\/\/www.proma.com.br\/blog\/wp-content\/uploads\/2018\/04\/05.jpg\" alt=\"\" width=\"584\" height=\"429\" srcset=\"https:\/\/www.proma.com.br\/blog\/wp-content\/uploads\/2018\/04\/05.jpg 620w, https:\/\/www.proma.com.br\/blog\/wp-content\/uploads\/2018\/04\/05-409x300.jpg 409w\" sizes=\"(max-width: 584px) 100vw, 584px\" \/><\/p>\n<p>As cores escuras deixam o ambiente ainda mais acolhedor, mas n\u00e3o se esque\u00e7a de usar pe\u00e7as mais claras em contraponto.<\/p>\n<p><strong>6. Experimente criar um cantinho confort\u00e1vel<\/strong><\/p>\n<p><img loading=\"lazy\" class=\"alignnone size-large wp-image-5919\" src=\"http:\/\/www.proma.com.br\/blog\/wp-content\/uploads\/2018\/04\/06.jpg\" alt=\"\" width=\"584\" height=\"612\" srcset=\"https:\/\/www.proma.com.br\/blog\/wp-content\/uploads\/2018\/04\/06.jpg 620w, https:\/\/www.proma.com.br\/blog\/wp-content\/uploads\/2018\/04\/06-286x300.jpg 286w\" sizes=\"(max-width: 584px) 100vw, 584px\" \/><\/p>\n<p>Uma boa ideia \u00e9 deixar uma cama ou um sof\u00e1 que guarde boas mem\u00f3rias encostados na parede, e colocar travesseiros em cima.<\/p>\n<p><strong>7. Deixe seus cobertores \u00e0 mostra<\/strong><\/p>\n<p><img loading=\"lazy\" class=\"alignnone size-large wp-image-5920\" src=\"http:\/\/www.proma.com.br\/blog\/wp-content\/uploads\/2018\/04\/07.jpg\" alt=\"\" width=\"584\" height=\"567\" srcset=\"https:\/\/www.proma.com.br\/blog\/wp-content\/uploads\/2018\/04\/07.jpg 620w, https:\/\/www.proma.com.br\/blog\/wp-content\/uploads\/2018\/04\/07-309x300.jpg 309w\" sizes=\"(max-width: 584px) 100vw, 584px\" \/><\/p>\n<p>Assim, o ambiente fica mais bonito e os cobertores ficam mais acess\u00edveis.<\/p>\n<p><strong>8. Use tapetes<\/strong><\/p>\n<p><img loading=\"lazy\" class=\"alignnone size-large wp-image-5921\" src=\"http:\/\/www.proma.com.br\/blog\/wp-content\/uploads\/2018\/04\/08.jpg\" alt=\"\" width=\"584\" height=\"389\" srcset=\"https:\/\/www.proma.com.br\/blog\/wp-content\/uploads\/2018\/04\/08.jpg 620w, https:\/\/www.proma.com.br\/blog\/wp-content\/uploads\/2018\/04\/08-450x300.jpg 450w\" sizes=\"(max-width: 584px) 100vw, 584px\" \/><\/p>\n<p>Nada mais aconchegante do que colocar os p\u00e9s em uma superf\u00edcie macia.<\/p>\n<p><strong>9. Acrescente pisca-piscas \u00e0 decora\u00e7\u00e3o<\/strong><\/p>\n<p><img loading=\"lazy\" class=\"alignnone size-large wp-image-5922\" src=\"http:\/\/www.proma.com.br\/blog\/wp-content\/uploads\/2018\/04\/09.jpg\" alt=\"\" width=\"584\" height=\"875\" srcset=\"https:\/\/www.proma.com.br\/blog\/wp-content\/uploads\/2018\/04\/09.jpg 620w, https:\/\/www.proma.com.br\/blog\/wp-content\/uploads\/2018\/04\/09-200x300.jpg 200w\" sizes=\"(max-width: 584px) 100vw, 584px\" \/><\/p>\n<p>Ele n\u00e3o precisa \u2014 e nem deve \u2014\u00a0 ser usado s\u00f3 no Natal!<\/p>\n<p><strong>10. Acenda uma lareira nos dias frios<\/strong><\/p>\n<p><img loading=\"lazy\" class=\"alignnone size-large wp-image-5923\" src=\"http:\/\/www.proma.com.br\/blog\/wp-content\/uploads\/2018\/04\/10.jpg\" alt=\"\" width=\"584\" height=\"826\" srcset=\"https:\/\/www.proma.com.br\/blog\/wp-content\/uploads\/2018\/04\/10.jpg 620w, https:\/\/www.proma.com.br\/blog\/wp-content\/uploads\/2018\/04\/10-212x300.jpg 212w\" sizes=\"(max-width: 584px) 100vw, 584px\" \/><\/p>\n<p>Se voc\u00ea tem uma lareira no seu lar, saiba que o calor do fogo deixa o lugar muito mais agrad\u00e1vel.<\/p>\n<p>N\u00e3o perca, nunca, a chance de transformar o seu lar em uma morada aconchegante e receptiva.<\/p>\n<p><strong>Fonte:\u00a0<\/strong><a href=\"https:\/\/glo.bo\/2pnpz0N\" target=\"_blank\" rel=\"noopener\">Casa e Jardim<\/a><\/p>\n<p>_____<\/p>\n<p><strong>Leia tamb\u00e9m:<\/strong><\/p>\n<ul>\n<li>Tonalidades em harmonia para um lar aconchegante. <a href=\"https:\/\/bit.ly\/2GxUov6\" target=\"_blank\" rel=\"noopener\">Clique aqui<\/a> e saiba mais.<\/li>\n<li>Projetos que inspiram: <a href=\"https:\/\/bit.ly\/2JgAId0\" target=\"_blank\" rel=\"noopener\">clique aqui<\/a> e veja a ilumina\u00e7\u00e3o como destaque em um apartamento.<\/li>\n<\/ul>\n","protected":false},"excerpt":{"rendered":"<p>\u00c9 muito bom chegar em casa, n\u00e3o \u00e9 mesmo? Mas, \u00e9 melhor ainda se ela for aconchegante e trouxer paz. Sinta o seu lar te abra\u00e7ando com essas dicas muito f\u00e1ceis de serem colocadas em pr\u00e1tica. 1. Coloque cortinas nas&hellip;<\/p>\n","protected":false},"author":2,"featured_media":5920,"comment_status":"open","ping_status":"closed","sticky":false,"template":"","format":"standard","meta":[],"categories":[2,2927,1145],"tags":[3004,3002,3003],"_links":{"self":[{"href":"https:\/\/www.proma.com.br\/blog\/wp-json\/wp\/v2\/posts\/5913"}],"collection":[{"href":"https:\/\/www.proma.com.br\/blog\/wp-json\/wp\/v2\/posts"}],"about":[{"href":"https:\/\/www.proma.com.br\/blog\/wp-json\/wp\/v2\/types\/post"}],"author":[{"embeddable":true,"href":"https:\/\/www.proma.com.br\/blog\/wp-json\/wp\/v2\/users\/2"}],"replies":[{"embeddable":true,"href":"https:\/\/www.proma.com.br\/blog\/wp-json\/wp\/v2\/comments?post=5913"}],"version-history":[{"count":4,"href":"https:\/\/www.proma.com.br\/blog\/wp-json\/wp\/v2\/posts\/5913\/revisions"}],"predecessor-version":[{"id":6151,"href":"https:\/\/www.proma.com.br\/blog\/wp-json\/wp\/v2\/posts\/5913\/revisions\/6151"}],"wp:featuredmedia":[{"embeddable":true,"href":"https:\/\/www.proma.com.br\/blog\/wp-json\/wp\/v2\/media\/5920"}],"wp:attachment":[{"href":"https:\/\/www.proma.com.br\/blog\/wp-json\/wp\/v2\/media?parent=5913"}],"wp:term":[{"taxonomy":"category","embeddable":true,"href":"https:\/\/www.proma.com.br\/blog\/wp-json\/wp\/v2\/categories?post=5913"},{"taxonomy":"post_tag","embeddable":true,"href":"https:\/\/www.proma.com.br\/blog\/wp-json\/wp\/v2\/tags?post=5913"}],"curies":[{"name":"wp","href":"https:\/\/api.w.org\/{rel}","templated":true}]}}