{"id":5958,"date":"2018-06-26T14:58:14","date_gmt":"2018-06-26T17:58:14","guid":{"rendered":"http:\/\/www.proma.com.br\/blog\/?p=5958"},"modified":"2018-06-21T21:05:25","modified_gmt":"2018-06-22T00:05:25","slug":"aquecimento-solar-tecnologia-a-servico-da-sustentabilidade-2","status":"publish","type":"post","link":"https:\/\/www.proma.com.br\/blog\/aquecimento-solar-tecnologia-a-servico-da-sustentabilidade-2\/","title":{"rendered":"Aquecimento solar: tecnologia \u00e0 servi\u00e7o da sustentabilidade"},"content":{"rendered":"<p><em>Sistemas tecnol\u00f3gicos de energia solar para aquecimento da \u00e1gua s\u00e3o uma importante iniciativa para\u00a0auxiliar na preserva\u00e7\u00e3o do meio ambiente<\/em><\/p>\n<p><img loading=\"lazy\" class=\"alignnone size-large wp-image-5963\" src=\"http:\/\/www.proma.com.br\/blog\/wp-content\/uploads\/2018\/06\/05-1.jpg\" alt=\"\" width=\"584\" height=\"429\" srcset=\"https:\/\/www.proma.com.br\/blog\/wp-content\/uploads\/2018\/06\/05-1.jpg 620w, https:\/\/www.proma.com.br\/blog\/wp-content\/uploads\/2018\/06\/05-1-409x300.jpg 409w\" sizes=\"(max-width: 584px) 100vw, 584px\" \/><\/p>\n<p>Unir <strong>tecnologia com sustentabilidade\u00a0<\/strong>para gerar economia (de dinheiro e de energia!) e contribuir com a recupera\u00e7\u00e3o da natureza: esses s\u00e3o os principais objetivos do Sistema de Aquecimento Solar. De acordo com informa\u00e7\u00f5es do Minist\u00e9rio do Meio Ambiente (MMA), cuja miss\u00e3o \u00e9 promover a ado\u00e7\u00e3o de estrat\u00e9gias para o uso sustent\u00e1vel dos recursos naturais, a energia proveniente do sol \u00e9 n\u00e3o poluente e inesgot\u00e1vel, al\u00e9m de ser considerada uma alternativa promissora para vencer os desafios da expans\u00e3o da oferta energ\u00e9tica.<\/p>\n<p><strong>Cen\u00e1rio nacional e mundial<\/strong><\/p>\n<p>As pesquisas sobre o uso de fontes de energia renov\u00e1veis s\u00e3o realizadas no Brasil desde a d\u00e9cada de 1960. De acordo com dados de 2016, divulgados pela ag\u00eancia alem\u00e3 Sol Rico, o pa\u00eds teve um crescimento de 8% entre os anos de 2010 e 2015, ficando em <strong>terceiro no ranking internacional de aquecedores solares\u00a0<\/strong>\u2013 atr\u00e1s, apenas, da China e da Turquia.<\/p>\n<p><img loading=\"lazy\" class=\"alignnone size-large wp-image-5960\" src=\"http:\/\/www.proma.com.br\/blog\/wp-content\/uploads\/2018\/06\/02-1.jpg\" alt=\"\" width=\"584\" height=\"390\" srcset=\"https:\/\/www.proma.com.br\/blog\/wp-content\/uploads\/2018\/06\/02-1.jpg 1000w, https:\/\/www.proma.com.br\/blog\/wp-content\/uploads\/2018\/06\/02-1-960x640.jpg 960w, https:\/\/www.proma.com.br\/blog\/wp-content\/uploads\/2018\/06\/02-1-768x512.jpg 768w, https:\/\/www.proma.com.br\/blog\/wp-content\/uploads\/2018\/06\/02-1-450x300.jpg 450w\" sizes=\"(max-width: 584px) 100vw, 584px\" \/><\/p>\n<p>Essas informa\u00e7\u00f5es v\u00e3o ao encontro da constata\u00e7\u00e3o do Departamento Nacional de Energia Solar T\u00e9rmica (Dasol) de que o papel do aquecimento solar \u00e9 indiscutivelmente reconhecido no Brasil como medida efetiva de efici\u00eancia energ\u00e9tica. As \u00faltimas pesquisas, realizadas em 2015, apontam que aproximadamente seis milh\u00f5es de resid\u00eancias brasileiras j\u00e1 disp\u00f5em do equipamento.<\/p>\n<p><strong>Energia solar na constru\u00e7\u00e3o civil<\/strong><\/p>\n<p>No ramo da constru\u00e7\u00e3o civil, a qualidade e a localiza\u00e7\u00e3o do empreendimento aliadas \u00e0 preocupa\u00e7\u00e3o com o meio ambiente s\u00e3o, cada vez mais, fatores imperativos para atrair novos moradores.<\/p>\n<p>F\u00e1bio da Silva, da Tecnosol \u2013 empresa jaraguaense que atua na fabrica\u00e7\u00e3o de coletores solares, explicou em entrevista para o Blog Proma, em 2014, que o aquecimento solar \u00e9 ecologicamente correto, sendo uma das principais iniciativas sustent\u00e1veis que garantem o <strong>retorno do investimento em at\u00e9 36 meses <\/strong>\u2013 tanto em condom\u00ednios residenciais, quanto em casas, clubes e hot\u00e9is. \u201cUm aquecedor solar \u00e9 uma mini usina com capacidade para produzir energia em forma de \u00e1gua quente no local onde ser\u00e1 consumida. Ao mesmo tempo em que capta, armazena. Todo o sistema \u00e9 composto por coletores, reservat\u00f3rio t\u00e9rmico, tubula\u00e7\u00e3o pr\u00f3pria, al\u00e9m de um sistema de aquecimento auxiliar para dias chuvosos, que pode ser el\u00e9trico ou a g\u00e1s\u201d, esclarece Silva.<\/p>\n<p><img loading=\"lazy\" class=\"alignnone size-large wp-image-5961\" src=\"http:\/\/www.proma.com.br\/blog\/wp-content\/uploads\/2018\/06\/03-1-1024x767.jpg\" alt=\"\" width=\"584\" height=\"437\" srcset=\"https:\/\/www.proma.com.br\/blog\/wp-content\/uploads\/2018\/06\/03-1.jpg 1024w, https:\/\/www.proma.com.br\/blog\/wp-content\/uploads\/2018\/06\/03-1-960x719.jpg 960w, https:\/\/www.proma.com.br\/blog\/wp-content\/uploads\/2018\/06\/03-1-768x575.jpg 768w, https:\/\/www.proma.com.br\/blog\/wp-content\/uploads\/2018\/06\/03-1-401x300.jpg 401w\" sizes=\"(max-width: 584px) 100vw, 584px\" \/><\/p>\n<p>Os aquecedores solares podem ser usados em qualquer lugar em que h\u00e1 a necessidade de \u00e1gua quente e existem duas linhas: sistemas para \u00e1gua de consumo \u2013 chuveiros, banheiras de hidromassagem, torneiras de cozinhas e lavanderias \u2013 e para piscinas. Na maior parte das cidades brasileiras \u2013 como \u00e9 o caso de Jaragu\u00e1 do Sul \u2013, em ambos os casos a tecnologia do aquecimento solar aproveita a energia proveniente do sol e, no caso do sistema de \u00e1gua para consumo, a temperatura chega a aproximadamente 70\u00b0C no ver\u00e3o e 50\u00b0C no inverno. Silva esclarece, no entanto, que podem ocorrer varia\u00e7\u00f5es conforme a cidade, a tecnologia empregada, as condi\u00e7\u00f5es clim\u00e1ticas e de instala\u00e7\u00e3o.<\/p>\n<p>\u00c9 importante salientar tamb\u00e9m que o aquecedor funciona em dias nublados, atuando, por\u00e9m, com menor intensidade. \u201cO sistema permite que, mesmo em regi\u00f5es frias, como as do Sul, haja uma grande economia. Estima-se que, em m\u00e9dia, por meio dos aquecedores solares t\u00eam-se \u00e1gua quente gratuita durante 75% do ano proveniente de uma fonte de energia renov\u00e1vel, n\u00e3o poluente e abundante no pa\u00eds\u201d, assegura Silva.<\/p>\n<p><strong>N\u00e3o se esque\u00e7a!<\/strong><\/p>\n<p>Al\u00e9m de ser uma tecnologia sustent\u00e1vel que gera equil\u00edbrio energ\u00e9tico e economia de 50% na conta de energia, outros atributos positivos tamb\u00e9m justificam o uso de aquecedores solares: retorno do investimento em at\u00e9 36 meses, valoriza\u00e7\u00e3o do im\u00f3vel, conforto, custo baixo de manuten\u00e7\u00e3o e durabilidade (a vida \u00fatil de um aquecedor solar ultrapassa 20 anos e 95% dos componentes podem ser reciclados).<\/p>\n<p><strong><img loading=\"lazy\" class=\"alignnone size-full wp-image-5959\" src=\"http:\/\/www.proma.com.br\/blog\/wp-content\/uploads\/2018\/06\/01.jpg\" alt=\"\" width=\"450\" height=\"275\" \/>\u00a0<\/strong><\/p>\n<p><strong>Proma: um <em>case\u00a0<\/em>de sucesso<\/strong><\/p>\n<p>Em Jaragu\u00e1 do Sul, a Proma Constru\u00e7\u00f5es e Neg\u00f3cios, dentro da pr\u00f3pria pol\u00edtica de qualidade, j\u00e1 prev\u00ea a inclus\u00e3o de projetos sustent\u00e1veis. \u201cQuatro dos nossos empreendimentos \u2013 <a href=\"http:\/\/www.proma.com.br\/empreendimentos\/residencial-piemonte\" target=\"_blank\" rel=\"noopener\">Piemonte<\/a>, <a href=\"http:\/\/www.proma.com.br\/empreendimentos\/residencial-vernon\" target=\"_blank\" rel=\"noopener\">Vernon<\/a>, <a href=\"http:\/\/www.proma.com.br\/empreendimentos\/villeneuve-residence\" target=\"_blank\" rel=\"noopener\">Villeneuve<\/a> e, agora, o <a href=\"http:\/\/www.proma.com.br\/empreendimentos\/lumina-residence\" target=\"_blank\" rel=\"noopener\">Lumina Residence<\/a>, possuem diversos itens de sustentabilidade, que v\u00e3o desde o aproveitamento da \u00e1gua da chuva at\u00e9 o aquecimento de 65% a 70% da \u00e1gua, em m\u00e9dia, por meio da energia de placas solares\u201d, afirma o engenheiro Paulo Obenaus, diretor da construtora.<\/p>\n<p>Entre as iniciativas sustent\u00e1veis das obras da Proma, destaca-se tamb\u00e9m a ilumina\u00e7\u00e3o natural nos apartamentos por meio de janelas que v\u00e3o do piso ao teto, o comando de luzes de \u00e1reas comuns com sensores de movimento e fotoc\u00e9lula, al\u00e9m da ilumina\u00e7\u00e3o dos jardins com l\u00e2mpadas de LED (mais duradouras, eficientes e econ\u00f4micas).<\/p>\n<p><img loading=\"lazy\" class=\"alignnone size-large wp-image-5962\" src=\"http:\/\/www.proma.com.br\/blog\/wp-content\/uploads\/2018\/06\/04-1-1024x767.jpg\" alt=\"\" width=\"584\" height=\"437\" srcset=\"https:\/\/www.proma.com.br\/blog\/wp-content\/uploads\/2018\/06\/04-1.jpg 1024w, https:\/\/www.proma.com.br\/blog\/wp-content\/uploads\/2018\/06\/04-1-960x719.jpg 960w, https:\/\/www.proma.com.br\/blog\/wp-content\/uploads\/2018\/06\/04-1-768x575.jpg 768w, https:\/\/www.proma.com.br\/blog\/wp-content\/uploads\/2018\/06\/04-1-401x300.jpg 401w\" sizes=\"(max-width: 584px) 100vw, 584px\" \/><\/p>\n<p>O <a href=\"http:\/\/www.proma.com.br\/empreendimentos\/lumina-residence\" target=\"_blank\" rel=\"noopener\">Lumina Residence<\/a> \u2013 empreendimento que est\u00e1 localizado no bairro Vila Nova, com entrega para 2018 \u2013, al\u00e9m de possuir uma infraestrutura totalmente planejada e preparada para receber placas fotovoltaicas, tamb\u00e9m conta com tomadas para a <strong>alimenta\u00e7\u00e3o dos carros el\u00e9tricos<\/strong>.\u00a0\u201cTodos os projetos que nascem dentro do escrit\u00f3rio de arquitetura da Proma est\u00e3o indo, cada vez mais, ao encontro de uma cultura sustent\u00e1vel por meio do aprimoramento de estrat\u00e9gias e a\u00e7\u00f5es que visam o cuidado e a preserva\u00e7\u00e3o do meio ambiente\u201d, explica Obenaus.<\/p>\n<p>O engenheiro destaca, ainda, que os indicadores da Proma tamb\u00e9m contemplam a constru\u00e7\u00e3o da\u00a0obra a partir de uma\u00a0gest\u00e3o de processos de constru\u00e7\u00e3o enxuta\u00a0para minimizar a perda de m\u00e3o de obra, evitar desperd\u00edcios de material, fazer\u00a0uso da \u00e1gua da chuva e destinar (ou reaproveitar) corretamente os entulhos.\u00a0\u201cNesse sentindo, acho importante salientar que, ao mesmo tempo em que o empreendedor deve ter essa preocupa\u00e7\u00e3o, a pr\u00f3pria sociedade precisa criar o h\u00e1bito de absorver todos esses itens sustent\u00e1veis e coloc\u00e1-los em pr\u00e1tica no dia a dia\u201d, finaliza Obenaus.<\/p>\n<p><strong>Curiosidade! <\/strong><\/p>\n<p>Durante um ano, por exemplo, cada metro quadrado de coletor solar instalado para aquecer a \u00e1gua \u2013 tendo em vista que o chuveiro \u00e9 um dos principais respons\u00e1veis pelo alto consumo de energia el\u00e9trica \u2013 equivalem a 56 metros quadrados de \u00e1reas inundadas (hidrel\u00e9tricas), 215 quilos de lenha, 66 litros de diesel e 55 quilos de g\u00e1s.<\/p>\n","protected":false},"excerpt":{"rendered":"<p>Sistemas tecnol\u00f3gicos de energia solar para aquecimento da \u00e1gua s\u00e3o uma importante iniciativa para\u00a0auxiliar na preserva\u00e7\u00e3o do meio ambiente Unir tecnologia com sustentabilidade\u00a0para gerar economia (de dinheiro e de energia!) e contribuir com a recupera\u00e7\u00e3o da natureza: esses s\u00e3o os&hellip;<\/p>\n","protected":false},"author":2,"featured_media":5963,"comment_status":"open","ping_status":"closed","sticky":false,"template":"","format":"standard","meta":[],"categories":[3,1149],"tags":[83,3013,409],"_links":{"self":[{"href":"https:\/\/www.proma.com.br\/blog\/wp-json\/wp\/v2\/posts\/5958"}],"collection":[{"href":"https:\/\/www.proma.com.br\/blog\/wp-json\/wp\/v2\/posts"}],"about":[{"href":"https:\/\/www.proma.com.br\/blog\/wp-json\/wp\/v2\/types\/post"}],"author":[{"embeddable":true,"href":"https:\/\/www.proma.com.br\/blog\/wp-json\/wp\/v2\/users\/2"}],"replies":[{"embeddable":true,"href":"https:\/\/www.proma.com.br\/blog\/wp-json\/wp\/v2\/comments?post=5958"}],"version-history":[{"count":5,"href":"https:\/\/www.proma.com.br\/blog\/wp-json\/wp\/v2\/posts\/5958\/revisions"}],"predecessor-version":[{"id":5965,"href":"https:\/\/www.proma.com.br\/blog\/wp-json\/wp\/v2\/posts\/5958\/revisions\/5965"}],"wp:featuredmedia":[{"embeddable":true,"href":"https:\/\/www.proma.com.br\/blog\/wp-json\/wp\/v2\/media\/5963"}],"wp:attachment":[{"href":"https:\/\/www.proma.com.br\/blog\/wp-json\/wp\/v2\/media?parent=5958"}],"wp:term":[{"taxonomy":"category","embeddable":true,"href":"https:\/\/www.proma.com.br\/blog\/wp-json\/wp\/v2\/categories?post=5958"},{"taxonomy":"post_tag","embeddable":true,"href":"https:\/\/www.proma.com.br\/blog\/wp-json\/wp\/v2\/tags?post=5958"}],"curies":[{"name":"wp","href":"https:\/\/api.w.org\/{rel}","templated":true}]}}