{"id":6071,"date":"2019-05-21T15:01:09","date_gmt":"2019-05-21T18:01:09","guid":{"rendered":"http:\/\/www.proma.com.br\/blog\/?p=6071"},"modified":"2018-12-03T21:10:34","modified_gmt":"2018-12-04T00:10:34","slug":"inteligencia-emocional-o-que-e-e-como-fortalece-la","status":"publish","type":"post","link":"https:\/\/www.proma.com.br\/blog\/inteligencia-emocional-o-que-e-e-como-fortalece-la\/","title":{"rendered":"INTELIG\u00caNCIA EMOCIONAL: O QUE \u00c9 E COMO FORTALEC\u00ca-LA?"},"content":{"rendered":"<p><img loading=\"lazy\" class=\"alignnone size-full wp-image-6072\" src=\"http:\/\/www.proma.com.br\/blog\/wp-content\/uploads\/2018\/07\/01-4.jpg\" alt=\"\" width=\"864\" height=\"415\" srcset=\"https:\/\/www.proma.com.br\/blog\/wp-content\/uploads\/2018\/07\/01-4.jpg 864w, https:\/\/www.proma.com.br\/blog\/wp-content\/uploads\/2018\/07\/01-4-768x369.jpg 768w, https:\/\/www.proma.com.br\/blog\/wp-content\/uploads\/2018\/07\/01-4-500x240.jpg 500w\" sizes=\"(max-width: 864px) 100vw, 864px\" \/><\/p>\n<p>Os especialistas defendem a exist\u00eancia de v\u00e1rios tipos de intelig\u00eancia, mas, entre todas elas, a mais importante e valorizada no \u00e2mbito profissional \u00e9 a intelig\u00eancia emocional.<\/p>\n<p>Sabe porqu\u00ea?<\/p>\n<p>Porque as empresas procuram, cada vez mais, por colaboradores que sabem trabalhar bem em equipe. Aprender com os pr\u00f3prios erros \u00e9 outra qualidade dos candidatos que revelam uma intelig\u00eancia emocional acima da m\u00e9dia.<\/p>\n<p>Para fortalecer a intelig\u00eancia emocional e aumentar a capacidade de lideran\u00e7a, h\u00e1 quatro dicas muito simples. S\u00e3o elas:<\/p>\n<p><strong>Ter cuidado com as atitudes<\/strong><\/p>\n<p>Tente manter-se focado e atento ao seu comportamento, dentro e fora do ambiente profissional. Analise as suas a\u00e7\u00f5es e o modo como trata as pessoas ao seu redor. Cuidado tamb\u00e9m com o que publica nas redes sociais.<\/p>\n<p><strong>Controlar as rea\u00e7\u00f5es<\/strong><\/p>\n<p>Controle as suas respostas ao que acontece \u00e0 sua volta. Cuidado com a forma como reage \u00e0s diferentes situa\u00e7\u00f5es do dia a dia e evite tomar decis\u00f5es que possam ser prejudiciais no futuro.<\/p>\n<p><strong>Acreditar no pr\u00f3prio potencial<\/strong><\/p>\n<p>Acredite em si mesmo! S\u00f3 assim voc\u00ea ter\u00e1 mais for\u00e7as para enfrentar os diferentes desafios do dia a dia. Mostrando-se confiante, \u00e9 poss\u00edvel mentalizar e assimilar a sua capacidade para lidar com os problemas e, assim, resolv\u00ea-los mais facilmente.<\/p>\n<p><strong>Aprender a respeitar e a valorizar os colegas de trabalho<\/strong><\/p>\n<p>Aprenda a ouvir as pessoas que est\u00e3o \u00e0 sua volta. Coloque-se no lugar do outro antes de agir e trate-o com respeito. Valorize a comunica\u00e7\u00e3o, pois a intera\u00e7\u00e3o \u00e9 fundamental, sobretudo no ambiente de trabalho.<\/p>\n<p>Preparado para estimular a sua intelig\u00eancia emocional?<\/p>\n<p><strong>Fonte:\u00a0<\/strong><a href=\"https:\/\/bit.ly\/2moUiJK\" target=\"_blank\" rel=\"noopener\">Universia <\/a><\/p>\n<p><strong>Fonte (imagem): <\/strong><a href=\"https:\/\/bit.ly\/2Kn53pL\" target=\"_blank\" rel=\"noopener\">Sbie<\/a><\/p>\n<p>____<\/p>\n<p><strong>Leia tamb\u00e9m:<\/strong><\/p>\n<ul>\n<li><a href=\"http:\/\/www.proma.com.br\/blog\/dia-a-dia-como-aumentar-a-serotonina-o-hormonio-da-felicidade\/\" target=\"_blank\" rel=\"noopener\">Clique aqui<\/a> e saiba como aumentar a serotonina, o horm\u00f4nio da felicidade.<\/li>\n<li><a href=\"http:\/\/www.proma.com.br\/blog\/como-otimizar-o-tempo-no-trabalho\/\" target=\"_blank\" rel=\"noopener\">Clique aqui<\/a> e confira como otimizar o tempo no trabalho.<\/li>\n<\/ul>\n","protected":false},"excerpt":{"rendered":"<p>Os especialistas defendem a exist\u00eancia de v\u00e1rios tipos de intelig\u00eancia, mas, entre todas elas, a mais importante e valorizada no \u00e2mbito profissional \u00e9 a intelig\u00eancia emocional. Sabe porqu\u00ea? Porque as empresas procuram, cada vez mais, por colaboradores que sabem trabalhar&hellip;<\/p>\n","protected":false},"author":2,"featured_media":6072,"comment_status":"open","ping_status":"closed","sticky":false,"template":"","format":"standard","meta":[],"categories":[1142,1144],"tags":[3030],"_links":{"self":[{"href":"https:\/\/www.proma.com.br\/blog\/wp-json\/wp\/v2\/posts\/6071"}],"collection":[{"href":"https:\/\/www.proma.com.br\/blog\/wp-json\/wp\/v2\/posts"}],"about":[{"href":"https:\/\/www.proma.com.br\/blog\/wp-json\/wp\/v2\/types\/post"}],"author":[{"embeddable":true,"href":"https:\/\/www.proma.com.br\/blog\/wp-json\/wp\/v2\/users\/2"}],"replies":[{"embeddable":true,"href":"https:\/\/www.proma.com.br\/blog\/wp-json\/wp\/v2\/comments?post=6071"}],"version-history":[{"count":4,"href":"https:\/\/www.proma.com.br\/blog\/wp-json\/wp\/v2\/posts\/6071\/revisions"}],"predecessor-version":[{"id":6074,"href":"https:\/\/www.proma.com.br\/blog\/wp-json\/wp\/v2\/posts\/6071\/revisions\/6074"}],"wp:featuredmedia":[{"embeddable":true,"href":"https:\/\/www.proma.com.br\/blog\/wp-json\/wp\/v2\/media\/6072"}],"wp:attachment":[{"href":"https:\/\/www.proma.com.br\/blog\/wp-json\/wp\/v2\/media?parent=6071"}],"wp:term":[{"taxonomy":"category","embeddable":true,"href":"https:\/\/www.proma.com.br\/blog\/wp-json\/wp\/v2\/categories?post=6071"},{"taxonomy":"post_tag","embeddable":true,"href":"https:\/\/www.proma.com.br\/blog\/wp-json\/wp\/v2\/tags?post=6071"}],"curies":[{"name":"wp","href":"https:\/\/api.w.org\/{rel}","templated":true}]}}