{"id":6193,"date":"2019-07-02T15:20:02","date_gmt":"2019-07-02T18:20:02","guid":{"rendered":"http:\/\/www.proma.com.br\/blog\/?p=6193"},"modified":"2019-02-11T19:30:51","modified_gmt":"2019-02-11T22:30:51","slug":"como-definir-o-material-da-bancada-da-lavanderia","status":"publish","type":"post","link":"https:\/\/www.proma.com.br\/blog\/como-definir-o-material-da-bancada-da-lavanderia\/","title":{"rendered":"COMO DEFINIR O MATERIAL DA BANCADA DA LAVANDERIA?"},"content":{"rendered":"<p>Com um bom tampo, a \u00e1rea de servi\u00e7o se torna bastante funcional \u2013 afinal, essa \u00e9 a sua miss\u00e3o em qualquer resid\u00eancia. Mas, como escolher o material?<\/p>\n<p><img loading=\"lazy\" class=\"alignnone size-full wp-image-6194\" src=\"http:\/\/www.proma.com.br\/blog\/wp-content\/uploads\/2018\/07\/11-3.jpg\" alt=\"\" width=\"409\" height=\"614\" srcset=\"https:\/\/www.proma.com.br\/blog\/wp-content\/uploads\/2018\/07\/11-3.jpg 409w, https:\/\/www.proma.com.br\/blog\/wp-content\/uploads\/2018\/07\/11-3-200x300.jpg 200w\" sizes=\"(max-width: 409px) 100vw, 409px\" \/><\/p>\n<p>A principal sugest\u00e3o \u00e9: instale uma bancada na qual seja poss\u00edvel embutir o tanque, abrigar a m\u00e1quina lava e seca e, ainda, acomodar um arm\u00e1rio que guarde balde, sab\u00e3o, panos e escovas no espa\u00e7o livre sob o tanque. O resultado, muitas vezes surpreendente, ajuda bastante na arruma\u00e7\u00e3o geral.<\/p>\n<p>Ao escolher o material adequado \u00e0 sua bancada, considere os seguintes par\u00e2metros:<\/p>\n<p>1. Primeiro, analise se haver\u00e1 a necessidade de adapta\u00e7\u00e3o dos pontos hidr\u00e1ulicos existentes, como a posi\u00e7\u00e3o do esgoto e a altura da torneira (no caso de um modelo de parede).<\/p>\n<p>2. Depois, pense na est\u00e9tica do ambiente em rela\u00e7\u00e3o \u00e0 cozinha: o tampo para preparo de alimentos est\u00e1 pr\u00f3ximo? H\u00e1 integra\u00e7\u00e3o visual e de acabamentos entre os dois lugares?<\/p>\n<p>3. Por fim, avalie sua disponibilidade financeira e a ajuste \u00e0s diversas op\u00e7\u00f5es que existem no mercado.<\/p>\n<p><strong>Compare!<\/strong><\/p>\n<p>A tabela abaixo lista as peculiaridades de tr\u00eas tampos (medindo 0,60 x 1,20 m) acompanhados de tanque de a\u00e7o inox de 0,8 mm de espessura. Todas as configura\u00e7\u00f5es s\u00e3o dur\u00e1veis, f\u00e1ceis de instalar e oferecem manuten\u00e7\u00e3o simples.<\/p>\n<p><img loading=\"lazy\" class=\"alignnone size-large wp-image-6195\" src=\"http:\/\/www.proma.com.br\/blog\/wp-content\/uploads\/2018\/07\/12-1.jpg\" alt=\"\" width=\"584\" height=\"366\" srcset=\"https:\/\/www.proma.com.br\/blog\/wp-content\/uploads\/2018\/07\/12-1.jpg 825w, https:\/\/www.proma.com.br\/blog\/wp-content\/uploads\/2018\/07\/12-1-768x481.jpg 768w, https:\/\/www.proma.com.br\/blog\/wp-content\/uploads\/2018\/07\/12-1-479x300.jpg 479w\" sizes=\"(max-width: 584px) 100vw, 584px\" \/><\/p>\n<p>Essa dica foi \u00fatil? Deixe o seu coment\u00e1rio.<\/p>\n<p><strong>Fonte:\u00a0<\/strong><a href=\"https:\/\/abr.ai\/2AaZQB7\" target=\"_blank\" rel=\"noopener\">Arquitetura e Constru\u00e7\u00e3o<\/a><\/p>\n<p>___<\/p>\n<p><strong>Leia tamb\u00e9m:<\/strong><\/p>\n<ul>\n<li>Ideias de decora\u00e7\u00e3o (e organiza\u00e7\u00e3o!) para a lavanderia. <a href=\"http:\/\/www.proma.com.br\/blog\/ideias-de-decoracao-e-organizacao-para-a-lavanderia\/\" target=\"_blank\" rel=\"noopener\">Clique aqui<\/a> e confira.<\/li>\n<\/ul>\n","protected":false},"excerpt":{"rendered":"<p>Com um bom tampo, a \u00e1rea de servi\u00e7o se torna bastante funcional \u2013 afinal, essa \u00e9 a sua miss\u00e3o em qualquer resid\u00eancia. Mas, como escolher o material? A principal sugest\u00e3o \u00e9: instale uma bancada na qual seja poss\u00edvel embutir o&hellip;<\/p>\n","protected":false},"author":2,"featured_media":6194,"comment_status":"open","ping_status":"closed","sticky":false,"template":"","format":"standard","meta":[],"categories":[2927,5],"tags":[3047,2531],"_links":{"self":[{"href":"https:\/\/www.proma.com.br\/blog\/wp-json\/wp\/v2\/posts\/6193"}],"collection":[{"href":"https:\/\/www.proma.com.br\/blog\/wp-json\/wp\/v2\/posts"}],"about":[{"href":"https:\/\/www.proma.com.br\/blog\/wp-json\/wp\/v2\/types\/post"}],"author":[{"embeddable":true,"href":"https:\/\/www.proma.com.br\/blog\/wp-json\/wp\/v2\/users\/2"}],"replies":[{"embeddable":true,"href":"https:\/\/www.proma.com.br\/blog\/wp-json\/wp\/v2\/comments?post=6193"}],"version-history":[{"count":2,"href":"https:\/\/www.proma.com.br\/blog\/wp-json\/wp\/v2\/posts\/6193\/revisions"}],"predecessor-version":[{"id":6198,"href":"https:\/\/www.proma.com.br\/blog\/wp-json\/wp\/v2\/posts\/6193\/revisions\/6198"}],"wp:featuredmedia":[{"embeddable":true,"href":"https:\/\/www.proma.com.br\/blog\/wp-json\/wp\/v2\/media\/6194"}],"wp:attachment":[{"href":"https:\/\/www.proma.com.br\/blog\/wp-json\/wp\/v2\/media?parent=6193"}],"wp:term":[{"taxonomy":"category","embeddable":true,"href":"https:\/\/www.proma.com.br\/blog\/wp-json\/wp\/v2\/categories?post=6193"},{"taxonomy":"post_tag","embeddable":true,"href":"https:\/\/www.proma.com.br\/blog\/wp-json\/wp\/v2\/tags?post=6193"}],"curies":[{"name":"wp","href":"https:\/\/api.w.org\/{rel}","templated":true}]}}