{"id":6541,"date":"2018-10-30T14:34:22","date_gmt":"2018-10-30T17:34:22","guid":{"rendered":"http:\/\/www.proma.com.br\/blog\/?p=6541"},"modified":"2018-10-27T18:53:22","modified_gmt":"2018-10-27T21:53:22","slug":"flores-da-primavera-para-montar-lindas-guirlandas","status":"publish","type":"post","link":"https:\/\/www.proma.com.br\/blog\/flores-da-primavera-para-montar-lindas-guirlandas\/","title":{"rendered":"FLORES DA PRIMAVERA PARA MONTAR LINDAS GUIRLANDAS"},"content":{"rendered":"<p>Primavera \u2013 na esta\u00e7\u00e3o mais florida do ano \u00e9 poss\u00edvel inovar na hora de escolher arranjos e montar buqu\u00eas. Que tal trazer cores, aromas e texturas para as guirlandas? Seu lar vai ficar ainda mais lindo e especial!<\/p>\n<p>Confira uma sele\u00e7\u00e3o e inspire-se!<\/p>\n<p><strong>1. Guirlanda de aro<\/strong><\/p>\n<p><img loading=\"lazy\" class=\"alignnone size-full wp-image-6542\" src=\"http:\/\/www.proma.com.br\/blog\/wp-content\/uploads\/2018\/10\/01-1.jpg\" alt=\"\" width=\"620\" height=\"611\" srcset=\"https:\/\/www.proma.com.br\/blog\/wp-content\/uploads\/2018\/10\/01-1.jpg 620w, https:\/\/www.proma.com.br\/blog\/wp-content\/uploads\/2018\/10\/01-1-304x300.jpg 304w\" sizes=\"(max-width: 620px) 100vw, 620px\" \/><\/p>\n<p>Se voc\u00ea gosta do estilo minimalista, aposte em uma guirlanda de aro meia lua. As flores n\u00e3o precisam completar o c\u00edrculo para ficarem lindas.<\/p>\n<p><strong>2. Mini<\/strong><\/p>\n<p><img loading=\"lazy\" class=\"alignnone size-large wp-image-6543\" src=\"http:\/\/www.proma.com.br\/blog\/wp-content\/uploads\/2018\/10\/02-1.jpg\" alt=\"\" width=\"584\" height=\"876\" srcset=\"https:\/\/www.proma.com.br\/blog\/wp-content\/uploads\/2018\/10\/02-1.jpg 620w, https:\/\/www.proma.com.br\/blog\/wp-content\/uploads\/2018\/10\/02-1-200x300.jpg 200w\" sizes=\"(max-width: 584px) 100vw, 584px\" \/><\/p>\n<p>Uma mini guirlanda pode trazer o charme que a sua decora\u00e7\u00e3o precisa! Repare em como a escolha de cores e flores deixa o objeto mais delicado.<\/p>\n<p><strong>3. Flores e folhas<\/strong><\/p>\n<p><img loading=\"lazy\" class=\"alignnone size-large wp-image-6544\" src=\"http:\/\/www.proma.com.br\/blog\/wp-content\/uploads\/2018\/10\/03-1.jpg\" alt=\"\" width=\"584\" height=\"779\" srcset=\"https:\/\/www.proma.com.br\/blog\/wp-content\/uploads\/2018\/10\/03-1.jpg 620w, https:\/\/www.proma.com.br\/blog\/wp-content\/uploads\/2018\/10\/03-1-225x300.jpg 225w\" sizes=\"(max-width: 584px) 100vw, 584px\" \/><\/p>\n<p>Abuse nas esp\u00e9cies e na quantidade de folhas. N\u00e3o tenha medo de misturar as cores e criar uma guirlanda que seja a sua cara!<\/p>\n<p><strong>4. Lavanda<\/strong><\/p>\n<p><img loading=\"lazy\" class=\"alignnone size-large wp-image-6545\" src=\"http:\/\/www.proma.com.br\/blog\/wp-content\/uploads\/2018\/10\/04-1.jpg\" alt=\"\" width=\"584\" height=\"785\" srcset=\"https:\/\/www.proma.com.br\/blog\/wp-content\/uploads\/2018\/10\/04-1.jpg 620w, https:\/\/www.proma.com.br\/blog\/wp-content\/uploads\/2018\/10\/04-1-223x300.jpg 223w\" sizes=\"(max-width: 584px) 100vw, 584px\" \/><\/p>\n<p>Galhos combinados \u00e0 lavanda trazem o frescor e o clima de fazenda que a sua casa precisa.<\/p>\n<p><strong>5. Aro com folhas<\/strong><\/p>\n<p><img loading=\"lazy\" class=\"alignnone size-large wp-image-6546\" src=\"http:\/\/www.proma.com.br\/blog\/wp-content\/uploads\/2018\/10\/05-1.jpg\" alt=\"\" width=\"584\" height=\"803\" srcset=\"https:\/\/www.proma.com.br\/blog\/wp-content\/uploads\/2018\/10\/05-1.jpg 620w, https:\/\/www.proma.com.br\/blog\/wp-content\/uploads\/2018\/10\/05-1-218x300.jpg 218w\" sizes=\"(max-width: 584px) 100vw, 584px\" \/><\/p>\n<p>Aposte na mistura de diferentes esp\u00e9cies de folhas em um aro. Lindo!<\/p>\n<p><strong>6. Pe\u00f4nias em aro de bicicleta<\/strong><\/p>\n<p><img loading=\"lazy\" class=\"alignnone size-large wp-image-6547\" src=\"http:\/\/www.proma.com.br\/blog\/wp-content\/uploads\/2018\/10\/06.jpg\" alt=\"\" width=\"584\" height=\"779\" srcset=\"https:\/\/www.proma.com.br\/blog\/wp-content\/uploads\/2018\/10\/06.jpg 620w, https:\/\/www.proma.com.br\/blog\/wp-content\/uploads\/2018\/10\/06-225x300.jpg 225w\" sizes=\"(max-width: 584px) 100vw, 584px\" \/><\/p>\n<p>Reutilize um aro de bicicleta e coloque as flores. Se voc\u00ea preferir, pinte-o com um spray de tinta.<\/p>\n<p><strong>7. Orelha-de-cordeiro<\/strong><\/p>\n<p><img loading=\"lazy\" class=\"alignnone size-large wp-image-6548\" src=\"http:\/\/www.proma.com.br\/blog\/wp-content\/uploads\/2018\/10\/07.jpg\" alt=\"\" width=\"584\" height=\"878\" srcset=\"https:\/\/www.proma.com.br\/blog\/wp-content\/uploads\/2018\/10\/07.jpg 620w, https:\/\/www.proma.com.br\/blog\/wp-content\/uploads\/2018\/10\/07-200x300.jpg 200w\" sizes=\"(max-width: 584px) 100vw, 584px\" \/><\/p>\n<p>Se voc\u00ea tem uma moldura solta e n\u00e3o sabe o que fazer com ela, acople um painel de madeira e pinte de preto. Esse quadro pode servir de pano de fundo para pendurar a guirlanda.<\/p>\n<p>Lindas inspira\u00e7\u00f5es, n\u00e3o \u00e9 mesmo?<\/p>\n<p>Fez? Compartilha a sua guirlanda com a gente!<\/p>\n<p><strong>Fonte:\u00a0<\/strong><a href=\"https:\/\/glo.bo\/2qeym65\" target=\"_blank\" rel=\"noopener\">Casa e Jardim<\/a><\/p>\n<p>______<\/p>\n<p><strong>Leia tamb\u00e9m:<\/strong><\/p>\n<ul>\n<li>Lar, doce e perfumado lar: <a href=\"http:\/\/www.proma.com.br\/blog\/as-flores-e-seus-significados\/\" target=\"_blank\" rel=\"noopener\">clique aqui<\/a> e confira o significado das flores.<\/li>\n<li>Utens\u00edlios de cozinha se transformam em lindos vasos de flores. Para conferir, <a href=\"http:\/\/www.proma.com.br\/blog\/utensilios-de-cozinha-se-transformam-em-lindos-vasos-de-flores\/\" target=\"_blank\" rel=\"noopener\">clique aqui<\/a>.<\/li>\n<\/ul>\n<p>&nbsp;<\/p>\n","protected":false},"excerpt":{"rendered":"<p>Primavera \u2013 na esta\u00e7\u00e3o mais florida do ano \u00e9 poss\u00edvel inovar na hora de escolher arranjos e montar buqu\u00eas. Que tal trazer cores, aromas e texturas para as guirlandas? Seu lar vai ficar ainda mais lindo e especial! Confira uma&hellip;<\/p>\n","protected":false},"author":2,"featured_media":6543,"comment_status":"open","ping_status":"closed","sticky":false,"template":"","format":"standard","meta":[],"categories":[2,2927,1143],"tags":[2955,3088,3087],"_links":{"self":[{"href":"https:\/\/www.proma.com.br\/blog\/wp-json\/wp\/v2\/posts\/6541"}],"collection":[{"href":"https:\/\/www.proma.com.br\/blog\/wp-json\/wp\/v2\/posts"}],"about":[{"href":"https:\/\/www.proma.com.br\/blog\/wp-json\/wp\/v2\/types\/post"}],"author":[{"embeddable":true,"href":"https:\/\/www.proma.com.br\/blog\/wp-json\/wp\/v2\/users\/2"}],"replies":[{"embeddable":true,"href":"https:\/\/www.proma.com.br\/blog\/wp-json\/wp\/v2\/comments?post=6541"}],"version-history":[{"count":2,"href":"https:\/\/www.proma.com.br\/blog\/wp-json\/wp\/v2\/posts\/6541\/revisions"}],"predecessor-version":[{"id":6550,"href":"https:\/\/www.proma.com.br\/blog\/wp-json\/wp\/v2\/posts\/6541\/revisions\/6550"}],"wp:featuredmedia":[{"embeddable":true,"href":"https:\/\/www.proma.com.br\/blog\/wp-json\/wp\/v2\/media\/6543"}],"wp:attachment":[{"href":"https:\/\/www.proma.com.br\/blog\/wp-json\/wp\/v2\/media?parent=6541"}],"wp:term":[{"taxonomy":"category","embeddable":true,"href":"https:\/\/www.proma.com.br\/blog\/wp-json\/wp\/v2\/categories?post=6541"},{"taxonomy":"post_tag","embeddable":true,"href":"https:\/\/www.proma.com.br\/blog\/wp-json\/wp\/v2\/tags?post=6541"}],"curies":[{"name":"wp","href":"https:\/\/api.w.org\/{rel}","templated":true}]}}