{"id":6579,"date":"2019-05-28T15:00:42","date_gmt":"2019-05-28T18:00:42","guid":{"rendered":"http:\/\/www.proma.com.br\/blog\/?p=6579"},"modified":"2018-12-03T21:49:59","modified_gmt":"2018-12-04T00:49:59","slug":"inspiracao-7-projetos-de-escritorios-contemporaneos","status":"publish","type":"post","link":"https:\/\/www.proma.com.br\/blog\/inspiracao-7-projetos-de-escritorios-contemporaneos\/","title":{"rendered":"INSPIRA\u00c7\u00c3O: 7 PROJETOS DE ESCRIT\u00d3RIOS CONTEMPOR\u00c2NEOS"},"content":{"rendered":"<p>Os ambientes de trabalho n\u00e3o precisam ser todos iguais e mon\u00f3tonos: \u00e9 poss\u00edvel fugir do \u00f3bvio e criar espa\u00e7os modernos, criativos e, o mais importante, funcionais.<\/p>\n<p><img loading=\"lazy\" class=\"alignnone size-full wp-image-6580\" src=\"http:\/\/www.proma.com.br\/blog\/wp-content\/uploads\/2018\/11\/07.jpg\" alt=\"\" width=\"1002\" height=\"564\" srcset=\"https:\/\/www.proma.com.br\/blog\/wp-content\/uploads\/2018\/11\/07.jpg 1002w, https:\/\/www.proma.com.br\/blog\/wp-content\/uploads\/2018\/11\/07-960x540.jpg 960w, https:\/\/www.proma.com.br\/blog\/wp-content\/uploads\/2018\/11\/07-768x432.jpg 768w, https:\/\/www.proma.com.br\/blog\/wp-content\/uploads\/2018\/11\/07-500x281.jpg 500w\" sizes=\"(max-width: 1002px) 100vw, 1002px\" \/><\/p>\n<p>Uma das grandes preocupa\u00e7\u00f5es dos arquitetos e designers \u00e9 com a ergonomia:\u00a0 o espa\u00e7o deve ser projetado aliando a preocupa\u00e7\u00e3o est\u00e9tica ao bem-estar dos colaboradores. Ilumina\u00e7\u00e3o, temperatura e mobili\u00e1rio s\u00e3o pensados seguindo essa premissa.<\/p>\n<p>Confira sete escrit\u00f3rios que trazem ideias originais para voc\u00ea se inspirar:<\/p>\n<p><strong>PROJETO 01<\/strong><\/p>\n<p><img loading=\"lazy\" class=\"alignnone size-large wp-image-6581\" src=\"http:\/\/www.proma.com.br\/blog\/wp-content\/uploads\/2018\/11\/08-1024x683.jpg\" alt=\"\" width=\"584\" height=\"390\" srcset=\"https:\/\/www.proma.com.br\/blog\/wp-content\/uploads\/2018\/11\/08.jpg 1024w, https:\/\/www.proma.com.br\/blog\/wp-content\/uploads\/2018\/11\/08-960x640.jpg 960w, https:\/\/www.proma.com.br\/blog\/wp-content\/uploads\/2018\/11\/08-768x512.jpg 768w, https:\/\/www.proma.com.br\/blog\/wp-content\/uploads\/2018\/11\/08-450x300.jpg 450w\" sizes=\"(max-width: 584px) 100vw, 584px\" \/><\/p>\n<p>Bruna Souza e Emanuella Leite, do BE. Studio Arquitetura e Design, projetaram esse escrit\u00f3rio de arquitetura para ser um espa\u00e7o jovem, sofisticado e com muita personalidade em todos os detalhes. A funcionalidade e o conforto foram a prioridade das profissionais, que usaram como ponto de partida as cores da marca: preto e rosa. A divis\u00e3o sem perder a integra\u00e7\u00e3o dos ambientes tamb\u00e9m faz parte da proposta, que seguiu uma linha contempor\u00e2nea e requintada.<\/p>\n<p><strong>PROJETO 02<\/strong><\/p>\n<p><img loading=\"lazy\" class=\"alignnone size-large wp-image-6582\" src=\"http:\/\/www.proma.com.br\/blog\/wp-content\/uploads\/2018\/11\/09-1024x683.jpg\" alt=\"\" width=\"584\" height=\"390\" srcset=\"https:\/\/www.proma.com.br\/blog\/wp-content\/uploads\/2018\/11\/09.jpg 1024w, https:\/\/www.proma.com.br\/blog\/wp-content\/uploads\/2018\/11\/09-960x640.jpg 960w, https:\/\/www.proma.com.br\/blog\/wp-content\/uploads\/2018\/11\/09-768x512.jpg 768w, https:\/\/www.proma.com.br\/blog\/wp-content\/uploads\/2018\/11\/09-450x300.jpg 450w\" sizes=\"(max-width: 584px) 100vw, 584px\" \/><\/p>\n<p>O projeto do arquiteto Nicholas Oher e do designer de interiores Fabio Marx trouxe para esse escrit\u00f3rio refer\u00eancias do mundo da moda, obras de artistas e pe\u00e7as de design. O uso de tons terrosos e claros foram usados para simbolizar a delicadeza, favorecida tamb\u00e9m pela ilumina\u00e7\u00e3o indireta.<\/p>\n<p><strong>PROJETO 03<\/strong><\/p>\n<p><img loading=\"lazy\" class=\"alignnone size-large wp-image-6583\" src=\"http:\/\/www.proma.com.br\/blog\/wp-content\/uploads\/2018\/11\/10-1024x683.jpg\" alt=\"\" width=\"584\" height=\"390\" srcset=\"https:\/\/www.proma.com.br\/blog\/wp-content\/uploads\/2018\/11\/10.jpg 1024w, https:\/\/www.proma.com.br\/blog\/wp-content\/uploads\/2018\/11\/10-960x640.jpg 960w, https:\/\/www.proma.com.br\/blog\/wp-content\/uploads\/2018\/11\/10-768x512.jpg 768w, https:\/\/www.proma.com.br\/blog\/wp-content\/uploads\/2018\/11\/10-450x300.jpg 450w\" sizes=\"(max-width: 584px) 100vw, 584px\" \/><\/p>\n<p>O arquiteto Giuliano Marchiorato trouxe um conceito minimalista e clean para esse escrit\u00f3rio, que usa tons neutros \u2013 criando uma atmosfera s\u00f3bria para o trabalho. Os canos da parte el\u00e9trica e hidr\u00e1ulica ficam vis\u00edveis, sendo alguns coloridos, o que cria pontos mais despojados e de cor. Na parede, a frase escrita em neon resume a proposta: menos \u00e9 mais.<\/p>\n<p><strong>PROJETO 04<\/strong><\/p>\n<p><img loading=\"lazy\" class=\"alignnone size-large wp-image-6584\" src=\"http:\/\/www.proma.com.br\/blog\/wp-content\/uploads\/2018\/11\/11-1024x683.jpg\" alt=\"\" width=\"584\" height=\"390\" srcset=\"https:\/\/www.proma.com.br\/blog\/wp-content\/uploads\/2018\/11\/11.jpg 1024w, https:\/\/www.proma.com.br\/blog\/wp-content\/uploads\/2018\/11\/11-960x640.jpg 960w, https:\/\/www.proma.com.br\/blog\/wp-content\/uploads\/2018\/11\/11-768x512.jpg 768w, https:\/\/www.proma.com.br\/blog\/wp-content\/uploads\/2018\/11\/11-450x300.jpg 450w\" sizes=\"(max-width: 584px) 100vw, 584px\" \/><\/p>\n<p>Nessa proposta, Giuliano Marchiorato usou concreto, madeira, metal e ouro como elementos principais. Os materiais foram pensados de forma l\u00fadica para o escrit\u00f3rio de investimentos financeiros. \u00c9 refor\u00e7ada a ideia s\u00f3lida do concreto, a beleza da madeira e o detalhe fino dos metais preciosos.<\/p>\n<p><strong>PROJETO 05<\/strong><\/p>\n<p><img loading=\"lazy\" class=\"alignnone size-large wp-image-6585\" src=\"http:\/\/www.proma.com.br\/blog\/wp-content\/uploads\/2018\/11\/12-1024x683.jpg\" alt=\"\" width=\"584\" height=\"390\" srcset=\"https:\/\/www.proma.com.br\/blog\/wp-content\/uploads\/2018\/11\/12.jpg 1024w, https:\/\/www.proma.com.br\/blog\/wp-content\/uploads\/2018\/11\/12-960x640.jpg 960w, https:\/\/www.proma.com.br\/blog\/wp-content\/uploads\/2018\/11\/12-768x512.jpg 768w, https:\/\/www.proma.com.br\/blog\/wp-content\/uploads\/2018\/11\/12-450x300.jpg 450w\" sizes=\"(max-width: 584px) 100vw, 584px\" \/><\/p>\n<p>Sharise Gulin Radtke Avila usou para esse escrit\u00f3rio os mesmos conceitos usados em espa\u00e7os de grandes corpora\u00e7\u00f5es. Ambientes multifuncionais, din\u00e2micos e funcionais foram criados para incentivar a criatividade e melhorar a produtividade dos colaboradores. A configura\u00e7\u00e3o espacial \u00e9 voltada para a performance e experi\u00eancia do usu\u00e1rio. As esta\u00e7\u00f5es de trabalho tem design sofisticado e mobili\u00e1rio com acabamento grafite exclusivo. Destaque para as cadeiras ergon\u00f4micas com suporte lombar, que melhoram a postura e aumentam a sensa\u00e7\u00e3o de conforto.<\/p>\n<p><strong>PROJETO 06<\/strong><\/p>\n<p><img loading=\"lazy\" class=\"alignnone size-large wp-image-6586\" src=\"http:\/\/www.proma.com.br\/blog\/wp-content\/uploads\/2018\/11\/13-1024x683.jpg\" alt=\"\" width=\"584\" height=\"390\" srcset=\"https:\/\/www.proma.com.br\/blog\/wp-content\/uploads\/2018\/11\/13.jpg 1024w, https:\/\/www.proma.com.br\/blog\/wp-content\/uploads\/2018\/11\/13-960x640.jpg 960w, https:\/\/www.proma.com.br\/blog\/wp-content\/uploads\/2018\/11\/13-768x512.jpg 768w, https:\/\/www.proma.com.br\/blog\/wp-content\/uploads\/2018\/11\/13-450x300.jpg 450w\" sizes=\"(max-width: 584px) 100vw, 584px\" \/><\/p>\n<p>O projeto corporativo de Jocymara Nicolau e Andr\u00e9a Posonski \u00e9 contempor\u00e2neo, usa elementos neutros e traz as cores preto e branco. Na sala de reuni\u00f5es, a ergonomia \u00e9 vista nas cadeiras que comp\u00f5em o ambiente em conjunto com a mesa em madeira e m\u00e1rmore. No ambiente integrado est\u00e3o as esta\u00e7\u00f5es de trabalho individuais e a estante de apoio para livros e arquivos. As divis\u00f3rias em alum\u00ednio garantem ac\u00fastica, visualiza\u00e7\u00e3o e privacidade. Na sala da diretoria, destacam-se os m\u00f3veis de design.<\/p>\n<p><strong>PROJETO 07<\/strong><\/p>\n<p><img loading=\"lazy\" class=\"alignnone size-large wp-image-6587\" src=\"http:\/\/www.proma.com.br\/blog\/wp-content\/uploads\/2018\/11\/14-1024x683.jpg\" alt=\"\" width=\"584\" height=\"390\" srcset=\"https:\/\/www.proma.com.br\/blog\/wp-content\/uploads\/2018\/11\/14.jpg 1024w, https:\/\/www.proma.com.br\/blog\/wp-content\/uploads\/2018\/11\/14-960x640.jpg 960w, https:\/\/www.proma.com.br\/blog\/wp-content\/uploads\/2018\/11\/14-768x512.jpg 768w, https:\/\/www.proma.com.br\/blog\/wp-content\/uploads\/2018\/11\/14-450x300.jpg 450w\" sizes=\"(max-width: 584px) 100vw, 584px\" \/><\/p>\n<p>O arquiteto Fabio Petillo desenvolveu o projeto para a sala comercial da Ikonn Tecnologia buscando uma atmosfera contempor\u00e2nea, hi-tech e descontra\u00edda. A paleta \u00e9 predominantemente clara, em contraste com planos de forte colora\u00e7\u00e3o, linhas retas e design minimalista. Foram usadas como norte as principais caracter\u00edsticas da empresa, que \u00e9 refer\u00eancia internacional em tecnologia. Buscou-se o maior aproveitamento do espa\u00e7o, com divis\u00f3rias de vidro estrategicamente posicionadas.<\/p>\n<p>Com qual desses projetos voc\u00ea mais se identifica?<\/p>\n<p><strong>Fonte:\u00a0<\/strong>Gazeta do Povo<\/p>\n<p>____<\/p>\n<p><strong>Leia tamb\u00e9m:<\/strong><\/p>\n<ul>\n<li><a href=\"http:\/\/www.proma.com.br\/blog\/5-plantas-que-deixam-o-escritorio-mais-bonito-e-nao-precisam-de-cuidados-constantes\/\" target=\"_blank\" rel=\"noopener\">Clique aqui<\/a> e confira 5 plantas que deixam o escrit\u00f3rio mais bonito e que n\u00e3o precisam de cuidados constantes.<\/li>\n<li>Como otimizar o tempo no trabalho? <a href=\"http:\/\/www.proma.com.br\/blog\/como-otimizar-o-tempo-no-trabalho\/\" target=\"_blank\" rel=\"noopener\">Clique aqui<\/a> e saiba mais.<\/li>\n<\/ul>\n","protected":false},"excerpt":{"rendered":"<p>Os ambientes de trabalho n\u00e3o precisam ser todos iguais e mon\u00f3tonos: \u00e9 poss\u00edvel fugir do \u00f3bvio e criar espa\u00e7os modernos, criativos e, o mais importante, funcionais. Uma das grandes preocupa\u00e7\u00f5es dos arquitetos e designers \u00e9 com a ergonomia:\u00a0 o espa\u00e7o&hellip;<\/p>\n","protected":false},"author":2,"featured_media":6583,"comment_status":"open","ping_status":"closed","sticky":false,"template":"","format":"standard","meta":[],"categories":[2,5],"tags":[3027,3094],"_links":{"self":[{"href":"https:\/\/www.proma.com.br\/blog\/wp-json\/wp\/v2\/posts\/6579"}],"collection":[{"href":"https:\/\/www.proma.com.br\/blog\/wp-json\/wp\/v2\/posts"}],"about":[{"href":"https:\/\/www.proma.com.br\/blog\/wp-json\/wp\/v2\/types\/post"}],"author":[{"embeddable":true,"href":"https:\/\/www.proma.com.br\/blog\/wp-json\/wp\/v2\/users\/2"}],"replies":[{"embeddable":true,"href":"https:\/\/www.proma.com.br\/blog\/wp-json\/wp\/v2\/comments?post=6579"}],"version-history":[{"count":5,"href":"https:\/\/www.proma.com.br\/blog\/wp-json\/wp\/v2\/posts\/6579\/revisions"}],"predecessor-version":[{"id":6592,"href":"https:\/\/www.proma.com.br\/blog\/wp-json\/wp\/v2\/posts\/6579\/revisions\/6592"}],"wp:featuredmedia":[{"embeddable":true,"href":"https:\/\/www.proma.com.br\/blog\/wp-json\/wp\/v2\/media\/6583"}],"wp:attachment":[{"href":"https:\/\/www.proma.com.br\/blog\/wp-json\/wp\/v2\/media?parent=6579"}],"wp:term":[{"taxonomy":"category","embeddable":true,"href":"https:\/\/www.proma.com.br\/blog\/wp-json\/wp\/v2\/categories?post=6579"},{"taxonomy":"post_tag","embeddable":true,"href":"https:\/\/www.proma.com.br\/blog\/wp-json\/wp\/v2\/tags?post=6579"}],"curies":[{"name":"wp","href":"https:\/\/api.w.org\/{rel}","templated":true}]}}