{"id":6651,"date":"2020-01-28T15:07:02","date_gmt":"2020-01-28T18:07:02","guid":{"rendered":"http:\/\/www.proma.com.br\/blog\/?p=6651"},"modified":"2019-09-03T23:08:32","modified_gmt":"2019-09-04T02:08:32","slug":"reforma-e-construcao-sem-dor-de-cabeca","status":"publish","type":"post","link":"https:\/\/www.proma.com.br\/blog\/reforma-e-construcao-sem-dor-de-cabeca\/","title":{"rendered":"REFORMA E CONSTRU\u00c7\u00c3O SEM DOR DE CABE\u00c7A"},"content":{"rendered":"<p>Voc\u00ea mora de aluguel e vai construir? Ou voc\u00ea j\u00e1 tem a casa pr\u00f3pria e quer reformar? Ou, ainda, voc\u00ea quer decorar ou repaginar os ambientes do seu lar?<\/p>\n<p>Ent\u00e3o preste aten\u00e7\u00e3o nessas dicas para n\u00e3o se incomodar, ser feliz e economizar!<\/p>\n\n\t\t<style type=\"text\/css\">\n\t\t\t#gallery-1 {\n\t\t\t\tmargin: auto;\n\t\t\t}\n\t\t\t#gallery-1 .gallery-item {\n\t\t\t\tfloat: left;\n\t\t\t\tmargin-top: 10px;\n\t\t\t\ttext-align: center;\n\t\t\t\twidth: 100%;\n\t\t\t}\n\t\t\t#gallery-1 img {\n\t\t\t\tborder: 2px solid #cfcfcf;\n\t\t\t}\n\t\t\t#gallery-1 .gallery-caption {\n\t\t\t\tmargin-left: 0;\n\t\t\t}\n\t\t\t\/* see gallery_shortcode() in wp-includes\/media.php *\/\n\t\t<\/style>\n\t\t<div id='gallery-1' class='gallery galleryid-6651 gallery-columns-1 gallery-size-medium'><dl class='gallery-item'>\n\t\t\t<dt class='gallery-icon portrait'>\n\t\t\t\t<a href='https:\/\/www.proma.com.br\/blog\/wp-content\/uploads\/2018\/11\/10-3.jpg'><img width=\"612\" height=\"917\" src=\"https:\/\/www.proma.com.br\/blog\/wp-content\/uploads\/2018\/11\/10-3.jpg\" class=\"attachment-medium size-medium\" alt=\"\" loading=\"lazy\" srcset=\"https:\/\/www.proma.com.br\/blog\/wp-content\/uploads\/2018\/11\/10-3.jpg 612w, https:\/\/www.proma.com.br\/blog\/wp-content\/uploads\/2018\/11\/10-3-200x300.jpg 200w\" sizes=\"(max-width: 612px) 100vw, 612px\" \/><\/a>\n\t\t\t<\/dt><\/dl><br style=\"clear: both\" \/>\n\t\t<\/div>\n\n<p>&nbsp;<\/p>\n<p><strong>Pe\u00e7a refer\u00eancias.\u00a0<\/strong>Este \u00e9 um dos bons e velhos jeitos de conduzir a obra: perguntar para pessoas pr\u00f3ximas quem foi o pedreiro, empreiteiro, eletricista, pintor ou marceneiro que trabalhou em uma obra que voc\u00ea considera bem-sucedida. Verifique se o profissional cumpre prazos, deixa o lugar limpo, economiza material e por a\u00ed vai. Outro perigo comum \u00e9 ter um \u201cfaz-tudo\u201d que n\u00e3o executa o trabalho corretamente. \u00c9 melhor contratar um especialista para cada \u00e1rea.<\/p>\n<p><strong>Coloque tudo no papel.\u00a0<\/strong>Fa\u00e7a um contrato simples, mas que contenha informa\u00e7\u00f5es \u2013 como prazos, forma de pagamento, descri\u00e7\u00e3o das atividades a serem realizadas e forma de pagamento. \u00c9 importante deixar ao menos uma parcela para ser paga ap\u00f3s a entrega da obra.<\/p>\n<p><strong>Rela\u00e7\u00e3o de material.\u00a0<\/strong>Se o encarregado da obra n\u00e3o for comprar os materiais, monte com ele uma lista do que tem de ser encomendado. Procure comprar tudo de uma s\u00f3 vez, para barganhar pre\u00e7os e parcelamento mais vantajoso nas lojas.<\/p>\n\n\t\t<style type=\"text\/css\">\n\t\t\t#gallery-2 {\n\t\t\t\tmargin: auto;\n\t\t\t}\n\t\t\t#gallery-2 .gallery-item {\n\t\t\t\tfloat: left;\n\t\t\t\tmargin-top: 10px;\n\t\t\t\ttext-align: center;\n\t\t\t\twidth: 50%;\n\t\t\t}\n\t\t\t#gallery-2 img {\n\t\t\t\tborder: 2px solid #cfcfcf;\n\t\t\t}\n\t\t\t#gallery-2 .gallery-caption {\n\t\t\t\tmargin-left: 0;\n\t\t\t}\n\t\t\t\/* see gallery_shortcode() in wp-includes\/media.php *\/\n\t\t<\/style>\n\t\t<div id='gallery-2' class='gallery galleryid-6651 gallery-columns-2 gallery-size-medium'><dl class='gallery-item'>\n\t\t\t<dt class='gallery-icon landscape'>\n\t\t\t\t<a href='https:\/\/www.proma.com.br\/blog\/wp-content\/uploads\/2018\/11\/11-2.jpg'><img width=\"918\" height=\"613\" src=\"https:\/\/www.proma.com.br\/blog\/wp-content\/uploads\/2018\/11\/11-2.jpg\" class=\"attachment-medium size-medium\" alt=\"\" loading=\"lazy\" srcset=\"https:\/\/www.proma.com.br\/blog\/wp-content\/uploads\/2018\/11\/11-2.jpg 918w, https:\/\/www.proma.com.br\/blog\/wp-content\/uploads\/2018\/11\/11-2-768x513.jpg 768w, https:\/\/www.proma.com.br\/blog\/wp-content\/uploads\/2018\/11\/11-2-449x300.jpg 449w\" sizes=\"(max-width: 918px) 100vw, 918px\" \/><\/a>\n\t\t\t<\/dt><\/dl><dl class='gallery-item'>\n\t\t\t<dt class='gallery-icon landscape'>\n\t\t\t\t<a href='https:\/\/www.proma.com.br\/blog\/wp-content\/uploads\/2018\/11\/12-2.jpg'><img width=\"910\" height=\"617\" src=\"https:\/\/www.proma.com.br\/blog\/wp-content\/uploads\/2018\/11\/12-2.jpg\" class=\"attachment-medium size-medium\" alt=\"\" loading=\"lazy\" srcset=\"https:\/\/www.proma.com.br\/blog\/wp-content\/uploads\/2018\/11\/12-2.jpg 910w, https:\/\/www.proma.com.br\/blog\/wp-content\/uploads\/2018\/11\/12-2-768x521.jpg 768w, https:\/\/www.proma.com.br\/blog\/wp-content\/uploads\/2018\/11\/12-2-442x300.jpg 442w\" sizes=\"(max-width: 910px) 100vw, 910px\" \/><\/a>\n\t\t\t<\/dt><\/dl><br style=\"clear: both\" \/>\n\t\t<\/div>\n\n<p>&nbsp;<\/p>\n<p><strong>PLANEJAMENTO<\/strong><\/p>\n<p>Alguns cuidados na escolha de produtos e dimensionamento do espa\u00e7o s\u00e3o importantes para a decora\u00e7\u00e3o:<\/p>\n<p><strong>Estude a planta.\u00a0<\/strong>Desenhe o formato do seu espa\u00e7o como se o estivesse vendo de cima. Seja detalhista, anote colunas, portas, janelas, tomadas. Depois tire as medidas das paredes e anote junto delas. Das janelas e portas, marque a largura, altura e dist\u00e2ncia do piso. Tire fotos de todos os \u00e2ngulos poss\u00edveis do ambiente.<\/p>\n<p><strong>Eleja as cores.\u00a0<\/strong>Defina uma paleta de cores, que ser\u00e1 o seu mapa para comprar tintas, tecidos e objetos. O objetivo \u00e9 ter um esquema de cores equilibrado e harmonioso. Uma boa dica \u00e9 fazer uma colagem com imagens que reflitam a atmosfera que se quer para decora\u00e7\u00e3o e depois analisar o conjunto buscando uma cor predominante, que poder\u00e1 estar presente em uma parede maior ou at\u00e9 em um m\u00f3vel de destaque; e as cores secund\u00e1rias, para outros objetos.<\/p>\n<p><strong>Passeie pelas lojas.\u00a0<\/strong>Pode incluir as de m\u00f3veis usados na sua lista, onde h\u00e1 pe\u00e7as interessantes. Procure conhecer produtos, anote pre\u00e7os e medidas. Lembre-se de que, em muitas empresas, h\u00e1 profissionais de arquitetura e design que ajudam no dimensionamento do espa\u00e7o, defini\u00e7\u00e3o dos revestimentos e c\u00e1lculo da quantidade de pontos de luz, por exemplo. Esses profissionais n\u00e3o fazem projetos, mas auxiliam na escolha.<\/p>\n<p><strong>Evite comprar por impulso. <\/strong>Ainda que seja uma liquida\u00e7\u00e3o. \u00c9 prov\u00e1vel que voc\u00ea economize mais fazendo compras planejadas do que adquirindo pe\u00e7as que voc\u00ea n\u00e3o sabe se caber\u00e3o no seu ambiente.<\/p>\n\n\t\t<style type=\"text\/css\">\n\t\t\t#gallery-3 {\n\t\t\t\tmargin: auto;\n\t\t\t}\n\t\t\t#gallery-3 .gallery-item {\n\t\t\t\tfloat: left;\n\t\t\t\tmargin-top: 10px;\n\t\t\t\ttext-align: center;\n\t\t\t\twidth: 100%;\n\t\t\t}\n\t\t\t#gallery-3 img {\n\t\t\t\tborder: 2px solid #cfcfcf;\n\t\t\t}\n\t\t\t#gallery-3 .gallery-caption {\n\t\t\t\tmargin-left: 0;\n\t\t\t}\n\t\t\t\/* see gallery_shortcode() in wp-includes\/media.php *\/\n\t\t<\/style>\n\t\t<div id='gallery-3' class='gallery galleryid-6651 gallery-columns-1 gallery-size-medium'><dl class='gallery-item'>\n\t\t\t<dt class='gallery-icon landscape'>\n\t\t\t\t<a href='https:\/\/www.proma.com.br\/blog\/wp-content\/uploads\/2019\/04\/09.jpg'><img width=\"892\" height=\"630\" src=\"https:\/\/www.proma.com.br\/blog\/wp-content\/uploads\/2019\/04\/09.jpg\" class=\"attachment-medium size-medium\" alt=\"\" loading=\"lazy\" srcset=\"https:\/\/www.proma.com.br\/blog\/wp-content\/uploads\/2019\/04\/09.jpg 892w, https:\/\/www.proma.com.br\/blog\/wp-content\/uploads\/2019\/04\/09-768x542.jpg 768w, https:\/\/www.proma.com.br\/blog\/wp-content\/uploads\/2019\/04\/09-425x300.jpg 425w\" sizes=\"(max-width: 892px) 100vw, 892px\" \/><\/a>\n\t\t\t<\/dt><\/dl><br style=\"clear: both\" \/>\n\t\t<\/div>\n\n<p>&nbsp;<\/p>\n<p>Boa sorte no seu projeto! \ud83d\ude42<\/p>\n<p><strong>Fonte:\u00a0<\/strong><a href=\"https:\/\/bit.ly\/2AkicfS\" target=\"_blank\" rel=\"noopener\">Gazeta do Povo<\/a><\/p>\n<p>_______<\/p>\n<p><strong>Leia tamb\u00e9m:<\/strong><\/p>\n<ul>\n<li>Economia: <a href=\"http:\/\/www.proma.com.br\/blog\/economia-organize-a-sua-casa-com-tubos-de-pvc\/\" target=\"_blank\" rel=\"noopener\">clique aqui<\/a> e veja como organizar a sua casa com tubos de PVC.<\/li>\n<li>Em busca dos sonhos: <a href=\"http:\/\/www.proma.com.br\/blog\/em-busca-dos-sonhos-como-economizar-dinheiro\/?doing_wp_cron=1543007464.9987950325012207031250\" target=\"_blank\" rel=\"noopener\">clique aqui<\/a> e saiba como economizar dinheiro.<\/li>\n<\/ul>\n","protected":false},"excerpt":{"rendered":"<p>Voc\u00ea mora de aluguel e vai construir? Ou voc\u00ea j\u00e1 tem a casa pr\u00f3pria e quer reformar? Ou, ainda, voc\u00ea quer decorar ou repaginar os ambientes do seu lar? Ent\u00e3o preste aten\u00e7\u00e3o nessas dicas para n\u00e3o se incomodar, ser feliz&hellip;<\/p>\n","protected":false},"author":2,"featured_media":6653,"comment_status":"open","ping_status":"closed","sticky":false,"template":"","format":"standard","meta":[],"categories":[1,2,2927],"tags":[3104,2292,2012],"_links":{"self":[{"href":"https:\/\/www.proma.com.br\/blog\/wp-json\/wp\/v2\/posts\/6651"}],"collection":[{"href":"https:\/\/www.proma.com.br\/blog\/wp-json\/wp\/v2\/posts"}],"about":[{"href":"https:\/\/www.proma.com.br\/blog\/wp-json\/wp\/v2\/types\/post"}],"author":[{"embeddable":true,"href":"https:\/\/www.proma.com.br\/blog\/wp-json\/wp\/v2\/users\/2"}],"replies":[{"embeddable":true,"href":"https:\/\/www.proma.com.br\/blog\/wp-json\/wp\/v2\/comments?post=6651"}],"version-history":[{"count":4,"href":"https:\/\/www.proma.com.br\/blog\/wp-json\/wp\/v2\/posts\/6651\/revisions"}],"predecessor-version":[{"id":6658,"href":"https:\/\/www.proma.com.br\/blog\/wp-json\/wp\/v2\/posts\/6651\/revisions\/6658"}],"wp:featuredmedia":[{"embeddable":true,"href":"https:\/\/www.proma.com.br\/blog\/wp-json\/wp\/v2\/media\/6653"}],"wp:attachment":[{"href":"https:\/\/www.proma.com.br\/blog\/wp-json\/wp\/v2\/media?parent=6651"}],"wp:term":[{"taxonomy":"category","embeddable":true,"href":"https:\/\/www.proma.com.br\/blog\/wp-json\/wp\/v2\/categories?post=6651"},{"taxonomy":"post_tag","embeddable":true,"href":"https:\/\/www.proma.com.br\/blog\/wp-json\/wp\/v2\/tags?post=6651"}],"curies":[{"name":"wp","href":"https:\/\/api.w.org\/{rel}","templated":true}]}}