{"id":6662,"date":"2020-02-04T15:17:46","date_gmt":"2020-02-04T18:17:46","guid":{"rendered":"http:\/\/www.proma.com.br\/blog\/?p=6662"},"modified":"2019-09-03T23:09:12","modified_gmt":"2019-09-04T02:09:12","slug":"prateleiras-altas-na-decoracao-sim-ou-nao","status":"publish","type":"post","link":"https:\/\/www.proma.com.br\/blog\/prateleiras-altas-na-decoracao-sim-ou-nao\/","title":{"rendered":"PRATELEIRAS ALTAS NA DECORA\u00c7\u00c3O: SIM OU N\u00c3O?"},"content":{"rendered":"<p>Qual \u00e9 a sensa\u00e7\u00e3o que voc\u00ea tem quando ouve que um apartamento tem prateleiras altas? Gosta? Ou&#8230; nem pensar? Saiba que as prateleiras altas, quando instaladas perto do forro, d\u00e3o mais amplitude, liberam espa\u00e7o no ch\u00e3o e ficam lindas com vasos pendentes e objetos.<\/p>\n<p>Quer ver?<\/p>\n<p>1. Prateleiras altas duplas foram instaladas logo acima do corte na parede que traz luz natural ao home-office. Aqui, os objetos se integram ao clima de cores s\u00f3brias e neutras da sala de estar.<\/p>\n<p><a href=\"http:\/\/www.proma.com.br\/blog\/wp-content\/uploads\/2018\/11\/01-5.jpg\"><img loading=\"lazy\" class=\"size-full wp-image-6663 alignnone\" src=\"http:\/\/www.proma.com.br\/blog\/wp-content\/uploads\/2018\/11\/01-5.jpg\" alt=\"\" width=\"620\" height=\"413\" srcset=\"https:\/\/www.proma.com.br\/blog\/wp-content\/uploads\/2018\/11\/01-5.jpg 620w, https:\/\/www.proma.com.br\/blog\/wp-content\/uploads\/2018\/11\/01-5-450x300.jpg 450w\" sizes=\"(max-width: 620px) 100vw, 620px\" \/><\/a><\/p>\n<p>2. A prateleira branca \u00e9 um compartimento a mais na sala de jantar. Aqui, ela recebe objetos, fotos e um vaso de folhas pendentes.<\/p>\n<p><a href=\"http:\/\/www.proma.com.br\/blog\/wp-content\/uploads\/2018\/11\/02-4.jpg\"><img loading=\"lazy\" class=\"size-large wp-image-6664 alignnone\" src=\"http:\/\/www.proma.com.br\/blog\/wp-content\/uploads\/2018\/11\/02-4.jpg\" alt=\"\" width=\"584\" height=\"429\" srcset=\"https:\/\/www.proma.com.br\/blog\/wp-content\/uploads\/2018\/11\/02-4.jpg 620w, https:\/\/www.proma.com.br\/blog\/wp-content\/uploads\/2018\/11\/02-4-409x300.jpg 409w\" sizes=\"(max-width: 584px) 100vw, 584px\" \/><\/a><\/p>\n<p>3. O apartamento tem apenas 70 m\u00b2, mas a sala \u00e9 ampla, com poucos e pequenos m\u00f3veis. A prateleira no alto oferece mais espa\u00e7o para guardar livros, revistas e pequenos objetos. Como tudo \u00e9 branco, o elemento passa quase despercebido.<\/p>\n<p><a href=\"http:\/\/www.proma.com.br\/blog\/wp-content\/uploads\/2018\/11\/03-4.jpg\"><img loading=\"lazy\" class=\"size-large wp-image-6665 alignnone\" src=\"http:\/\/www.proma.com.br\/blog\/wp-content\/uploads\/2018\/11\/03-4.jpg\" alt=\"\" width=\"584\" height=\"429\" srcset=\"https:\/\/www.proma.com.br\/blog\/wp-content\/uploads\/2018\/11\/03-4.jpg 620w, https:\/\/www.proma.com.br\/blog\/wp-content\/uploads\/2018\/11\/03-4-409x300.jpg 409w\" sizes=\"(max-width: 584px) 100vw, 584px\" \/><\/a><\/p>\n<p>4. Objetos decorativos na prateleira d\u00e3o um charme todo especial para o quarto do pequeno morador. A decora\u00e7\u00e3o neutra, com um mix do branco, cinza e azul, criou um layout aconchegante para a chegada do beb\u00ea.<\/p>\n<p><a href=\"http:\/\/www.proma.com.br\/blog\/wp-content\/uploads\/2018\/11\/04-4.jpg\"><img loading=\"lazy\" class=\"size-large wp-image-6666 alignnone\" src=\"http:\/\/www.proma.com.br\/blog\/wp-content\/uploads\/2018\/11\/04-4.jpg\" alt=\"\" width=\"584\" height=\"389\" srcset=\"https:\/\/www.proma.com.br\/blog\/wp-content\/uploads\/2018\/11\/04-4.jpg 620w, https:\/\/www.proma.com.br\/blog\/wp-content\/uploads\/2018\/11\/04-4-450x300.jpg 450w\" sizes=\"(max-width: 584px) 100vw, 584px\" \/><\/a><\/p>\n<p>5. Um ambiente integrado com uma estrutura de madeira no teto que tem duas fun\u00e7\u00f5es: ilumina\u00e7\u00e3o sobre a bancada e prateleira para livros de receitas.<\/p>\n<p><a href=\"http:\/\/www.proma.com.br\/blog\/wp-content\/uploads\/2018\/11\/05-4.jpg\"><img loading=\"lazy\" class=\"size-large wp-image-6667 alignnone\" src=\"http:\/\/www.proma.com.br\/blog\/wp-content\/uploads\/2018\/11\/05-4.jpg\" alt=\"\" width=\"584\" height=\"429\" srcset=\"https:\/\/www.proma.com.br\/blog\/wp-content\/uploads\/2018\/11\/05-4.jpg 620w, https:\/\/www.proma.com.br\/blog\/wp-content\/uploads\/2018\/11\/05-4-409x300.jpg 409w\" sizes=\"(max-width: 584px) 100vw, 584px\" \/><\/a><\/p>\n<p>6. O antigo apartamento de tr\u00eas quartos agora tem apenas um dormit\u00f3rio. Para criar unidade visual nos espa\u00e7os integrados, a prateleira no alto e o banco de madeira percorrem paralelamente toda a casa.<\/p>\n<p><a href=\"http:\/\/www.proma.com.br\/blog\/wp-content\/uploads\/2018\/11\/06-4.jpg\"><img loading=\"lazy\" class=\"size-large wp-image-6668 alignnone\" src=\"http:\/\/www.proma.com.br\/blog\/wp-content\/uploads\/2018\/11\/06-4.jpg\" alt=\"\" width=\"584\" height=\"429\" srcset=\"https:\/\/www.proma.com.br\/blog\/wp-content\/uploads\/2018\/11\/06-4.jpg 620w, https:\/\/www.proma.com.br\/blog\/wp-content\/uploads\/2018\/11\/06-4-409x300.jpg 409w\" sizes=\"(max-width: 584px) 100vw, 584px\" \/><\/a><\/p>\n<p>7. A combina\u00e7\u00e3o de tijolos aparentes, na parede, com laca acetinada, na prateleira, fica bem interessante. A t\u00e1bua amarela \u00e9 um elemento decorativo no ambiente.<\/p>\n<p><a href=\"http:\/\/www.proma.com.br\/blog\/wp-content\/uploads\/2018\/11\/07-4.jpg\"><img loading=\"lazy\" class=\"size-large wp-image-6669 alignnone\" src=\"http:\/\/www.proma.com.br\/blog\/wp-content\/uploads\/2018\/11\/07-4.jpg\" alt=\"\" width=\"584\" height=\"429\" srcset=\"https:\/\/www.proma.com.br\/blog\/wp-content\/uploads\/2018\/11\/07-4.jpg 620w, https:\/\/www.proma.com.br\/blog\/wp-content\/uploads\/2018\/11\/07-4-409x300.jpg 409w\" sizes=\"(max-width: 584px) 100vw, 584px\" \/><\/a><\/p>\n<p>8. A prateleira no alto pode estar tamb\u00e9m em quartos infantis. Mas, n\u00e3o use para colocar brinquedos, pois as crian\u00e7as n\u00e3o v\u00e3o alcan\u00e7ar. O recurso \u00e9 bom para expor fotos e desenhos feitos pelos pequenos.<\/p>\n<p><a href=\"http:\/\/www.proma.com.br\/blog\/wp-content\/uploads\/2018\/11\/08-4.jpg\"><img loading=\"lazy\" class=\"size-large wp-image-6670 alignnone\" src=\"http:\/\/www.proma.com.br\/blog\/wp-content\/uploads\/2018\/11\/08-4.jpg\" alt=\"\" width=\"584\" height=\"429\" srcset=\"https:\/\/www.proma.com.br\/blog\/wp-content\/uploads\/2018\/11\/08-4.jpg 620w, https:\/\/www.proma.com.br\/blog\/wp-content\/uploads\/2018\/11\/08-4-409x300.jpg 409w\" sizes=\"(max-width: 584px) 100vw, 584px\" \/><\/a><\/p>\n<p>Gostou desses projetos? Seu coment\u00e1rio \u00e9 muito bem-vindo!<\/p>\n<p><strong>Fonte:\u00a0<\/strong><a href=\"https:\/\/glo.bo\/2r9fllW\" target=\"_blank\" rel=\"noopener\">Revista Casa e Jardim<\/a><\/p>\n<p>_________<\/p>\n<p><strong>Leia tamb\u00e9m:<\/strong><\/p>\n<ul>\n<li>Prateleiras abertas na cozinha: <a href=\"http:\/\/www.proma.com.br\/blog\/prateleiras-abertas-na-cozinha-sim-ou-nao\/\" target=\"_blank\" rel=\"noopener\">clique aqui<\/a> e veja as vantagens.<\/li>\n<li><a href=\"http:\/\/www.proma.com.br\/blog\/profundidade-e-altura-ideal-para-as-prateleiras\/\" target=\"_blank\" rel=\"noopener\">Clique aqui<\/a> e confira a profundidade e a altura ideal das prateleiras.<\/li>\n<\/ul>\n","protected":false},"excerpt":{"rendered":"<p>Qual \u00e9 a sensa\u00e7\u00e3o que voc\u00ea tem quando ouve que um apartamento tem prateleiras altas? Gosta? Ou&#8230; nem pensar? Saiba que as prateleiras altas, quando instaladas perto do forro, d\u00e3o mais amplitude, liberam espa\u00e7o no ch\u00e3o e ficam lindas com&hellip;<\/p>\n","protected":false},"author":2,"featured_media":6668,"comment_status":"open","ping_status":"closed","sticky":false,"template":"","format":"standard","meta":[],"categories":[2,2927],"tags":[3105,3106],"_links":{"self":[{"href":"https:\/\/www.proma.com.br\/blog\/wp-json\/wp\/v2\/posts\/6662"}],"collection":[{"href":"https:\/\/www.proma.com.br\/blog\/wp-json\/wp\/v2\/posts"}],"about":[{"href":"https:\/\/www.proma.com.br\/blog\/wp-json\/wp\/v2\/types\/post"}],"author":[{"embeddable":true,"href":"https:\/\/www.proma.com.br\/blog\/wp-json\/wp\/v2\/users\/2"}],"replies":[{"embeddable":true,"href":"https:\/\/www.proma.com.br\/blog\/wp-json\/wp\/v2\/comments?post=6662"}],"version-history":[{"count":4,"href":"https:\/\/www.proma.com.br\/blog\/wp-json\/wp\/v2\/posts\/6662\/revisions"}],"predecessor-version":[{"id":6675,"href":"https:\/\/www.proma.com.br\/blog\/wp-json\/wp\/v2\/posts\/6662\/revisions\/6675"}],"wp:featuredmedia":[{"embeddable":true,"href":"https:\/\/www.proma.com.br\/blog\/wp-json\/wp\/v2\/media\/6668"}],"wp:attachment":[{"href":"https:\/\/www.proma.com.br\/blog\/wp-json\/wp\/v2\/media?parent=6662"}],"wp:term":[{"taxonomy":"category","embeddable":true,"href":"https:\/\/www.proma.com.br\/blog\/wp-json\/wp\/v2\/categories?post=6662"},{"taxonomy":"post_tag","embeddable":true,"href":"https:\/\/www.proma.com.br\/blog\/wp-json\/wp\/v2\/tags?post=6662"}],"curies":[{"name":"wp","href":"https:\/\/api.w.org\/{rel}","templated":true}]}}