{"id":6818,"date":"2019-06-18T14:47:25","date_gmt":"2019-06-18T17:47:25","guid":{"rendered":"http:\/\/www.proma.com.br\/blog\/?p=6818"},"modified":"2018-12-12T14:50:42","modified_gmt":"2018-12-12T17:50:42","slug":"canela-5-beneficios-dessa-especiaria-para-o-nosso-organismo","status":"publish","type":"post","link":"https:\/\/www.proma.com.br\/blog\/canela-5-beneficios-dessa-especiaria-para-o-nosso-organismo\/","title":{"rendered":"CANELA: 5 BENEF\u00cdCIOS DESSA ESPECIARIA PARA O NOSSO ORGANISMO"},"content":{"rendered":"<p><img loading=\"lazy\" class=\"size-full wp-image-6819 alignnone\" src=\"http:\/\/www.proma.com.br\/blog\/wp-content\/uploads\/2018\/12\/01-4.jpg\" alt=\"\" width=\"620\" height=\"455\" srcset=\"https:\/\/www.proma.com.br\/blog\/wp-content\/uploads\/2018\/12\/01-4.jpg 620w, https:\/\/www.proma.com.br\/blog\/wp-content\/uploads\/2018\/12\/01-4-409x300.jpg 409w\" sizes=\"(max-width: 620px) 100vw, 620px\" \/><\/p>\n<p>No caf\u00e9, no bolo, no arroz doce&#8230; hmmmmm!<\/p>\n<p>A canela \u00e9 uma del\u00edcia em qualquer receita! Nativa do Siri- Lanka, \u00e9 obtida por meio do tronco de caneleira, uma \u00e1rvore de casca marrom-avermelhada. Mas, al\u00e9m de seu aroma \u00fanico, a canela possui alguns benef\u00edcios para a sa\u00fade.<\/p>\n<p>Veja s\u00f3!<\/p>\n<p><strong>AJUDA A CONTROLAR A DIABETES<\/strong><\/p>\n<p>Isso acontece porque ela possui polifenol MHCP, que contribui para regularizar os n\u00edveis de glicose no sangue. Tanto no mingau, quanto em um copo com \u00e1gua, ela pode ser uma forte aliada da sua dieta.<\/p>\n<p><strong>AJUDA NO EMAGRECIMENTO<\/strong><\/p>\n<p>Principalmente por ser um alimento termog\u00eanico, a canela ajuda a aumentar o gasto de calorias durante a digest\u00e3o. Ela tamb\u00e9m possui a\u00e7\u00e3o anti-inflamat\u00f3ria.<\/p>\n<p><strong>CONTROLA O COLESTEROL E TRIGLIC\u00c9RIDES<\/strong><\/p>\n<p>O benef\u00edcio se deve \u00e0 a\u00e7\u00e3o antioxidante e anti-inflamat\u00f3ria da canela. Um estudo feito com 60 pessoas pela American Diabetes Association, nos EUA, observou que o consumo de canela por 40 dias contribuiu para a diminui\u00e7\u00e3o do colesterol entre 12 e 26% nos pacientes.<\/p>\n<p><strong>COMBATE O C\u00c2NCER<\/strong><\/p>\n<p>Como a especiaria cont\u00e9m uma elevada quantidade de antioxidantes, eles eliminam os radicais livres que s\u00e3o respons\u00e1veis pelo c\u00e2ncer no corpo.<\/p>\n<p><strong>FORNECE ENERGIA<\/strong><\/p>\n<p>Sim! A canela melhora o fluxo sangu\u00edneo e ainda ajuda a ter mais energia.<\/p>\n<p>Voc\u00ea j\u00e1 tinha conhecimento dessas dicas?<\/p>\n<p><strong>Fonte:\u00a0<\/strong><a href=\"https:\/\/glo.bo\/2zUwapz\" target=\"_blank\" rel=\"noopener\">Casa e Jardim<\/a><\/p>\n<p>________<\/p>\n<p><strong>Leia tamb\u00e9m:<\/strong><\/p>\n<ul>\n<li>Como acabar com as formigas sem usar inseticida? <a href=\"http:\/\/www.proma.com.br\/blog\/como-acabar-com-as-formigas-sem-usar-inseticida\/\" target=\"_blank\" rel=\"noopener\">Clique aqui<\/a> e saiba mais.<\/li>\n<li>Pasta de dente \u00e9 aliada no dia a dia dom\u00e9stico. <a href=\"http:\/\/www.proma.com.br\/blog\/pasta-de-dente-e-aliada-no-dia-a-dia-domestico\/\" target=\"_blank\" rel=\"noopener\">Clique aqui<\/a> e saiba mais.<\/li>\n<\/ul>\n","protected":false},"excerpt":{"rendered":"<p>No caf\u00e9, no bolo, no arroz doce&#8230; hmmmmm! A canela \u00e9 uma del\u00edcia em qualquer receita! Nativa do Siri- Lanka, \u00e9 obtida por meio do tronco de caneleira, uma \u00e1rvore de casca marrom-avermelhada. Mas, al\u00e9m de seu aroma \u00fanico, a&hellip;<\/p>\n","protected":false},"author":2,"featured_media":6819,"comment_status":"open","ping_status":"closed","sticky":false,"template":"","format":"standard","meta":[],"categories":[2927,1147],"tags":[3130,3128,3129],"_links":{"self":[{"href":"https:\/\/www.proma.com.br\/blog\/wp-json\/wp\/v2\/posts\/6818"}],"collection":[{"href":"https:\/\/www.proma.com.br\/blog\/wp-json\/wp\/v2\/posts"}],"about":[{"href":"https:\/\/www.proma.com.br\/blog\/wp-json\/wp\/v2\/types\/post"}],"author":[{"embeddable":true,"href":"https:\/\/www.proma.com.br\/blog\/wp-json\/wp\/v2\/users\/2"}],"replies":[{"embeddable":true,"href":"https:\/\/www.proma.com.br\/blog\/wp-json\/wp\/v2\/comments?post=6818"}],"version-history":[{"count":2,"href":"https:\/\/www.proma.com.br\/blog\/wp-json\/wp\/v2\/posts\/6818\/revisions"}],"predecessor-version":[{"id":6821,"href":"https:\/\/www.proma.com.br\/blog\/wp-json\/wp\/v2\/posts\/6818\/revisions\/6821"}],"wp:featuredmedia":[{"embeddable":true,"href":"https:\/\/www.proma.com.br\/blog\/wp-json\/wp\/v2\/media\/6819"}],"wp:attachment":[{"href":"https:\/\/www.proma.com.br\/blog\/wp-json\/wp\/v2\/media?parent=6818"}],"wp:term":[{"taxonomy":"category","embeddable":true,"href":"https:\/\/www.proma.com.br\/blog\/wp-json\/wp\/v2\/categories?post=6818"},{"taxonomy":"post_tag","embeddable":true,"href":"https:\/\/www.proma.com.br\/blog\/wp-json\/wp\/v2\/tags?post=6818"}],"curies":[{"name":"wp","href":"https:\/\/api.w.org\/{rel}","templated":true}]}}