{"id":6840,"date":"2019-06-27T15:18:35","date_gmt":"2019-06-27T18:18:35","guid":{"rendered":"http:\/\/www.proma.com.br\/blog\/?p=6840"},"modified":"2018-12-15T18:25:33","modified_gmt":"2018-12-15T21:25:33","slug":"o-autoconhecimento-interfere-na-decoracao","status":"publish","type":"post","link":"https:\/\/www.proma.com.br\/blog\/o-autoconhecimento-interfere-na-decoracao\/","title":{"rendered":"O AUTOCONHECIMENTO INTERFERE NA DECORA\u00c7\u00c3O?"},"content":{"rendered":"<p><img loading=\"lazy\" class=\"size-full wp-image-6841 alignnone\" src=\"http:\/\/www.proma.com.br\/blog\/wp-content\/uploads\/2018\/12\/11-1.jpg\" alt=\"\" width=\"620\" height=\"827\" srcset=\"https:\/\/www.proma.com.br\/blog\/wp-content\/uploads\/2018\/12\/11-1.jpg 620w, https:\/\/www.proma.com.br\/blog\/wp-content\/uploads\/2018\/12\/11-1-225x300.jpg 225w\" sizes=\"(max-width: 620px) 100vw, 620px\" \/><\/p>\n<p>A pesquisadora crom\u00e1tica Ana Kreutzer aponta a <strong>autenticidade\u00a0<\/strong>como norte para uma <em>est\u00e9tica bold\u00a0<\/em>(ou, seja, cheia de personalidade) nos interiores. Entenda!<\/p>\n<p><img loading=\"lazy\" class=\"size-large wp-image-6842 alignnone\" src=\"http:\/\/www.proma.com.br\/blog\/wp-content\/uploads\/2018\/12\/12-1.jpg\" alt=\"\" width=\"584\" height=\"876\" srcset=\"https:\/\/www.proma.com.br\/blog\/wp-content\/uploads\/2018\/12\/12-1.jpg 620w, https:\/\/www.proma.com.br\/blog\/wp-content\/uploads\/2018\/12\/12-1-200x300.jpg 200w\" sizes=\"(max-width: 584px) 100vw, 584px\" \/><\/p>\n<p>Depois de vermos os boomers tomarem as ruas nos anos 1970, em prol dos direitos das mulheres, da liberdade de express\u00e3o, do amor sem preconceitos, entre tantas outras quest\u00f5es s\u00f3cio-pol\u00edticas, \u00e9 a vez de acompanharmos de perto outra gera\u00e7\u00e3o colocar a cara para fora para lutar por aquilo que acreditam. Os millennials e a gera\u00e7\u00e3o Z contestam o consumo desenfreado, apoiam a sustentabilidade em todos os sentidos da vida, querem igualdade de g\u00eanero e ra\u00e7a, buscam por um mundo melhor para todos conviverem em harmonia. N\u00e3o \u00e0 toa, as redes sociais fazem parte deste momento de luta &#8211; coletivos surgem no meio online para discutir pautas do offline, ocupam lugares e d\u00e3o voz \u00e0queles que foram esquecidos pelas \u201cnormatividades\u201d da sociedade contempor\u00e2nea. Mas, o que tudo isso tem a ver com decora\u00e7\u00e3o? Pode-se perguntar. E a resposta \u00e9: tudo!<\/p>\n<p><img loading=\"lazy\" class=\"size-large wp-image-6843 alignnone\" src=\"http:\/\/www.proma.com.br\/blog\/wp-content\/uploads\/2018\/12\/13-1.jpg\" alt=\"\" width=\"584\" height=\"876\" srcset=\"https:\/\/www.proma.com.br\/blog\/wp-content\/uploads\/2018\/12\/13-1.jpg 620w, https:\/\/www.proma.com.br\/blog\/wp-content\/uploads\/2018\/12\/13-1-200x300.jpg 200w\" sizes=\"(max-width: 584px) 100vw, 584px\" \/><\/p>\n<p><img loading=\"lazy\" class=\"size-large wp-image-6845 alignnone\" src=\"http:\/\/www.proma.com.br\/blog\/wp-content\/uploads\/2018\/12\/15-1.jpg\" alt=\"\" width=\"584\" height=\"780\" srcset=\"https:\/\/www.proma.com.br\/blog\/wp-content\/uploads\/2018\/12\/15-1.jpg 620w, https:\/\/www.proma.com.br\/blog\/wp-content\/uploads\/2018\/12\/15-1-225x300.jpg 225w\" sizes=\"(max-width: 584px) 100vw, 584px\" \/><\/p>\n<p>\u201cComo ser humano, indiv\u00edduo, lutamos por uma causa. Somos seres pol\u00edticos, no sentido de polis mesmo, apontado por Plat\u00e3o. E este empoderamento humano surge quando entendemos as nossas lutas, compreendemos quem somos no nosso lugar de conviv\u00eancia e exist\u00eancia\u201d, diz Ana Kreutzer, pesquisadora crom\u00e1tica e consultora de cores da Suvinil. \u201cEm um segundo ato, mais ideol\u00f3gico, ap\u00f3s o autoconhecimento e autocr\u00edtica, podemos rever nossos valores e nossa identidade, o que resulta em uma autenticidade\u201d, complementa. Toda essa an\u00e1lise comportamental interfere na paleta de cores que foi pensada para 2019, assim como a intelig\u00eancia emocional. Por\u00e9m, diferente dos tons neutros e esmaecidos desta <strong>paleta Magn\u00e9tica<\/strong>, a <strong>paleta Ideol\u00f3gica\u00a0<\/strong>surge bold, ousada e cheia de personalidade.<\/p>\n<p><img loading=\"lazy\" class=\"size-large wp-image-6844 alignnone\" src=\"http:\/\/www.proma.com.br\/blog\/wp-content\/uploads\/2018\/12\/14-1.jpg\" alt=\"\" width=\"584\" height=\"730\" srcset=\"https:\/\/www.proma.com.br\/blog\/wp-content\/uploads\/2018\/12\/14-1.jpg 620w, https:\/\/www.proma.com.br\/blog\/wp-content\/uploads\/2018\/12\/14-1-240x300.jpg 240w\" sizes=\"(max-width: 584px) 100vw, 584px\" \/><\/p>\n<p><img loading=\"lazy\" class=\"size-large wp-image-6846 alignnone\" src=\"http:\/\/www.proma.com.br\/blog\/wp-content\/uploads\/2018\/12\/16.jpg\" alt=\"\" width=\"584\" height=\"730\" srcset=\"https:\/\/www.proma.com.br\/blog\/wp-content\/uploads\/2018\/12\/16.jpg 620w, https:\/\/www.proma.com.br\/blog\/wp-content\/uploads\/2018\/12\/16-240x300.jpg 240w\" sizes=\"(max-width: 584px) 100vw, 584px\" \/><\/p>\n<p>\u201cQuais s\u00e3o os meus valores?\u201d, indaga Ana. \u201cA express\u00e3o est\u00e9tica parte de pessoas mais confiantes de si, e elas usam as cores para externar isso.\u201d A quebra da barreira do medo, do contr\u00e1rio que muitos podem pensar, n\u00e3o come\u00e7a a se pintar com cores mais suaves: ela j\u00e1 surge bem impactante. Portanto, ambientes monocrom\u00e1ticos ou totalmente coloridos come\u00e7am a ganhar espa\u00e7o na casa. Cores como vermelho, rubi e magenta, e at\u00e9 mesmo o Living Coral, cor de 2019 da Pantone, fazem parte deste momento de apostar sem neuras em tons que possuem muitos estigmas no design de interiores.<\/p>\n<p><img loading=\"lazy\" class=\"size-large wp-image-6847 alignnone\" src=\"http:\/\/www.proma.com.br\/blog\/wp-content\/uploads\/2018\/12\/17.jpg\" alt=\"\" width=\"584\" height=\"876\" srcset=\"https:\/\/www.proma.com.br\/blog\/wp-content\/uploads\/2018\/12\/17.jpg 620w, https:\/\/www.proma.com.br\/blog\/wp-content\/uploads\/2018\/12\/17-200x300.jpg 200w\" sizes=\"(max-width: 584px) 100vw, 584px\" \/><\/p>\n<p><img loading=\"lazy\" class=\"size-large wp-image-6848 alignnone\" src=\"http:\/\/www.proma.com.br\/blog\/wp-content\/uploads\/2018\/12\/18.jpg\" alt=\"\" width=\"584\" height=\"727\" srcset=\"https:\/\/www.proma.com.br\/blog\/wp-content\/uploads\/2018\/12\/18.jpg 620w, https:\/\/www.proma.com.br\/blog\/wp-content\/uploads\/2018\/12\/18-241x300.jpg 241w\" sizes=\"(max-width: 584px) 100vw, 584px\" \/><\/p>\n<p><strong>Um texto para refletirmos sobre o assunto.<\/strong><\/p>\n<p><img loading=\"lazy\" class=\"size-large wp-image-6849 alignnone\" src=\"http:\/\/www.proma.com.br\/blog\/wp-content\/uploads\/2018\/12\/19.jpg\" alt=\"\" width=\"584\" height=\"1014\" srcset=\"https:\/\/www.proma.com.br\/blog\/wp-content\/uploads\/2018\/12\/19.jpg 620w, https:\/\/www.proma.com.br\/blog\/wp-content\/uploads\/2018\/12\/19-173x300.jpg 173w\" sizes=\"(max-width: 584px) 100vw, 584px\" \/><\/p>\n<p><strong>Fonte: <\/strong><a href=\"https:\/\/glo.bo\/2BmWgkJ\" target=\"_blank\" rel=\"noopener\">Casa Vogue<\/a><\/p>\n<p>_______<\/p>\n<p><strong>Leia tamb\u00e9m:<\/strong><\/p>\n<ul>\n<li>PAREDES ESCURAS DEMONSTRAM PERSONALIDADE E S\u00c3O TEND\u00caNCIA NA DECORA\u00c7\u00c3O. <a href=\"http:\/\/www.proma.com.br\/blog\/paredes-escuras-demonstram-personalidade-e-sao-tendencia-na-decoracao\/\" target=\"_blank\" rel=\"noopener\">CLIQUE AQUI<\/a> E SAIBA MAIS.<\/li>\n<li><a href=\"http:\/\/www.proma.com.br\/blog\/7-dicas-para-decorar-um-imovel-alugado\/\" target=\"_blank\" rel=\"noopener\">CLIQUE AQUI<\/a> E CONFIRA 7 DICAS PARA DECORAR UM IM\u00d3VEL ALUGADO.<\/li>\n<\/ul>\n","protected":false},"excerpt":{"rendered":"<p>A pesquisadora crom\u00e1tica Ana Kreutzer aponta a autenticidade\u00a0como norte para uma est\u00e9tica bold\u00a0(ou, seja, cheia de personalidade) nos interiores. Entenda! Depois de vermos os boomers tomarem as ruas nos anos 1970, em prol dos direitos das mulheres, da liberdade de&hellip;<\/p>\n","protected":false},"author":2,"featured_media":6845,"comment_status":"open","ping_status":"closed","sticky":false,"template":"","format":"standard","meta":[],"categories":[1,2,5],"tags":[3134,2947,1919],"_links":{"self":[{"href":"https:\/\/www.proma.com.br\/blog\/wp-json\/wp\/v2\/posts\/6840"}],"collection":[{"href":"https:\/\/www.proma.com.br\/blog\/wp-json\/wp\/v2\/posts"}],"about":[{"href":"https:\/\/www.proma.com.br\/blog\/wp-json\/wp\/v2\/types\/post"}],"author":[{"embeddable":true,"href":"https:\/\/www.proma.com.br\/blog\/wp-json\/wp\/v2\/users\/2"}],"replies":[{"embeddable":true,"href":"https:\/\/www.proma.com.br\/blog\/wp-json\/wp\/v2\/comments?post=6840"}],"version-history":[{"count":3,"href":"https:\/\/www.proma.com.br\/blog\/wp-json\/wp\/v2\/posts\/6840\/revisions"}],"predecessor-version":[{"id":6852,"href":"https:\/\/www.proma.com.br\/blog\/wp-json\/wp\/v2\/posts\/6840\/revisions\/6852"}],"wp:featuredmedia":[{"embeddable":true,"href":"https:\/\/www.proma.com.br\/blog\/wp-json\/wp\/v2\/media\/6845"}],"wp:attachment":[{"href":"https:\/\/www.proma.com.br\/blog\/wp-json\/wp\/v2\/media?parent=6840"}],"wp:term":[{"taxonomy":"category","embeddable":true,"href":"https:\/\/www.proma.com.br\/blog\/wp-json\/wp\/v2\/categories?post=6840"},{"taxonomy":"post_tag","embeddable":true,"href":"https:\/\/www.proma.com.br\/blog\/wp-json\/wp\/v2\/tags?post=6840"}],"curies":[{"name":"wp","href":"https:\/\/api.w.org\/{rel}","templated":true}]}}