{"id":6910,"date":"2019-07-30T20:59:48","date_gmt":"2019-07-30T23:59:48","guid":{"rendered":"http:\/\/www.proma.com.br\/blog\/?p=6910"},"modified":"2019-03-03T21:08:27","modified_gmt":"2019-03-04T00:08:27","slug":"tendencia-sustentavel-o-que-e-upcycle","status":"publish","type":"post","link":"https:\/\/www.proma.com.br\/blog\/tendencia-sustentavel-o-que-e-upcycle\/","title":{"rendered":"TEND\u00caNCIA SUSTENT\u00c1VEL: O QUE \u00c9 UPCYCLE?"},"content":{"rendered":"<p><img loading=\"lazy\" class=\"aligncenter size-full wp-image-6911\" src=\"http:\/\/www.proma.com.br\/blog\/wp-content\/uploads\/2019\/03\/01.jpg\" alt=\"\" width=\"1000\" height=\"714\" srcset=\"https:\/\/www.proma.com.br\/blog\/wp-content\/uploads\/2019\/03\/01.jpg 1000w, https:\/\/www.proma.com.br\/blog\/wp-content\/uploads\/2019\/03\/01-960x685.jpg 960w, https:\/\/www.proma.com.br\/blog\/wp-content\/uploads\/2019\/03\/01-768x548.jpg 768w, https:\/\/www.proma.com.br\/blog\/wp-content\/uploads\/2019\/03\/01-420x300.jpg 420w\" sizes=\"(max-width: 1000px) 100vw, 1000px\" \/><\/p>\n<p>A cada dia, milh\u00f5es de toneladas de res\u00edduos s\u00e3o produzidos e descartados. Pior: muitas das embalagens e dos produtos n\u00e3o s\u00e3o devidamente projetados para serem reaproveitados ou para se decomporem facilmente. Todavia, o design, por meio da criatividade e aliado a uma infinidade de outros recursos, pode ajudar a minimizar os preju\u00edzos.<\/p>\n<p><img loading=\"lazy\" class=\"aligncenter size-large wp-image-6912\" src=\"http:\/\/www.proma.com.br\/blog\/wp-content\/uploads\/2019\/03\/02.jpg\" alt=\"\" width=\"584\" height=\"397\" srcset=\"https:\/\/www.proma.com.br\/blog\/wp-content\/uploads\/2019\/03\/02.jpg 1000w, https:\/\/www.proma.com.br\/blog\/wp-content\/uploads\/2019\/03\/02-960x653.jpg 960w, https:\/\/www.proma.com.br\/blog\/wp-content\/uploads\/2019\/03\/02-768x522.jpg 768w, https:\/\/www.proma.com.br\/blog\/wp-content\/uploads\/2019\/03\/02-441x300.jpg 441w\" sizes=\"(max-width: 584px) 100vw, 584px\" \/><\/p>\n<p><strong>POR UM DESIGN MAIS CONSCIENTE<\/strong><\/p>\n<p>J\u00e1 est\u00e1 mais do que claro que os profissionais precisam pensar com intelig\u00eancia \u2013 desde o in\u00edcio da concep\u00e7\u00e3o de projetos at\u00e9 as consequ\u00eancias da concretiza\u00e7\u00e3o de suas ideias. Em tempos t\u00e3o incertos, de crises econ\u00f4micas e ambientais, tend\u00eancias sustent\u00e1veis t\u00eam dominado o campo das artes. Muitos profissionais t\u00eam tentado transformar coisas que provavelmente iriam para o lixo em novos itens.<\/p>\n<p><img loading=\"lazy\" class=\"aligncenter size-large wp-image-6913\" src=\"http:\/\/www.proma.com.br\/blog\/wp-content\/uploads\/2019\/03\/03.jpg\" alt=\"\" width=\"584\" height=\"402\" srcset=\"https:\/\/www.proma.com.br\/blog\/wp-content\/uploads\/2019\/03\/03.jpg 900w, https:\/\/www.proma.com.br\/blog\/wp-content\/uploads\/2019\/03\/03-768x528.jpg 768w, https:\/\/www.proma.com.br\/blog\/wp-content\/uploads\/2019\/03\/03-436x300.jpg 436w\" sizes=\"(max-width: 584px) 100vw, 584px\" \/><\/p>\n<p>O <strong>sistema de reciclagem<\/strong>, ou seja, de recupera\u00e7\u00e3o da utilidade de certos materiais ou produtos, \u00e9 um bom come\u00e7o, mas n\u00e3o o caminho ideal. Tanto no campo da moda, quanto da decora\u00e7\u00e3o de interiores, j\u00e1 existem empresas que v\u00eam se especializando em <strong>UPCYCLING<\/strong>, uma pr\u00e1tica em bastante crescimento nos Estados Unidos e, cada vez mais, no Brasil. A ideia mais certa para o futuro \u00e9 essa: a utiliza\u00e7\u00e3o do redesign para o (re)aproveitamento das \u201csobras\u201d do mercado.<\/p>\n<p><img loading=\"lazy\" class=\"aligncenter size-large wp-image-6916\" src=\"http:\/\/www.proma.com.br\/blog\/wp-content\/uploads\/2019\/03\/06.jpg\" alt=\"\" width=\"584\" height=\"413\" srcset=\"https:\/\/www.proma.com.br\/blog\/wp-content\/uploads\/2019\/03\/06.jpg 1000w, https:\/\/www.proma.com.br\/blog\/wp-content\/uploads\/2019\/03\/06-960x680.jpg 960w, https:\/\/www.proma.com.br\/blog\/wp-content\/uploads\/2019\/03\/06-768x544.jpg 768w, https:\/\/www.proma.com.br\/blog\/wp-content\/uploads\/2019\/03\/06-424x300.jpg 424w\" sizes=\"(max-width: 584px) 100vw, 584px\" \/><\/p>\n<p><strong>O QUE \u00c9 O UPCYCLE?<\/strong><\/p>\n<p>Upcycle \u00e9 a alternativa mais sustent\u00e1vel que se tem hoje para o destino de res\u00edduos. A ideia n\u00e3o \u00e9 nova, mas o termo sim \u2013 ele surgiu nos anos 90 com o lan\u00e7amento de um livro alem\u00e3o de autoria do empres\u00e1rio Gunter Pauli \u2013 conhecido como o \u201cSteve Jobs da sustentabilidade\u201d. Depois, em 2002, foi incorporado na obra do arquiteto William McDonough e do qu\u00edmico Michael Braungart, titulada como \u2018Cradle to Cradle: Remaking the Way We Make Things\u2019.<\/p>\n<p><img loading=\"lazy\" class=\"aligncenter size-large wp-image-6914\" src=\"http:\/\/www.proma.com.br\/blog\/wp-content\/uploads\/2019\/03\/04.jpg\" alt=\"\" width=\"584\" height=\"372\" srcset=\"https:\/\/www.proma.com.br\/blog\/wp-content\/uploads\/2019\/03\/04.jpg 1000w, https:\/\/www.proma.com.br\/blog\/wp-content\/uploads\/2019\/03\/04-960x612.jpg 960w, https:\/\/www.proma.com.br\/blog\/wp-content\/uploads\/2019\/03\/04-768x489.jpg 768w, https:\/\/www.proma.com.br\/blog\/wp-content\/uploads\/2019\/03\/04-471x300.jpg 471w\" sizes=\"(max-width: 584px) 100vw, 584px\" \/><\/p>\n<p>Upcycle pode ser traduzido simplesmente como um tipo de \u201c<strong>REUTILIZA\u00c7\u00c3O CRIATIVA<\/strong>\u201d. \u00c9 um jeito incomum, muito requerido por artes\u00e3os, de <strong>poupar o meio ambiente e conseguir pe\u00e7as mais sustent\u00e1veis<\/strong>. Para os criativos, basta um olhar diferente para os objetos antigos para se enxergar quais s\u00e3o as possibilidades para o futuro da humanidade. A ideia \u00e9 pegar subprodutos, materiais de res\u00edduos, produtos in\u00fateis e indesejados e transform\u00e1-los, dando-os melhor qualidade, valor ou prop\u00f3sito (em rela\u00e7\u00e3o ao que se tinha originalmente).<\/p>\n<p><img loading=\"lazy\" class=\"aligncenter size-large wp-image-6917\" src=\"http:\/\/www.proma.com.br\/blog\/wp-content\/uploads\/2019\/03\/07.jpg\" alt=\"\" width=\"584\" height=\"461\" srcset=\"https:\/\/www.proma.com.br\/blog\/wp-content\/uploads\/2019\/03\/07.jpg 1000w, https:\/\/www.proma.com.br\/blog\/wp-content\/uploads\/2019\/03\/07-960x757.jpg 960w, https:\/\/www.proma.com.br\/blog\/wp-content\/uploads\/2019\/03\/07-768x606.jpg 768w, https:\/\/www.proma.com.br\/blog\/wp-content\/uploads\/2019\/03\/07-380x300.jpg 380w\" sizes=\"(max-width: 584px) 100vw, 584px\" \/><\/p>\n<p><strong>DIFERENCIANDO UPCYCLE DE RECICLAGEM<\/strong><\/p>\n<p>Reaproveitar algo n\u00e3o implica, necessariamente, em alterar as caracter\u00edsticas originais. Por\u00e9m, o problema da reciclagem \u00e9 que, nesse processo, geralmente, os materiais s\u00e3o misturados com produtos qu\u00edmicos e suas qualidades t\u00e9cnicas tendem a ser perdidas. O res\u00edduo perde valor, se tornando uma mat\u00e9ria-prima de segunda-m\u00e3o. E isso \u00e9 algo bem diferente do que se faz no upcycling \u2013 que seria quase um <strong>downcycling<\/strong>: convers\u00e3o de materiais e produtos em novos materiais, s\u00f3 que de menor qualidade.<\/p>\n<p><img loading=\"lazy\" class=\"aligncenter size-large wp-image-6915\" src=\"http:\/\/www.proma.com.br\/blog\/wp-content\/uploads\/2019\/03\/05.jpg\" alt=\"\" width=\"584\" height=\"348\" srcset=\"https:\/\/www.proma.com.br\/blog\/wp-content\/uploads\/2019\/03\/05.jpg 900w, https:\/\/www.proma.com.br\/blog\/wp-content\/uploads\/2019\/03\/05-768x458.jpg 768w, https:\/\/www.proma.com.br\/blog\/wp-content\/uploads\/2019\/03\/05-500x298.jpg 500w\" sizes=\"(max-width: 584px) 100vw, 584px\" \/><\/p>\n<p><strong>BENEF\u00cdCIOS DO UPCYCLE<\/strong><\/p>\n<p>\u2013 menos quantidade de res\u00edduos descartados na natureza;<\/p>\n<p>\u2013 menos quantidade de lixo nos aterros sanit\u00e1rios;<\/p>\n<p>\u2013 menos explora\u00e7\u00e3o de petr\u00f3leo, de madeira, de min\u00e9rio e mais;<\/p>\n<p>\u2013 redu\u00e7\u00e3o do uso de mat\u00e9rias-primas e recursos naturais para a fabrica\u00e7\u00e3o de novos produtos;<\/p>\n<p>\u2013 redu\u00e7\u00e3o da emiss\u00e3o de gases poluentes causadores do efeito estufa.<\/p>\n<p>Vamos adotar esse h\u00e1bito de vida e, assim, contribuir com o bem do planeta?<\/p>\n<p><img loading=\"lazy\" class=\"aligncenter size-large wp-image-6918\" src=\"http:\/\/www.proma.com.br\/blog\/wp-content\/uploads\/2019\/03\/08.jpg\" alt=\"\" width=\"584\" height=\"425\" srcset=\"https:\/\/www.proma.com.br\/blog\/wp-content\/uploads\/2019\/03\/08.jpg 1000w, https:\/\/www.proma.com.br\/blog\/wp-content\/uploads\/2019\/03\/08-960x699.jpg 960w, https:\/\/www.proma.com.br\/blog\/wp-content\/uploads\/2019\/03\/08-768x559.jpg 768w, https:\/\/www.proma.com.br\/blog\/wp-content\/uploads\/2019\/03\/08-412x300.jpg 412w\" sizes=\"(max-width: 584px) 100vw, 584px\" \/><\/p>\n<p><strong>Fonte:\u00a0<\/strong><a href=\"https:\/\/is.gd\/yxgjz4\" target=\"_blank\" rel=\"noopener\">Blog da Arquitetura<\/a><\/p>\n<p>_____<\/p>\n<h4><strong>Leia tamb\u00e9m:<\/strong><\/h4>\n<ul>\n<li>\n<h4>SUSTENTABILIDADE EM A\u00c7\u00c3O: 10 ATITUDES QUE AJUDAM A ECONOMIZAR \u00c1GUA. <a href=\"http:\/\/www.proma.com.br\/blog\/sustentabilidade-em-acao-10-atitudes-que-ajudam-a-economizar-agua\/\" target=\"_blank\" rel=\"noopener\">CLIQUE AQUI\u00a0<\/a>E SAIBA MAIS.<\/h4>\n<\/li>\n<li>\n<h4 class=\"section-title beta\">MARCA LAN\u00c7A M\u00d3VEIS PARA CRIAN\u00c7AS COM BRINQUEDOS RECICLADOS. <a href=\"http:\/\/www.proma.com.br\/blog\/marca-lanca-moveis-para-criancas-com-brinquedos-reciclados\/\" target=\"_blank\" rel=\"noopener\">CLIQUE AQUI<\/a> E ENCANTE-SE.<\/h4>\n<\/li>\n<\/ul>\n","protected":false},"excerpt":{"rendered":"<p>A cada dia, milh\u00f5es de toneladas de res\u00edduos s\u00e3o produzidos e descartados. Pior: muitas das embalagens e dos produtos n\u00e3o s\u00e3o devidamente projetados para serem reaproveitados ou para se decomporem facilmente. Todavia, o design, por meio da criatividade e aliado&hellip;<\/p>\n","protected":false},"author":2,"featured_media":6917,"comment_status":"open","ping_status":"closed","sticky":false,"template":"","format":"standard","meta":[],"categories":[2927,1149],"tags":[371,1801,1833,935,3146],"_links":{"self":[{"href":"https:\/\/www.proma.com.br\/blog\/wp-json\/wp\/v2\/posts\/6910"}],"collection":[{"href":"https:\/\/www.proma.com.br\/blog\/wp-json\/wp\/v2\/posts"}],"about":[{"href":"https:\/\/www.proma.com.br\/blog\/wp-json\/wp\/v2\/types\/post"}],"author":[{"embeddable":true,"href":"https:\/\/www.proma.com.br\/blog\/wp-json\/wp\/v2\/users\/2"}],"replies":[{"embeddable":true,"href":"https:\/\/www.proma.com.br\/blog\/wp-json\/wp\/v2\/comments?post=6910"}],"version-history":[{"count":3,"href":"https:\/\/www.proma.com.br\/blog\/wp-json\/wp\/v2\/posts\/6910\/revisions"}],"predecessor-version":[{"id":6920,"href":"https:\/\/www.proma.com.br\/blog\/wp-json\/wp\/v2\/posts\/6910\/revisions\/6920"}],"wp:featuredmedia":[{"embeddable":true,"href":"https:\/\/www.proma.com.br\/blog\/wp-json\/wp\/v2\/media\/6917"}],"wp:attachment":[{"href":"https:\/\/www.proma.com.br\/blog\/wp-json\/wp\/v2\/media?parent=6910"}],"wp:term":[{"taxonomy":"category","embeddable":true,"href":"https:\/\/www.proma.com.br\/blog\/wp-json\/wp\/v2\/categories?post=6910"},{"taxonomy":"post_tag","embeddable":true,"href":"https:\/\/www.proma.com.br\/blog\/wp-json\/wp\/v2\/tags?post=6910"}],"curies":[{"name":"wp","href":"https:\/\/api.w.org\/{rel}","templated":true}]}}