{"id":6947,"date":"2019-08-06T14:34:16","date_gmt":"2019-08-06T17:34:16","guid":{"rendered":"http:\/\/www.proma.com.br\/blog\/?p=6947"},"modified":"2019-03-20T10:42:08","modified_gmt":"2019-03-20T13:42:08","slug":"5-ideias-criativas-para-a-decoracao-do-dia-dos-pais","status":"publish","type":"post","link":"https:\/\/www.proma.com.br\/blog\/5-ideias-criativas-para-a-decoracao-do-dia-dos-pais\/","title":{"rendered":"5 IDEIAS CRIATIVAS PARA A DECORA\u00c7\u00c3O DO DIA DOS PAIS"},"content":{"rendered":"<p>O DIA DOS PAIS \u00e9 sempre comemorado no segundo domingo de agosto. Em 2019, a data cair\u00e1 no dia 11. E a\u00ed: como voc\u00ea vai surpreender o seu paiz\u00e3o?<\/p>\n<p>Vale um abra\u00e7o apertado (a mais!), uma ora\u00e7\u00e3o (e uma prece!), um almo\u00e7o especial e at\u00e9 uma lembran\u00e7a. O importante \u00e9 o momento, o afeto e o reconhecimento de uma pessoa t\u00e3o especial. Concorda?<\/p>\n<p>Se voc\u00ea vai organizar uma comemora\u00e7\u00e3o em fam\u00edlia, aposte em uma decora\u00e7\u00e3o tem\u00e1tica. Do que o seu pai mais gosta? Futebol, carros, filmes? Personalize alguns produtos, invista em um jogo americano e monte alguns pain\u00e9is com fotos e frases.<\/p>\n<p>Pensando nisto, separamos algumas dicas para montar a decora\u00e7\u00e3o do DIA DOS PAIS. M\u00e3os \u00e0 obra?<\/p>\n<p><strong>1. O tema mustache \u00e9 uma op\u00e7\u00e3o perfeita para a data.<\/strong><\/p>\n<p><img loading=\"lazy\" class=\"aligncenter size-full wp-image-6948\" src=\"http:\/\/www.proma.com.br\/blog\/wp-content\/uploads\/2019\/03\/01-2.jpg\" alt=\"\" width=\"976\" height=\"1024\" srcset=\"https:\/\/www.proma.com.br\/blog\/wp-content\/uploads\/2019\/03\/01-2.jpg 976w, https:\/\/www.proma.com.br\/blog\/wp-content\/uploads\/2019\/03\/01-2-960x1007.jpg 960w, https:\/\/www.proma.com.br\/blog\/wp-content\/uploads\/2019\/03\/01-2-768x806.jpg 768w, https:\/\/www.proma.com.br\/blog\/wp-content\/uploads\/2019\/03\/01-2-286x300.jpg 286w\" sizes=\"(max-width: 976px) 100vw, 976px\" \/><\/p>\n<p><strong>2. A mesa P&amp;B \u00e9 uma op\u00e7\u00e3o cl\u00e1ssica e vers\u00e1til para qualquer estilo.<\/strong><\/p>\n<p><img loading=\"lazy\" class=\"aligncenter size-large wp-image-6949\" src=\"http:\/\/www.proma.com.br\/blog\/wp-content\/uploads\/2019\/03\/02-1.jpg\" alt=\"\" width=\"584\" height=\"730\" srcset=\"https:\/\/www.proma.com.br\/blog\/wp-content\/uploads\/2019\/03\/02-1.jpg 750w, https:\/\/www.proma.com.br\/blog\/wp-content\/uploads\/2019\/03\/02-1-240x300.jpg 240w\" sizes=\"(max-width: 584px) 100vw, 584px\" \/><\/p>\n<p><strong>3. Utilize cookies para montar medalhas personalizadas.<\/strong><\/p>\n<p><img loading=\"lazy\" class=\"aligncenter size-large wp-image-6950\" src=\"http:\/\/www.proma.com.br\/blog\/wp-content\/uploads\/2019\/03\/03-1.jpg\" alt=\"\" width=\"564\" height=\"801\" srcset=\"https:\/\/www.proma.com.br\/blog\/wp-content\/uploads\/2019\/03\/03-1.jpg 564w, https:\/\/www.proma.com.br\/blog\/wp-content\/uploads\/2019\/03\/03-1-211x300.jpg 211w\" sizes=\"(max-width: 564px) 100vw, 564px\" \/><\/p>\n<p><strong>4. O conjunto da mesa pode receber acabamentos em couro e xadrez.<\/strong><\/p>\n<p><img loading=\"lazy\" class=\"aligncenter size-large wp-image-6951\" src=\"http:\/\/www.proma.com.br\/blog\/wp-content\/uploads\/2019\/03\/04-2.jpg\" alt=\"\" width=\"567\" height=\"850\" srcset=\"https:\/\/www.proma.com.br\/blog\/wp-content\/uploads\/2019\/03\/04-2.jpg 567w, https:\/\/www.proma.com.br\/blog\/wp-content\/uploads\/2019\/03\/04-2-200x300.jpg 200w\" sizes=\"(max-width: 567px) 100vw, 567px\" \/><\/p>\n<p><strong>5. O quintal de casa pode se transformar em um espa\u00e7o aconchegante para receber a fam\u00edlia.<\/strong><\/p>\n<p><img loading=\"lazy\" class=\"aligncenter size-large wp-image-6952\" src=\"http:\/\/www.proma.com.br\/blog\/wp-content\/uploads\/2019\/03\/05-2.jpg\" alt=\"\" width=\"584\" height=\"876\" srcset=\"https:\/\/www.proma.com.br\/blog\/wp-content\/uploads\/2019\/03\/05-2.jpg 870w, https:\/\/www.proma.com.br\/blog\/wp-content\/uploads\/2019\/03\/05-2-768x1152.jpg 768w, https:\/\/www.proma.com.br\/blog\/wp-content\/uploads\/2019\/03\/05-2-200x300.jpg 200w\" sizes=\"(max-width: 584px) 100vw, 584px\" \/><\/p>\n<p>Que voc\u00ea comemore o seu DIA DOS PAIS com muito amor e uni\u00e3o.<\/p>\n<p><strong>Fonte:\u00a0<\/strong><a href=\"https:\/\/is.gd\/il1Sx2\" target=\"_blank\" rel=\"noopener\">Decor F\u00e1cil<\/a><\/p>\n<p>_______<\/p>\n<h2><strong>Leia tamb\u00e9m:<\/strong><\/h2>\n<ul>\n<li><strong>DESCANSO E PAISAGENS: <a href=\"http:\/\/www.proma.com.br\/blog\/descanso-e-paisagens-3-destinos-de-inverno-pelo-brasil\/\" target=\"_blank\" rel=\"noopener\">CLIQUE AQUI<\/a> E CONFIRA 3 DESTINOS DE INVERNO PELO BRASIL.<\/strong><\/li>\n<li class=\"section-title beta\"><strong>PRAIA DE \u00c1GUAS CRISTALINAS: BALNE\u00c1RIO PI\u00c7ARRAS \u00c9 UM DOS PRINCIPAIS DESTINOS TUR\u00cdSTICOS DE SANTA CATARINA. <a href=\"http:\/\/www.proma.com.br\/blog\/praia-de-aguas-cristalinas-balneario-picarras-e-um-dos-principais-destinos-turisticos-de-santa-catarina\/\" target=\"_blank\" rel=\"noopener\">CLIQUE AQUI<\/a> E SAIBA MAIS.<\/strong><\/li>\n<\/ul>\n","protected":false},"excerpt":{"rendered":"<p>O DIA DOS PAIS \u00e9 sempre comemorado no segundo domingo de agosto. Em 2019, a data cair\u00e1 no dia 11. E a\u00ed: como voc\u00ea vai surpreender o seu paiz\u00e3o? Vale um abra\u00e7o apertado (a mais!), uma ora\u00e7\u00e3o (e uma prece!),&hellip;<\/p>\n","protected":false},"author":2,"featured_media":6949,"comment_status":"open","ping_status":"closed","sticky":false,"template":"","format":"standard","meta":[],"categories":[2927],"tags":[3158,3157,3156],"_links":{"self":[{"href":"https:\/\/www.proma.com.br\/blog\/wp-json\/wp\/v2\/posts\/6947"}],"collection":[{"href":"https:\/\/www.proma.com.br\/blog\/wp-json\/wp\/v2\/posts"}],"about":[{"href":"https:\/\/www.proma.com.br\/blog\/wp-json\/wp\/v2\/types\/post"}],"author":[{"embeddable":true,"href":"https:\/\/www.proma.com.br\/blog\/wp-json\/wp\/v2\/users\/2"}],"replies":[{"embeddable":true,"href":"https:\/\/www.proma.com.br\/blog\/wp-json\/wp\/v2\/comments?post=6947"}],"version-history":[{"count":4,"href":"https:\/\/www.proma.com.br\/blog\/wp-json\/wp\/v2\/posts\/6947\/revisions"}],"predecessor-version":[{"id":6957,"href":"https:\/\/www.proma.com.br\/blog\/wp-json\/wp\/v2\/posts\/6947\/revisions\/6957"}],"wp:featuredmedia":[{"embeddable":true,"href":"https:\/\/www.proma.com.br\/blog\/wp-json\/wp\/v2\/media\/6949"}],"wp:attachment":[{"href":"https:\/\/www.proma.com.br\/blog\/wp-json\/wp\/v2\/media?parent=6947"}],"wp:term":[{"taxonomy":"category","embeddable":true,"href":"https:\/\/www.proma.com.br\/blog\/wp-json\/wp\/v2\/categories?post=6947"},{"taxonomy":"post_tag","embeddable":true,"href":"https:\/\/www.proma.com.br\/blog\/wp-json\/wp\/v2\/tags?post=6947"}],"curies":[{"name":"wp","href":"https:\/\/api.w.org\/{rel}","templated":true}]}}