{"id":7052,"date":"2019-09-03T14:55:12","date_gmt":"2019-09-03T17:55:12","guid":{"rendered":"http:\/\/www.proma.com.br\/blog\/?p=7052"},"modified":"2019-04-11T19:00:46","modified_gmt":"2019-04-11T22:00:46","slug":"decoracao-para-a-eternidade-6-itens-que-nunca-saem-de-moda","status":"publish","type":"post","link":"https:\/\/www.proma.com.br\/blog\/decoracao-para-a-eternidade-6-itens-que-nunca-saem-de-moda\/","title":{"rendered":"DECORA\u00c7\u00c3O PARA A ETERNIDADE: 6 ITENS QUE NUNCA SAEM DE MODA"},"content":{"rendered":"<p>A moda vai e vem, mas existem pe\u00e7as que s\u00e3o para sempre. Concorda? Na decora\u00e7\u00e3o n\u00e3o \u00e9 diferente: \u00e9 poss\u00edvel garantir estilo e praticidade sem trocar os m\u00f3veis com frequ\u00eancia.<\/p>\n<p>Confira seis objetos que garantem um estilo eterno para o seu lar.<\/p>\n<p><strong>1. Lumin\u00e1ria de ch\u00e3o<\/strong><\/p>\n<p><img loading=\"lazy\" class=\"aligncenter size-full wp-image-7053\" src=\"http:\/\/www.proma.com.br\/blog\/wp-content\/uploads\/2019\/04\/01-2.jpg\" alt=\"\" width=\"620\" height=\"750\" srcset=\"https:\/\/www.proma.com.br\/blog\/wp-content\/uploads\/2019\/04\/01-2.jpg 620w, https:\/\/www.proma.com.br\/blog\/wp-content\/uploads\/2019\/04\/01-2-248x300.jpg 248w\" sizes=\"(max-width: 620px) 100vw, 620px\" \/><\/p>\n<p>Ao inv\u00e9s de concentrar a claridade em um \u00fanico pendente, as lumin\u00e1rias de ch\u00e3o s\u00e3o charmosas e \u00f3timas para garantir boas estrat\u00e9gias de ilumina\u00e7\u00e3o direta, ocupando os espa\u00e7os que precisam de um detalhe extra. Dessa forma, voc\u00ea pode criar cantos aconchegantes mais escuros e outros mais claros para uso cotidiano.<\/p>\n<p><strong>2. Vasos grandes<\/strong><\/p>\n<p><img loading=\"lazy\" class=\"aligncenter size-large wp-image-7054\" src=\"http:\/\/www.proma.com.br\/blog\/wp-content\/uploads\/2019\/04\/02.jpg\" alt=\"\" width=\"584\" height=\"417\" srcset=\"https:\/\/www.proma.com.br\/blog\/wp-content\/uploads\/2019\/04\/02.jpg 620w, https:\/\/www.proma.com.br\/blog\/wp-content\/uploads\/2019\/04\/02-420x300.jpg 420w\" sizes=\"(max-width: 584px) 100vw, 584px\" \/><\/p>\n<p>N\u00e3o existe limites para instalarmos plantas dentro de casa. Al\u00e9m de trazer bem-estar, o verde d\u00e1 cor e \u00e9 atemporal. Os vasos grandes s\u00e3o pr\u00e1ticos e elegantes, preenchendo cantos vazios e sem uso.<\/p>\n<p><strong>3. Texturas naturais<\/strong><\/p>\n<p><img loading=\"lazy\" class=\"aligncenter size-large wp-image-7055\" src=\"http:\/\/www.proma.com.br\/blog\/wp-content\/uploads\/2019\/04\/03.jpg\" alt=\"\" width=\"584\" height=\"801\" srcset=\"https:\/\/www.proma.com.br\/blog\/wp-content\/uploads\/2019\/04\/03.jpg 620w, https:\/\/www.proma.com.br\/blog\/wp-content\/uploads\/2019\/04\/03-219x300.jpg 219w\" sizes=\"(max-width: 584px) 100vw, 584px\" \/><\/p>\n<p>A palha, o bambu, o linho e outros materiais com acabamento natural refrescam a decora\u00e7\u00e3o e ajudam a quebrar o tom urbano concreto de muitos interiores. Eles podem estar em pequenos detalhes dos m\u00f3veis e dos acess\u00f3rios, como bandejas, p\u00e9s de poltronas e mantas.<\/p>\n<p><strong>4. Uma bandeja decorativa<\/strong><\/p>\n<p><img loading=\"lazy\" class=\"aligncenter size-large wp-image-7056\" src=\"http:\/\/www.proma.com.br\/blog\/wp-content\/uploads\/2019\/04\/04.jpg\" alt=\"\" width=\"584\" height=\"612\" srcset=\"https:\/\/www.proma.com.br\/blog\/wp-content\/uploads\/2019\/04\/04.jpg 620w, https:\/\/www.proma.com.br\/blog\/wp-content\/uploads\/2019\/04\/04-286x300.jpg 286w\" sizes=\"(max-width: 584px) 100vw, 584px\" \/><\/p>\n<p>Os cosm\u00e9ticos no banheiro ou as especiarias na cozinha v\u00e3o ficar ainda mais organizados (e charmosos!) se voc\u00ea os dispor em uma bela bandeja decorativa.<\/p>\n<p><strong>5. Um objeto artesanal<\/strong><\/p>\n<p><img loading=\"lazy\" class=\"aligncenter size-large wp-image-7057\" src=\"http:\/\/www.proma.com.br\/blog\/wp-content\/uploads\/2019\/04\/05.jpg\" alt=\"\" width=\"584\" height=\"518\" srcset=\"https:\/\/www.proma.com.br\/blog\/wp-content\/uploads\/2019\/04\/05.jpg 620w, https:\/\/www.proma.com.br\/blog\/wp-content\/uploads\/2019\/04\/05-338x300.jpg 338w\" sizes=\"(max-width: 584px) 100vw, 584px\" \/><\/p>\n<p>Pe\u00e7as artesanais t\u00eam um poder parecido com o das texturas naturais. Elas refrescam o ambiente e trazem personalidade. Por isso, invista em produtos feitos por artistas pequenos, devido ao pre\u00e7o mais acess\u00edvel, \u00e0 autoria e \u00e0 exclusividade. Pe\u00e7as de cer\u00e2mica e argila s\u00e3o sempre especiais.<\/p>\n<p><strong>6. Toques de madeira<\/strong><\/p>\n<p><img loading=\"lazy\" class=\"aligncenter size-large wp-image-7058\" src=\"http:\/\/www.proma.com.br\/blog\/wp-content\/uploads\/2019\/04\/06.jpg\" alt=\"\" width=\"584\" height=\"429\" srcset=\"https:\/\/www.proma.com.br\/blog\/wp-content\/uploads\/2019\/04\/06.jpg 620w, https:\/\/www.proma.com.br\/blog\/wp-content\/uploads\/2019\/04\/06-409x300.jpg 409w\" sizes=\"(max-width: 584px) 100vw, 584px\" \/><\/p>\n<p>Nada mais atemporal do que a madeira. Ela \u00e9 resistente, dur\u00e1vel e nunca sai de moda. Nesse caso, vale investir em uma pe\u00e7a central de alta qualidade \u2013 para t\u00ea-la para sempre e elevar o design da sua casa. Nesse caso, mesas de jantar e de centro s\u00e3o \u00f3timas op\u00e7\u00f5es. A madeira natural enriquece e aquece a decora\u00e7\u00e3o.<\/p>\n<p>Voc\u00ea tamb\u00e9m acha que essas pe\u00e7as nunca saem de moda?<\/p>\n<p><strong>Fonte:\u00a0<\/strong><a href=\"https:\/\/is.gd\/DZhx7h\" target=\"_blank\" rel=\"noopener\">Casa e Jardim<\/a><\/p>\n<p>______<\/p>\n<p><strong>Leia tamb\u00e9m:\u00a0<\/strong><\/p>\n<ul>\n<li class=\"section-title beta\">RACK NA DECORA\u00c7\u00c3O: <a href=\"http:\/\/www.proma.com.br\/blog\/rack-na-decoracao-5-ideias-para-servir-de-inspiracao\/\" target=\"_blank\" rel=\"noopener\">CLIQUE AQUI<\/a> E CONFIRA 5 IDEIAS PARA SERVIR DE INSPIRA\u00c7\u00c3O.<\/li>\n<li class=\"section-title beta\">MANTAS NA DECORA\u00c7\u00c3O: PARA EMBELEZAR, ACOLHER E AQUECER. <a href=\"http:\/\/www.proma.com.br\/blog\/mantas-na-decoracao-para-embelezar-acolher-e-aquecer\/\" target=\"_blank\" rel=\"noopener\">CLIQUE AQUI<\/a> E SAIBA MAIS.<\/li>\n<\/ul>\n","protected":false},"excerpt":{"rendered":"<p>A moda vai e vem, mas existem pe\u00e7as que s\u00e3o para sempre. Concorda? Na decora\u00e7\u00e3o n\u00e3o \u00e9 diferente: \u00e9 poss\u00edvel garantir estilo e praticidade sem trocar os m\u00f3veis com frequ\u00eancia. Confira seis objetos que garantem um estilo eterno para o&hellip;<\/p>\n","protected":false},"author":2,"featured_media":7056,"comment_status":"open","ping_status":"closed","sticky":false,"template":"","format":"standard","meta":[],"categories":[2,2927],"tags":[3173,2947,701],"_links":{"self":[{"href":"https:\/\/www.proma.com.br\/blog\/wp-json\/wp\/v2\/posts\/7052"}],"collection":[{"href":"https:\/\/www.proma.com.br\/blog\/wp-json\/wp\/v2\/posts"}],"about":[{"href":"https:\/\/www.proma.com.br\/blog\/wp-json\/wp\/v2\/types\/post"}],"author":[{"embeddable":true,"href":"https:\/\/www.proma.com.br\/blog\/wp-json\/wp\/v2\/users\/2"}],"replies":[{"embeddable":true,"href":"https:\/\/www.proma.com.br\/blog\/wp-json\/wp\/v2\/comments?post=7052"}],"version-history":[{"count":2,"href":"https:\/\/www.proma.com.br\/blog\/wp-json\/wp\/v2\/posts\/7052\/revisions"}],"predecessor-version":[{"id":7060,"href":"https:\/\/www.proma.com.br\/blog\/wp-json\/wp\/v2\/posts\/7052\/revisions\/7060"}],"wp:featuredmedia":[{"embeddable":true,"href":"https:\/\/www.proma.com.br\/blog\/wp-json\/wp\/v2\/media\/7056"}],"wp:attachment":[{"href":"https:\/\/www.proma.com.br\/blog\/wp-json\/wp\/v2\/media?parent=7052"}],"wp:term":[{"taxonomy":"category","embeddable":true,"href":"https:\/\/www.proma.com.br\/blog\/wp-json\/wp\/v2\/categories?post=7052"},{"taxonomy":"post_tag","embeddable":true,"href":"https:\/\/www.proma.com.br\/blog\/wp-json\/wp\/v2\/tags?post=7052"}],"curies":[{"name":"wp","href":"https:\/\/api.w.org\/{rel}","templated":true}]}}