{"id":7213,"date":"2019-10-29T14:49:12","date_gmt":"2019-10-29T17:49:12","guid":{"rendered":"http:\/\/www.proma.com.br\/blog\/?p=7213"},"modified":"2019-07-08T20:54:14","modified_gmt":"2019-07-08T23:54:14","slug":"29-de-outubro-dia-mundial-do-avc-vamos-cuidar-da-nossa-saude","status":"publish","type":"post","link":"https:\/\/www.proma.com.br\/blog\/29-de-outubro-dia-mundial-do-avc-vamos-cuidar-da-nossa-saude\/","title":{"rendered":"29 DE OUTUBRO: DIA MUNDIAL DO AVC. VAMOS CUIDAR DA NOSSA SA\u00daDE?"},"content":{"rendered":"<p>Hoje, 29 de outubro, \u00e9 comemorado o DIA MUNDIAL DO ACIDENTE VASCULAR CEREBRAL. Respons\u00e1vel pela morte de c\u00e9lulas nervosas da regi\u00e3o cerebral atingida, o AVC pode se originar de uma obstru\u00e7\u00e3o de vasos sangu\u00edneos, o chamado <strong>acidente vascular isqu\u00eamico<\/strong>, ou de uma ruptura do vaso, conhecido por <strong>acidente vascular hemorr\u00e1gico<\/strong>.<\/p>\n<p><img loading=\"lazy\" class=\"aligncenter size-full wp-image-7214\" src=\"http:\/\/www.proma.com.br\/blog\/wp-content\/uploads\/2019\/07\/01.png\" alt=\"\" width=\"888\" height=\"500\" srcset=\"https:\/\/www.proma.com.br\/blog\/wp-content\/uploads\/2019\/07\/01.png 888w, https:\/\/www.proma.com.br\/blog\/wp-content\/uploads\/2019\/07\/01-768x432.png 768w, https:\/\/www.proma.com.br\/blog\/wp-content\/uploads\/2019\/07\/01-500x282.png 500w\" sizes=\"(max-width: 888px) 100vw, 888px\" \/><\/p>\n<p><strong>ACIDENTE VASCULAR ISQU\u00caMICO OU INFARTO CEREBRAL:\u00a0<\/strong>respons\u00e1vel por 80% dos casos de AVC. Esse entupimento dos vasos cerebrais pode ocorrer devido a uma trombose (forma\u00e7\u00e3o de placas numa art\u00e9ria principal do c\u00e9rebro) ou embolia (quando um trombo ou uma placa de gordura origin\u00e1ria de outra parte do corpo se solta e pela rede sangu\u00ednea chega aos vasos cerebrais).<\/p>\n<p><strong>ACIDENTE VASCULAR HEMORR\u00c1GICO:\u00a0<\/strong>o rompimento dos vasos sangu\u00edneos se d\u00e1, na maioria das vezes, no interior do c\u00e9rebro (hemorragia intracerebral). Em outros casos, ocorre a hemorragia subaracnoide \u2013 sangramento entre o c\u00e9rebro e a aracnoide (uma das membranas que comp\u00f5e a meninge). Como consequ\u00eancia imediata, h\u00e1 o aumento da press\u00e3o intracraniana, que pode resultar em maior dificuldade para a chegada de sangue em outras \u00e1reas n\u00e3o afetadas e agravar a les\u00e3o. Esse subtipo de AVC \u00e9 mais grave e tem altos \u00edndices de mortalidade.<\/p>\n<p><strong>Sintomas e sinais de alerta<\/strong><\/p>\n<p>* dor de cabe\u00e7a muito forte, de in\u00edcio s\u00fabito, sobretudo se acompanhada de v\u00f4mitos.<br \/>\n* fraqueza ou dorm\u00eancia na face, nos bra\u00e7os ou nas pernas, geralmente afetando um dos lados do corpo.<br \/>\n* paralisia (dificuldade ou incapacidade de se movimentar).<br \/>\n* perda s\u00fabita da fala ou dificuldade para se comunicar e compreender.<br \/>\n* perda da vis\u00e3o ou dificuldade para enxergar com um ou ambos os olhos.<\/p>\n<p><strong>O AVC \u00e9 uma emerg\u00eancia m\u00e9dica.<br \/>\n<\/strong>Se achar que voc\u00ea ou outra pessoa est\u00e1 tendo um, \u00e9 preciso dirigir-se com urg\u00eancia ao servi\u00e7o de emerg\u00eancia do hospital mais pr\u00f3ximo para um diagn\u00f3stico completo.<\/p>\n<p><strong>Fatores de risco<\/strong><\/p>\n<p>&#8211; hipertens\u00e3o<br \/>\n&#8211; diabetes<br \/>\n&#8211; tabagismo<br \/>\n&#8211; consumo frequente de \u00e1lcool e drogas<br \/>\n&#8211; estresse<br \/>\n&#8211; colesterol elevado<br \/>\n&#8211; doen\u00e7as cardiovasculares<br \/>\n&#8211; sedentarismo<\/p>\n<p>Existem fatores que podem facilitar o desencadeamento de um Acidente Vascular Cerebral e que s\u00e3o inerentes \u00e0 vida humana, como o envelhecimento. Pessoas com mais de 55 anos possuem maior propens\u00e3o a desenvolver o AVC.<\/p>\n<p><strong>Reabilita\u00e7\u00e3o<\/strong><\/p>\n<p>Parte importante do tratamento, o processo de reabilita\u00e7\u00e3o come\u00e7a, muitas vezes,no pr\u00f3prio hospital para que o paciente se adeque mais facilmente a sua nova situa\u00e7\u00e3o e restabele\u00e7a sua mobilidade, habilidades funcionais e independ\u00eancia f\u00edsica e ps\u00edquica. Esse processo \u00e9 conduzido por uma equipe multiprofissional \u2013 neurologistas, enfermeiros, fisioterapeutas e terapeutas ocupacionais.<\/p>\n<p>Vamos cuidar da nossa sa\u00fade?<\/p>\n<p><strong>Fonte:\u00a0<\/strong><a href=\"https:\/\/is.gd\/7ginYf\" target=\"_blank\" rel=\"noopener\">Minist\u00e9rio da Sa\u00fade<\/a><\/p>\n<p>__________<\/p>\n<p><strong>Leia tamb\u00e9m:<\/strong><\/p>\n<ul>\n<li class=\"section-title beta\">6 CUIDADOS PARA MANTER A SA\u00daDE EM DIA. <a href=\"http:\/\/www.proma.com.br\/blog\/6-cuidados-para-manter-a-saude-em-dia\/\" target=\"_blank\" rel=\"noopener\">CLIQUE AQUI<\/a> E SAIBA MAIS.<\/li>\n<li class=\"section-title beta\">LUMINA RESIDENCE: ASPIRA\u00c7\u00c3O CENTRAL COMO ALIADA DA SA\u00daDE. <a href=\"http:\/\/www.proma.com.br\/blog\/lumina-residence-aspiracao-central-como-aliada-da-saude\/\" target=\"_blank\" rel=\"noopener\">CLIQUE AQUI<\/a> E CONFIRA!<\/li>\n<\/ul>\n","protected":false},"excerpt":{"rendered":"<p>Hoje, 29 de outubro, \u00e9 comemorado o DIA MUNDIAL DO ACIDENTE VASCULAR CEREBRAL. Respons\u00e1vel pela morte de c\u00e9lulas nervosas da regi\u00e3o cerebral atingida, o AVC pode se originar de uma obstru\u00e7\u00e3o de vasos sangu\u00edneos, o chamado acidente vascular isqu\u00eamico, ou&hellip;<\/p>\n","protected":false},"author":2,"featured_media":7214,"comment_status":"open","ping_status":"closed","sticky":false,"template":"","format":"standard","meta":[],"categories":[1147],"tags":[1172,1289],"_links":{"self":[{"href":"https:\/\/www.proma.com.br\/blog\/wp-json\/wp\/v2\/posts\/7213"}],"collection":[{"href":"https:\/\/www.proma.com.br\/blog\/wp-json\/wp\/v2\/posts"}],"about":[{"href":"https:\/\/www.proma.com.br\/blog\/wp-json\/wp\/v2\/types\/post"}],"author":[{"embeddable":true,"href":"https:\/\/www.proma.com.br\/blog\/wp-json\/wp\/v2\/users\/2"}],"replies":[{"embeddable":true,"href":"https:\/\/www.proma.com.br\/blog\/wp-json\/wp\/v2\/comments?post=7213"}],"version-history":[{"count":3,"href":"https:\/\/www.proma.com.br\/blog\/wp-json\/wp\/v2\/posts\/7213\/revisions"}],"predecessor-version":[{"id":7216,"href":"https:\/\/www.proma.com.br\/blog\/wp-json\/wp\/v2\/posts\/7213\/revisions\/7216"}],"wp:featuredmedia":[{"embeddable":true,"href":"https:\/\/www.proma.com.br\/blog\/wp-json\/wp\/v2\/media\/7214"}],"wp:attachment":[{"href":"https:\/\/www.proma.com.br\/blog\/wp-json\/wp\/v2\/media?parent=7213"}],"wp:term":[{"taxonomy":"category","embeddable":true,"href":"https:\/\/www.proma.com.br\/blog\/wp-json\/wp\/v2\/categories?post=7213"},{"taxonomy":"post_tag","embeddable":true,"href":"https:\/\/www.proma.com.br\/blog\/wp-json\/wp\/v2\/tags?post=7213"}],"curies":[{"name":"wp","href":"https:\/\/api.w.org\/{rel}","templated":true}]}}