{"id":7299,"date":"2020-03-24T14:58:39","date_gmt":"2020-03-24T17:58:39","guid":{"rendered":"http:\/\/www.proma.com.br\/blog\/?p=7299"},"modified":"2019-09-10T20:45:34","modified_gmt":"2019-09-10T23:45:34","slug":"artigo-os-beneficios-para-a-saude-mental-do-culto-da-organizacao-do-lar","status":"publish","type":"post","link":"https:\/\/www.proma.com.br\/blog\/artigo-os-beneficios-para-a-saude-mental-do-culto-da-organizacao-do-lar\/","title":{"rendered":"ARTIGO: OS BENEF\u00cdCIOS PARA A SA\u00daDE MENTAL DO CULTO DA ORGANIZA\u00c7\u00c3O DO LAR"},"content":{"rendered":"<p><em>Por Luiza Loyola<\/em><\/p>\n<p><img loading=\"lazy\" class=\"aligncenter size-large wp-image-7300\" src=\"http:\/\/www.proma.com.br\/blog\/wp-content\/uploads\/2019\/08\/01-3-1024x756.png\" alt=\"\" width=\"584\" height=\"431\" srcset=\"https:\/\/www.proma.com.br\/blog\/wp-content\/uploads\/2019\/08\/01-3-1024x756.png 1024w, https:\/\/www.proma.com.br\/blog\/wp-content\/uploads\/2019\/08\/01-3-960x709.png 960w, https:\/\/www.proma.com.br\/blog\/wp-content\/uploads\/2019\/08\/01-3-768x567.png 768w, https:\/\/www.proma.com.br\/blog\/wp-content\/uploads\/2019\/08\/01-3-406x300.png 406w, https:\/\/www.proma.com.br\/blog\/wp-content\/uploads\/2019\/08\/01-3.png 1278w\" sizes=\"(max-width: 584px) 100vw, 584px\" \/><\/p>\n<p>Inspirados por uma nova onda de <em>influencers\u00a0<\/em>de organiza\u00e7\u00e3o do lar, as pessoas est\u00e3o adotando a limpeza como mais um ritual de bem-estar e um ato de autocuidado. Limpar e arrumar a casa \u00e9 visto como uma pr\u00e1tica consciente e uma ferramenta para combater a ansiedade, pois cria uma sensa\u00e7\u00e3o de clareza e nos ajuda a alcan\u00e7ar a paz de esp\u00edrito.<\/p>\n<p>O livro <strong>\u201cA m\u00e1gica da arruma\u00e7\u00e3o \u2013 a arte japonesa de colocar ordem na sua casa e na sua vida\u201d<\/strong>, de Marie Kondo \u2014 transformado em s\u00e9rie que chegou \u00e0 Netflix em 2019 \u2014 provocou nas pessoas o desapego de qualquer objeto \u201cque n\u00e3o desperte alegria\u201d. A f\u00f3rmula \u00e9 simples e profunda: a a\u00e7\u00e3o reconfortante e repetitiva de limpar a casa, bem como o espa\u00e7o organizado, pode nos ajudar a obter uma sensa\u00e7\u00e3o de calma e controle sobre o ambiente em que vivemos.<\/p>\n<p>Os produtos de armazenamento (como caixas e gavetas) e os projetos de arquitetura inteligentes auxiliam os moradores a aproveitar ao m\u00e1ximo os espa\u00e7os e a manter os pertences arrumados. Tornar os itens do dia a dia ordenados e f\u00e1ceis de encontrar \u00e9 uma solu\u00e7\u00e3o desejada \u2014 ainda mais hoje, quando as casas compactas n\u00e3o comportam mais tantos objetos.<\/p>\n<p>Em sintonia com o \u201cefeito Marie Kondo\u201d, o crescente interesse por pr\u00e1ticas sustent\u00e1veis e economia circular reacendeu a conversa sobre consumismo, cultura descart\u00e1vel e posse das \u201ccoisas\u201d. Cada vez mais as pessoas questionam o ac\u00famulo de bens e assumem responsabilidade sobre o ciclo de vida dos produtos: querem itens de melhor qualidade, mais duradouros e menos prejudiciais ao meio ambiente.<\/p>\n<p>Muitas a\u00e7\u00f5es ao nosso redor n\u00e3o podemos controlar, mas o ambiente que nos cerca, sim. Escolher entre ter itens que nos fazem felizes ou acumular uma infinidade de \u201ccoisas\u201d \u00e9 uma decis\u00e3o que impacta na nossa sa\u00fade mental e a sa\u00fade do planeta.<\/p>\n<p>{Luiza Loyola \u00e9 especialista do WGSN, que tem o portal Lifestyle &amp; Interiors, sobre tend\u00eancias de design de interiores, hospitalidade e estilo de vida}.<\/p>\n<p><strong>Fonte:\u00a0<\/strong><a href=\"https:\/\/is.gd\/z8Tf63\" target=\"_blank\" rel=\"noopener\">Casa e Jardim<\/a><\/p>\n<p>________<\/p>\n<p><strong>Leia tamb\u00e9m:<\/strong><\/p>\n<ul>\n<li class=\"section-title beta\">ORGANIZA\u00c7\u00c3O: 4 DICAS PARA UM LAR COM MAIS ESPA\u00c7O. <a href=\"http:\/\/www.proma.com.br\/blog\/organizacao-4-dicas-para-um-lar-com-mais-espaco\/\" target=\"_blank\" rel=\"noopener\">CLIQUE AQUI<\/a> E SAIBA MAIS.<\/li>\n<li class=\"section-title beta\">ADULTOS E CRIAN\u00c7AS: DICAS IMPERD\u00cdVEIS PARA UM QUARTO LINDO E SEMPRE ARRUMADO. <a href=\"http:\/\/www.proma.com.br\/blog\/adultos-e-criancas-dicas-imperdiveis-para-um-quarto-lindo-e-sempre-arrumado\/\" target=\"_blank\" rel=\"noopener\">CLIQUE AQUI<\/a> E CONFIRA.<\/li>\n<\/ul>\n","protected":false},"excerpt":{"rendered":"<p>Por Luiza Loyola Inspirados por uma nova onda de influencers\u00a0de organiza\u00e7\u00e3o do lar, as pessoas est\u00e3o adotando a limpeza como mais um ritual de bem-estar e um ato de autocuidado. Limpar e arrumar a casa \u00e9 visto como uma pr\u00e1tica&hellip;<\/p>\n","protected":false},"author":2,"featured_media":7300,"comment_status":"open","ping_status":"closed","sticky":false,"template":"","format":"standard","meta":[],"categories":[1146],"tags":[144,3233,1862],"_links":{"self":[{"href":"https:\/\/www.proma.com.br\/blog\/wp-json\/wp\/v2\/posts\/7299"}],"collection":[{"href":"https:\/\/www.proma.com.br\/blog\/wp-json\/wp\/v2\/posts"}],"about":[{"href":"https:\/\/www.proma.com.br\/blog\/wp-json\/wp\/v2\/types\/post"}],"author":[{"embeddable":true,"href":"https:\/\/www.proma.com.br\/blog\/wp-json\/wp\/v2\/users\/2"}],"replies":[{"embeddable":true,"href":"https:\/\/www.proma.com.br\/blog\/wp-json\/wp\/v2\/comments?post=7299"}],"version-history":[{"count":1,"href":"https:\/\/www.proma.com.br\/blog\/wp-json\/wp\/v2\/posts\/7299\/revisions"}],"predecessor-version":[{"id":7301,"href":"https:\/\/www.proma.com.br\/blog\/wp-json\/wp\/v2\/posts\/7299\/revisions\/7301"}],"wp:featuredmedia":[{"embeddable":true,"href":"https:\/\/www.proma.com.br\/blog\/wp-json\/wp\/v2\/media\/7300"}],"wp:attachment":[{"href":"https:\/\/www.proma.com.br\/blog\/wp-json\/wp\/v2\/media?parent=7299"}],"wp:term":[{"taxonomy":"category","embeddable":true,"href":"https:\/\/www.proma.com.br\/blog\/wp-json\/wp\/v2\/categories?post=7299"},{"taxonomy":"post_tag","embeddable":true,"href":"https:\/\/www.proma.com.br\/blog\/wp-json\/wp\/v2\/tags?post=7299"}],"curies":[{"name":"wp","href":"https:\/\/api.w.org\/{rel}","templated":true}]}}