{"id":7303,"date":"2019-10-01T15:05:58","date_gmt":"2019-10-01T18:05:58","guid":{"rendered":"http:\/\/www.proma.com.br\/blog\/?p=7303"},"modified":"2019-09-17T19:47:42","modified_gmt":"2019-09-17T22:47:42","slug":"mexico-escola-ganha-fachada-de-garrafas-plasticas-recicladas","status":"publish","type":"post","link":"https:\/\/www.proma.com.br\/blog\/mexico-escola-ganha-fachada-de-garrafas-plasticas-recicladas\/","title":{"rendered":"M\u00c9XICO: ESCOLA GANHA FACHADA DE GARRAFAS PL\u00c1STICAS RECICLADAS"},"content":{"rendered":"<p>Respons\u00e1vel por mais de uma tonelada de lixo pl\u00e1stico que vai parar anualmente no oceano, o M\u00e9xico recebe um projeto de fachada com garrafas pl\u00e1sticas recolhidas do ambiente marinho.<\/p>\n<p><img loading=\"lazy\" class=\"wp-image-7304 aligncenter\" src=\"http:\/\/www.proma.com.br\/blog\/wp-content\/uploads\/2019\/08\/02-2.png\" alt=\"\" width=\"332\" height=\"251\" \/><\/p>\n<p>Uma escola de arte, no pa\u00eds, recebe a proposta feita pelo escrit\u00f3rio de arquitetura UF mejergren architects (UMA), onde o trabalho conceitual, intitulado New Wave (&#8220;Nova Onda&#8221;, em portugu\u00eas), promete estimular a consci\u00eancia ambiental da comunidade e impulsionar a\u00e7\u00f5es de responsabilidade social com as crian\u00e7as e em outros locais.<\/p>\n<p>Preocupado em como o pl\u00e1stico vem danificando o meio ambiente marinho, o projeto cria uma forma literal de interven\u00e7\u00e3o para esclarecer tamb\u00e9m como esse material reciclado pode ser usado na <strong>arquitetura<\/strong>. As ondas ainda fornecem abrigo contra a chuva e o sol, e em alguns lugares tamb\u00e9m podem ser usadas para sentar e dar apoio para mesas.<\/p>\n<p>Para alcan\u00e7ar a forma de onda, a fachada \u00e9 feita por um sistema composto de garrafas de pl\u00e1stico que s\u00e3o perfuradas atrav\u00e9s de vergalh\u00f5es erguidos em uma trincheira de concreto, parecendo quase como uma cerca alta durante sua primeira fase de constru\u00e7\u00e3o. Ap\u00f3s os vergalh\u00f5es estarem firmes, as garrafas pl\u00e1sticas com orif\u00edcios perfurados no fundo s\u00e3o acrescentadas em cada vergalh\u00e3o e, em seguida, as barras s\u00e3o dobradas na posi\u00e7\u00e3o desejada. Cada unidade refor\u00e7ada pode acomodar uma camada extra de garrafas de cada lado, fechando a onda.<\/p>\n<p><img loading=\"lazy\" class=\"aligncenter wp-image-7305\" src=\"http:\/\/www.proma.com.br\/blog\/wp-content\/uploads\/2019\/08\/03-1.png\" alt=\"\" width=\"412\" height=\"599\" \/><\/p>\n<p>Por fim, a escolha crom\u00e1tica d\u00e1 o toque final no projeto e embeleza a interven\u00e7\u00e3o art\u00edstica que simboliza o oceano. As cores s\u00e3o postas em um gradiente de azul, ciano e branco, reproduzindo as varia\u00e7\u00f5es das cores exibidas em um movimento de quebra da crista da onda no mar.<\/p>\n<p>Muiiiiiiiiiiiito interessante.<\/p>\n<p>Qual a sua opini\u00e3o: n\u00f3s queremos saber.<\/p>\n<p><strong>Fonte:\u00a0<\/strong><a href=\"https:\/\/is.gd\/pG1rKE\" target=\"_blank\" rel=\"noopener\">Casa Vogue<\/a><\/p>\n<p>_______<\/p>\n<p><strong>Leia tamb\u00e9m:<\/strong><\/p>\n<ul>\n<li class=\"section-title beta\">AQUECIMENTO SOLAR: TECNOLOGIA \u00c0 SERVI\u00c7O DA SUSTENTABILIDADE. <a href=\"http:\/\/www.proma.com.br\/blog\/aquecimento-solar-tecnologia-a-servico-da-sustentabilidade-2\/\" target=\"_blank\" rel=\"noopener\">CLIQUE AQUI<\/a> E SAIBA MAIS.<\/li>\n<li class=\"section-title beta\">SUSTENTABILIDADE NA COZINHA: <a href=\"http:\/\/www.proma.com.br\/blog\/sustentabilidade-na-cozinha-7-dicas-para-reduzir-o-lixo\/\" target=\"_blank\" rel=\"noopener\">CLIQUE AQUI<\/a> E CONFIRA 7 DICAS PARA REDUZIR O LIXO.<\/li>\n<\/ul>\n","protected":false},"excerpt":{"rendered":"<p>Respons\u00e1vel por mais de uma tonelada de lixo pl\u00e1stico que vai parar anualmente no oceano, o M\u00e9xico recebe um projeto de fachada com garrafas pl\u00e1sticas recolhidas do ambiente marinho. Uma escola de arte, no pa\u00eds, recebe a proposta feita pelo&hellip;<\/p>\n","protected":false},"author":2,"featured_media":7304,"comment_status":"open","ping_status":"closed","sticky":false,"template":"","format":"standard","meta":[],"categories":[1149],"tags":[516,3234,1035],"_links":{"self":[{"href":"https:\/\/www.proma.com.br\/blog\/wp-json\/wp\/v2\/posts\/7303"}],"collection":[{"href":"https:\/\/www.proma.com.br\/blog\/wp-json\/wp\/v2\/posts"}],"about":[{"href":"https:\/\/www.proma.com.br\/blog\/wp-json\/wp\/v2\/types\/post"}],"author":[{"embeddable":true,"href":"https:\/\/www.proma.com.br\/blog\/wp-json\/wp\/v2\/users\/2"}],"replies":[{"embeddable":true,"href":"https:\/\/www.proma.com.br\/blog\/wp-json\/wp\/v2\/comments?post=7303"}],"version-history":[{"count":3,"href":"https:\/\/www.proma.com.br\/blog\/wp-json\/wp\/v2\/posts\/7303\/revisions"}],"predecessor-version":[{"id":7309,"href":"https:\/\/www.proma.com.br\/blog\/wp-json\/wp\/v2\/posts\/7303\/revisions\/7309"}],"wp:featuredmedia":[{"embeddable":true,"href":"https:\/\/www.proma.com.br\/blog\/wp-json\/wp\/v2\/media\/7304"}],"wp:attachment":[{"href":"https:\/\/www.proma.com.br\/blog\/wp-json\/wp\/v2\/media?parent=7303"}],"wp:term":[{"taxonomy":"category","embeddable":true,"href":"https:\/\/www.proma.com.br\/blog\/wp-json\/wp\/v2\/categories?post=7303"},{"taxonomy":"post_tag","embeddable":true,"href":"https:\/\/www.proma.com.br\/blog\/wp-json\/wp\/v2\/tags?post=7303"}],"curies":[{"name":"wp","href":"https:\/\/api.w.org\/{rel}","templated":true}]}}