{"id":7333,"date":"2019-09-17T20:01:05","date_gmt":"2019-09-17T23:01:05","guid":{"rendered":"http:\/\/www.proma.com.br\/blog\/?p=7333"},"modified":"2021-01-28T14:55:25","modified_gmt":"2021-01-28T17:55:25","slug":"um-encontro-entre-amigos-evento-marca-o-primeiro-ano-do-lumina-residence","status":"publish","type":"post","link":"https:\/\/www.proma.com.br\/blog\/um-encontro-entre-amigos-evento-marca-o-primeiro-ano-do-lumina-residence\/","title":{"rendered":"UM ENCONTRO ENTRE AMIGOS:  EVENTO MARCA O PRIMEIRO ANO DO LUMINA RESIDENCE"},"content":{"rendered":"<p><img loading=\"lazy\" class=\"aligncenter size-large wp-image-7351\" src=\"http:\/\/www.proma.com.br\/blog\/wp-content\/uploads\/2019\/09\/27-1024x1024.png\" alt=\"\" width=\"584\" height=\"584\" srcset=\"https:\/\/www.proma.com.br\/blog\/wp-content\/uploads\/2019\/09\/27-1024x1024.png 1024w, https:\/\/www.proma.com.br\/blog\/wp-content\/uploads\/2019\/09\/27-960x960.png 960w, https:\/\/www.proma.com.br\/blog\/wp-content\/uploads\/2019\/09\/27-768x768.png 768w, https:\/\/www.proma.com.br\/blog\/wp-content\/uploads\/2019\/09\/27-300x300.png 300w, https:\/\/www.proma.com.br\/blog\/wp-content\/uploads\/2019\/09\/27.png 1080w\" sizes=\"(max-width: 584px) 100vw, 584px\" \/><\/p>\n<p>Na noite de 30 de agosto de 2018, clientes, amigos e colaboradores do Grupo Proma se reuniram no sal\u00e3o de festas do Lumina Residence para a entrega das {t\u00e3o sonhadas} chaves.<\/p>\n<p><em>Um ano se passou.<\/em><\/p>\n<p><img loading=\"lazy\" class=\"alignnone size-medium wp-image-7755\" src=\"http:\/\/www.proma.com.br\/blog\/wp-content\/uploads\/2019\/09\/IMG_8718-960x720.jpg\" alt=\"\" width=\"960\" height=\"720\" srcset=\"https:\/\/www.proma.com.br\/blog\/wp-content\/uploads\/2019\/09\/IMG_8718-960x720.jpg 960w, https:\/\/www.proma.com.br\/blog\/wp-content\/uploads\/2019\/09\/IMG_8718-1024x768.jpg 1024w, https:\/\/www.proma.com.br\/blog\/wp-content\/uploads\/2019\/09\/IMG_8718-768x576.jpg 768w, https:\/\/www.proma.com.br\/blog\/wp-content\/uploads\/2019\/09\/IMG_8718-1536x1152.jpg 1536w, https:\/\/www.proma.com.br\/blog\/wp-content\/uploads\/2019\/09\/IMG_8718-2048x1536.jpg 2048w, https:\/\/www.proma.com.br\/blog\/wp-content\/uploads\/2019\/09\/IMG_8718-400x300.jpg 400w\" sizes=\"(max-width: 960px) 100vw, 960px\" \/><\/p>\n<p>O mesmo espa\u00e7o foi usado para muitos {outros} encontros e muitas {outras} comemora\u00e7\u00f5es. Quantas alegrias e quantos sorrisos! Bons momentos e doces lembran\u00e7as.<\/p>\n<p>Sempre \u00e9 tempo de comemorar e agradecer.<br \/>\nBrindar.<br \/>\nEstar com quem se quer bem!<\/p>\n<p>\u00c9 por essa raz\u00e3o que na \u00faltima quinta-feira, 12, aconteceu um \u201c<em>encontro entre amigos<\/em>\u201d \u2013 \u00e9 assim que o diretor da Proma, Paulo Obenaus, se refere ao evento que marcou o primeiro ano do Lumina Residence, um empreendimento diferente, inovador, ousado e que agrega {muito} valor.<\/p>\n<p><img loading=\"lazy\" class=\"alignnone size-medium wp-image-7757\" src=\"http:\/\/www.proma.com.br\/blog\/wp-content\/uploads\/2019\/09\/IMG_8747-960x720.jpg\" alt=\"\" width=\"960\" height=\"720\" srcset=\"https:\/\/www.proma.com.br\/blog\/wp-content\/uploads\/2019\/09\/IMG_8747-960x720.jpg 960w, https:\/\/www.proma.com.br\/blog\/wp-content\/uploads\/2019\/09\/IMG_8747-1024x768.jpg 1024w, https:\/\/www.proma.com.br\/blog\/wp-content\/uploads\/2019\/09\/IMG_8747-768x576.jpg 768w, https:\/\/www.proma.com.br\/blog\/wp-content\/uploads\/2019\/09\/IMG_8747-1536x1152.jpg 1536w, https:\/\/www.proma.com.br\/blog\/wp-content\/uploads\/2019\/09\/IMG_8747-2048x1536.jpg 2048w, https:\/\/www.proma.com.br\/blog\/wp-content\/uploads\/2019\/09\/IMG_8747-400x300.jpg 400w\" sizes=\"(max-width: 960px) 100vw, 960px\" \/><\/p>\n<p>A noite foi abrilhantada pelo quarteto da orquestra da SCAR, pelo coquetel da Bodega do Richter e pelo bolo da Panificadora Warmeling.<\/p>\n<p><img loading=\"lazy\" class=\"alignnone size-medium wp-image-7756\" src=\"http:\/\/www.proma.com.br\/blog\/wp-content\/uploads\/2019\/09\/IMG_8740-1-960x720.jpg\" alt=\"\" width=\"960\" height=\"720\" srcset=\"https:\/\/www.proma.com.br\/blog\/wp-content\/uploads\/2019\/09\/IMG_8740-1-960x720.jpg 960w, https:\/\/www.proma.com.br\/blog\/wp-content\/uploads\/2019\/09\/IMG_8740-1-1024x768.jpg 1024w, https:\/\/www.proma.com.br\/blog\/wp-content\/uploads\/2019\/09\/IMG_8740-1-768x576.jpg 768w, https:\/\/www.proma.com.br\/blog\/wp-content\/uploads\/2019\/09\/IMG_8740-1-1536x1152.jpg 1536w, https:\/\/www.proma.com.br\/blog\/wp-content\/uploads\/2019\/09\/IMG_8740-1-2048x1536.jpg 2048w, https:\/\/www.proma.com.br\/blog\/wp-content\/uploads\/2019\/09\/IMG_8740-1-400x300.jpg 400w\" sizes=\"(max-width: 960px) 100vw, 960px\" \/><\/p>\n<p>_________<\/p>\n<p><strong>\u2013 depoimentos \u2013 <\/strong><\/p>\n<p><strong>Alessandra e Marcelo<\/strong><\/p>\n<p><img loading=\"lazy\" class=\"alignnone size-medium wp-image-7761\" src=\"http:\/\/www.proma.com.br\/blog\/wp-content\/uploads\/2019\/09\/IMG_8754-1-960x720.jpg\" alt=\"\" width=\"960\" height=\"720\" srcset=\"https:\/\/www.proma.com.br\/blog\/wp-content\/uploads\/2019\/09\/IMG_8754-1-960x720.jpg 960w, https:\/\/www.proma.com.br\/blog\/wp-content\/uploads\/2019\/09\/IMG_8754-1-1024x768.jpg 1024w, https:\/\/www.proma.com.br\/blog\/wp-content\/uploads\/2019\/09\/IMG_8754-1-768x576.jpg 768w, https:\/\/www.proma.com.br\/blog\/wp-content\/uploads\/2019\/09\/IMG_8754-1-1536x1152.jpg 1536w, https:\/\/www.proma.com.br\/blog\/wp-content\/uploads\/2019\/09\/IMG_8754-1-2048x1536.jpg 2048w, https:\/\/www.proma.com.br\/blog\/wp-content\/uploads\/2019\/09\/IMG_8754-1-400x300.jpg 400w\" sizes=\"(max-width: 960px) 100vw, 960px\" \/><\/p>\n<p>&#8220;O nosso primeiro ano aqui, no Lumina Residence, foi maravilhoso. Tivemos uma excelente experi\u00eancia de conv\u00edvio com os vizinhos. No empreendimento tudo funciona e tudo \u00e9 funcional. Sem contar o p\u00f3s-venda! Toda a equipe est\u00e1 sempre presente, nos tratando com serenidade e carinho, sempre dispostos a contribuir com o que n\u00f3s, clientes, precisamos. Com certeza, n\u00e3o trocar\u00edamos o Lumina por nenhum outro empreendimento. Estamos, realmente, muito felizes\u201d.<\/p>\n<p><strong>Juliana e Jackson<\/strong><\/p>\n<p><img loading=\"lazy\" class=\"alignnone size-medium wp-image-7758\" src=\"http:\/\/www.proma.com.br\/blog\/wp-content\/uploads\/2019\/09\/IMG_8749-960x720.jpg\" alt=\"\" width=\"960\" height=\"720\" srcset=\"https:\/\/www.proma.com.br\/blog\/wp-content\/uploads\/2019\/09\/IMG_8749-960x720.jpg 960w, https:\/\/www.proma.com.br\/blog\/wp-content\/uploads\/2019\/09\/IMG_8749-1024x768.jpg 1024w, https:\/\/www.proma.com.br\/blog\/wp-content\/uploads\/2019\/09\/IMG_8749-768x576.jpg 768w, https:\/\/www.proma.com.br\/blog\/wp-content\/uploads\/2019\/09\/IMG_8749-1536x1152.jpg 1536w, https:\/\/www.proma.com.br\/blog\/wp-content\/uploads\/2019\/09\/IMG_8749-2048x1536.jpg 2048w, https:\/\/www.proma.com.br\/blog\/wp-content\/uploads\/2019\/09\/IMG_8749-400x300.jpg 400w\" sizes=\"(max-width: 960px) 100vw, 960px\" \/><\/p>\n<p>\u201cN\u00f3s estamos 100% felizes e realizados com a nossa escolha pelo Lumina Residence. Todo o empreendimento \u00e9 perfeito, funcional e com uma infraestrutura que nos convida ao lazer, \u00e0 divers\u00e3o e \u00e0 integra\u00e7\u00e3o\u201d.<\/p>\n<p><strong>Orjana e Marcos<\/strong><\/p>\n<p><img loading=\"lazy\" class=\"alignnone size-medium wp-image-7759\" src=\"http:\/\/www.proma.com.br\/blog\/wp-content\/uploads\/2019\/09\/IMG_8751-960x720.jpg\" alt=\"\" width=\"960\" height=\"720\" srcset=\"https:\/\/www.proma.com.br\/blog\/wp-content\/uploads\/2019\/09\/IMG_8751-960x720.jpg 960w, https:\/\/www.proma.com.br\/blog\/wp-content\/uploads\/2019\/09\/IMG_8751-1024x768.jpg 1024w, https:\/\/www.proma.com.br\/blog\/wp-content\/uploads\/2019\/09\/IMG_8751-768x576.jpg 768w, https:\/\/www.proma.com.br\/blog\/wp-content\/uploads\/2019\/09\/IMG_8751-1536x1152.jpg 1536w, https:\/\/www.proma.com.br\/blog\/wp-content\/uploads\/2019\/09\/IMG_8751-2048x1536.jpg 2048w, https:\/\/www.proma.com.br\/blog\/wp-content\/uploads\/2019\/09\/IMG_8751-400x300.jpg 400w\" sizes=\"(max-width: 960px) 100vw, 960px\" \/><\/p>\n<p>&#8220;Esse primeiro ano aqui, no Lumina Residence, foi ensolarado e iluminado. Um sonho realizado, do jeito que a gente sempre quis. N\u00f3s moramos em um apartamento, mas temos in\u00fameras possibilidades para apreciar a vida l\u00e1 fora. O nosso lar \u00e9 bom de dia e \u00e0 noite, mas, principalmente, no final da tarde \u2013 n\u00f3s j\u00e1 fomos agraciados com a vista de in\u00fameros pores-do-sol do nosso apartamento\u201d.<\/p>\n<p><strong>Giorgiane e Nicolau<\/strong><\/p>\n<p><img loading=\"lazy\" class=\"alignnone size-medium wp-image-7752\" src=\"http:\/\/www.proma.com.br\/blog\/wp-content\/uploads\/2019\/09\/IMG_8758-960x720.jpg\" alt=\"\" width=\"960\" height=\"720\" srcset=\"https:\/\/www.proma.com.br\/blog\/wp-content\/uploads\/2019\/09\/IMG_8758-960x720.jpg 960w, https:\/\/www.proma.com.br\/blog\/wp-content\/uploads\/2019\/09\/IMG_8758-1024x768.jpg 1024w, https:\/\/www.proma.com.br\/blog\/wp-content\/uploads\/2019\/09\/IMG_8758-768x576.jpg 768w, https:\/\/www.proma.com.br\/blog\/wp-content\/uploads\/2019\/09\/IMG_8758-1536x1152.jpg 1536w, https:\/\/www.proma.com.br\/blog\/wp-content\/uploads\/2019\/09\/IMG_8758-2048x1536.jpg 2048w, https:\/\/www.proma.com.br\/blog\/wp-content\/uploads\/2019\/09\/IMG_8758-400x300.jpg 400w\" sizes=\"(max-width: 960px) 100vw, 960px\" \/><\/p>\n<p>&#8220;Um primeiro ano com festas. Alegria e divers\u00e3o. Assim como n\u00f3s, os nossos amigos adoram estar aqui. O Lumina Residence \u00e9 uma conquista, resultado de muito esfor\u00e7o. \u00c9 por isso que nos sentimos muito felizes e realizados com a nossa nova casa. Tamb\u00e9m \u00e9 preciso destacar a localiza\u00e7\u00e3o \u2013 estamos num excelente lugar para se viver em Jaragu\u00e1 \u2013 e a qualidade do empreendimento\u201d.<\/p>\n<p>______<\/p>\n<p><strong>Leia tamb\u00e9m:<\/strong><\/p>\n<ul>\n<li class=\"section-title beta\">LUMINA RESIDENCE: O EMPREENDIMENTO DE ALT\u00cdSSIMO PADR\u00c3O DA PROMA. <a href=\"http:\/\/www.proma.com.br\/blog\/lumina-residence-o-empreendimento-de-altissimo-padrao-da-proma\/\" target=\"_blank\" rel=\"noopener\">CLIQUE AQUI<\/a> E SAIBA MAIS.<\/li>\n<li class=\"section-title beta\">LUMINA RESIDENCE: APARTAMENTOS DE ALTO PADR\u00c3O PARA MORADIA E INVESTIMENTO. <a href=\"http:\/\/www.proma.com.br\/blog\/lumina-residence-apartamentos-de-alto-padrao-para-moradia-e-investimento\/\" target=\"_blank\" rel=\"noopener\">CLIQUE AQUI<\/a> E CONFIRA.<\/li>\n<\/ul>\n","protected":false},"excerpt":{"rendered":"<p>Na noite de 30 de agosto de 2018, clientes, amigos e colaboradores do Grupo Proma se reuniram no sal\u00e3o de festas do Lumina Residence para a entrega das {t\u00e3o sonhadas} chaves. Um ano se passou. O mesmo espa\u00e7o foi usado&hellip;<\/p>\n","protected":false},"author":2,"featured_media":7753,"comment_status":"open","ping_status":"closed","sticky":false,"template":"","format":"standard","meta":[],"categories":[3],"tags":[2842,2325,2217,902],"_links":{"self":[{"href":"https:\/\/www.proma.com.br\/blog\/wp-json\/wp\/v2\/posts\/7333"}],"collection":[{"href":"https:\/\/www.proma.com.br\/blog\/wp-json\/wp\/v2\/posts"}],"about":[{"href":"https:\/\/www.proma.com.br\/blog\/wp-json\/wp\/v2\/types\/post"}],"author":[{"embeddable":true,"href":"https:\/\/www.proma.com.br\/blog\/wp-json\/wp\/v2\/users\/2"}],"replies":[{"embeddable":true,"href":"https:\/\/www.proma.com.br\/blog\/wp-json\/wp\/v2\/comments?post=7333"}],"version-history":[{"count":5,"href":"https:\/\/www.proma.com.br\/blog\/wp-json\/wp\/v2\/posts\/7333\/revisions"}],"predecessor-version":[{"id":7762,"href":"https:\/\/www.proma.com.br\/blog\/wp-json\/wp\/v2\/posts\/7333\/revisions\/7762"}],"wp:featuredmedia":[{"embeddable":true,"href":"https:\/\/www.proma.com.br\/blog\/wp-json\/wp\/v2\/media\/7753"}],"wp:attachment":[{"href":"https:\/\/www.proma.com.br\/blog\/wp-json\/wp\/v2\/media?parent=7333"}],"wp:term":[{"taxonomy":"category","embeddable":true,"href":"https:\/\/www.proma.com.br\/blog\/wp-json\/wp\/v2\/categories?post=7333"},{"taxonomy":"post_tag","embeddable":true,"href":"https:\/\/www.proma.com.br\/blog\/wp-json\/wp\/v2\/tags?post=7333"}],"curies":[{"name":"wp","href":"https:\/\/api.w.org\/{rel}","templated":true}]}}