{"id":7372,"date":"2019-11-12T11:23:19","date_gmt":"2019-11-12T14:23:19","guid":{"rendered":"http:\/\/www.proma.com.br\/blog\/?p=7372"},"modified":"2019-10-25T11:28:19","modified_gmt":"2019-10-25T14:28:19","slug":"sustentabilidade-casa-impressa-em-3d-sera-feita-com-argila","status":"publish","type":"post","link":"https:\/\/www.proma.com.br\/blog\/sustentabilidade-casa-impressa-em-3d-sera-feita-com-argila\/","title":{"rendered":"SUSTENTABILIDADE: CASA IMPRESSA EM 3D SER\u00c1 FEITA COM ARGILA"},"content":{"rendered":"<p>A primeira casa sustent\u00e1vel a ser impressa totalmente em 3D e constru\u00edda com argila local est\u00e1 em desenvolvimento perto de Bolonha, na It\u00e1lia. O prot\u00f3tipo est\u00e1 sob a responsabilidade do escrit\u00f3rio Mario Cucinella Architects e do WASP, empresa especialista em impress\u00e3o 3D.<\/p>\n<p><img loading=\"lazy\" class=\"aligncenter size-full wp-image-7373\" src=\"http:\/\/www.proma.com.br\/blog\/wp-content\/uploads\/2019\/10\/02.png\" alt=\"\" width=\"925\" height=\"517\" srcset=\"https:\/\/www.proma.com.br\/blog\/wp-content\/uploads\/2019\/10\/02.png 925w, https:\/\/www.proma.com.br\/blog\/wp-content\/uploads\/2019\/10\/02-768x429.png 768w, https:\/\/www.proma.com.br\/blog\/wp-content\/uploads\/2019\/10\/02-500x279.png 500w\" sizes=\"(max-width: 925px) 100vw, 925px\" \/><\/p>\n<p>Batizada de <strong>Tecla<\/strong>, em homenagem \u00e0 cidade imagin\u00e1ria descrita pelo escritor Italo Calvino no livro \u201cCidades Invis\u00edveis\u201d, a habita\u00e7\u00e3o ser\u00e1 constru\u00edda com materiais totalmente reutiliz\u00e1veis e recicl\u00e1veis retirados do terreno em que est\u00e1 situada.<\/p>\n<p>Segundo os profissionais envolvidos, o projeto responde \u00e0 quest\u00f5es sociais, como aumento exponencial da popula\u00e7\u00e3o e falta de acomoda\u00e7\u00f5es a pre\u00e7os acess\u00edveis. \u201cTrata-se de um novo modelo que representa uma mudan\u00e7a de dire\u00e7\u00e3o em rela\u00e7\u00e3o \u00e0 habita\u00e7\u00e3o sustent\u00e1vel\u201d.<\/p>\n<p><img loading=\"lazy\" class=\"aligncenter size-full wp-image-7374\" src=\"http:\/\/www.proma.com.br\/blog\/wp-content\/uploads\/2019\/10\/03.png\" alt=\"\" width=\"923\" height=\"617\" srcset=\"https:\/\/www.proma.com.br\/blog\/wp-content\/uploads\/2019\/10\/03.png 923w, https:\/\/www.proma.com.br\/blog\/wp-content\/uploads\/2019\/10\/03-768x513.png 768w, https:\/\/www.proma.com.br\/blog\/wp-content\/uploads\/2019\/10\/03-449x300.png 449w\" sizes=\"(max-width: 923px) 100vw, 923px\" \/><\/p>\n<p>A argila usada na constru\u00e7\u00e3o da casa \u00e9 um material biodegrad\u00e1vel e recicl\u00e1vel que efetivamente tornar\u00e1 o edif\u00edcio \u201czero waste\u201d. Ele ser\u00e1 constru\u00eddo com um guindaste e v\u00e1rias impressoras 3D colaborativas, oferecendo a maior escala j\u00e1 vista em termos de <strong>arquitetura sustent\u00e1vel<\/strong>.<\/p>\n<p>O intuito \u00e9 que a habita\u00e7\u00e3o possa ser adaptada a diversos ambientes e possa ser replicada de modo a ser utilizada dentro de um plano mestre mais amplo, servindo de base para novas cidades ecol\u00f3gicas aut\u00f4nomas.<\/p>\n<p>O design foi desenvolvido com base em pesquisas realizadas pela SOS \u2014 School of Sustainability, uma institui\u00e7\u00e3o fundada por Mario Cucinella. A pesquisa, realizada com o apoio de estudantes da associa\u00e7\u00e3o de arquitetura de Londres, explorou as causas e os efeitos da falta de moradia, com base em estudos de caso em locais com climas diferentes.<\/p>\n<p><img loading=\"lazy\" class=\"aligncenter size-full wp-image-7375\" src=\"http:\/\/www.proma.com.br\/blog\/wp-content\/uploads\/2019\/10\/04.png\" alt=\"\" width=\"920\" height=\"611\" srcset=\"https:\/\/www.proma.com.br\/blog\/wp-content\/uploads\/2019\/10\/04.png 920w, https:\/\/www.proma.com.br\/blog\/wp-content\/uploads\/2019\/10\/04-768x510.png 768w, https:\/\/www.proma.com.br\/blog\/wp-content\/uploads\/2019\/10\/04-452x300.png 452w\" sizes=\"(max-width: 920px) 100vw, 920px\" \/><\/p>\n<p>O resultado \u00e9 um envelope altamente flex\u00edvel, projetado para ser resistente a qualquer clima e com efici\u00eancia energ\u00e9tica. A impress\u00e3o em 3D foi iniciada em setembro de 2019 e a conclus\u00e3o do prot\u00f3tipo est\u00e1 prevista para o in\u00edcio de 2020.<\/p>\n<p>Muito, mas muuuuito interessante. {n\u00e3o, \u00e9?}<\/p>\n<p>Vamos acompanhar os pr\u00f3ximos passos.<\/p>\n<p><strong>Fonte:<\/strong> Casa Vogue<\/p>\n<p>______<\/p>\n<p><strong>Leia tamb\u00e9m:<\/strong><\/p>\n<ul>\n<li class=\"section-title beta\">SUSTENTABILIDADE NA COZINHA: 7 DICAS PARA REDUZIR O LIXO. <a href=\"https:\/\/www.proma.com.br\/blog\/sustentabilidade-na-cozinha-7-dicas-para-reduzir-o-lixo\/\" target=\"_blank\" rel=\"noopener\">CLIQUE AQUI<\/a> E SAIBA MAIS.<\/li>\n<li class=\"section-title beta\">ARQUITETURA SUSTENT\u00c1VEL: O QUE \u00c9 E COMO FAZER? <a href=\"https:\/\/www.proma.com.br\/blog\/arquitetura-sustentavel-o-que-e-e-como-fazer\/\" target=\"_blank\" rel=\"noopener\">CLIQUE AQUI<\/a> E CONFIRA.<\/li>\n<\/ul>\n","protected":false},"excerpt":{"rendered":"<p>A primeira casa sustent\u00e1vel a ser impressa totalmente em 3D e constru\u00edda com argila local est\u00e1 em desenvolvimento perto de Bolonha, na It\u00e1lia. O prot\u00f3tipo est\u00e1 sob a responsabilidade do escrit\u00f3rio Mario Cucinella Architects e do WASP, empresa especialista em&hellip;<\/p>\n","protected":false},"author":2,"featured_media":7373,"comment_status":"open","ping_status":"closed","sticky":false,"template":"","format":"standard","meta":[],"categories":[1149],"tags":[3249,157,213,3248,3250],"_links":{"self":[{"href":"https:\/\/www.proma.com.br\/blog\/wp-json\/wp\/v2\/posts\/7372"}],"collection":[{"href":"https:\/\/www.proma.com.br\/blog\/wp-json\/wp\/v2\/posts"}],"about":[{"href":"https:\/\/www.proma.com.br\/blog\/wp-json\/wp\/v2\/types\/post"}],"author":[{"embeddable":true,"href":"https:\/\/www.proma.com.br\/blog\/wp-json\/wp\/v2\/users\/2"}],"replies":[{"embeddable":true,"href":"https:\/\/www.proma.com.br\/blog\/wp-json\/wp\/v2\/comments?post=7372"}],"version-history":[{"count":1,"href":"https:\/\/www.proma.com.br\/blog\/wp-json\/wp\/v2\/posts\/7372\/revisions"}],"predecessor-version":[{"id":7376,"href":"https:\/\/www.proma.com.br\/blog\/wp-json\/wp\/v2\/posts\/7372\/revisions\/7376"}],"wp:featuredmedia":[{"embeddable":true,"href":"https:\/\/www.proma.com.br\/blog\/wp-json\/wp\/v2\/media\/7373"}],"wp:attachment":[{"href":"https:\/\/www.proma.com.br\/blog\/wp-json\/wp\/v2\/media?parent=7372"}],"wp:term":[{"taxonomy":"category","embeddable":true,"href":"https:\/\/www.proma.com.br\/blog\/wp-json\/wp\/v2\/categories?post=7372"},{"taxonomy":"post_tag","embeddable":true,"href":"https:\/\/www.proma.com.br\/blog\/wp-json\/wp\/v2\/tags?post=7372"}],"curies":[{"name":"wp","href":"https:\/\/api.w.org\/{rel}","templated":true}]}}