{"id":7377,"date":"2019-12-16T23:02:28","date_gmt":"2019-12-17T02:02:28","guid":{"rendered":"http:\/\/www.proma.com.br\/blog\/?p=7377"},"modified":"2019-12-16T23:02:28","modified_gmt":"2019-12-17T02:02:28","slug":"caixa-economica-federal-reduz-taxas-do-credito-imobiliario-apos-corte-da-selic","status":"publish","type":"post","link":"https:\/\/www.proma.com.br\/blog\/caixa-economica-federal-reduz-taxas-do-credito-imobiliario-apos-corte-da-selic\/","title":{"rendered":"CAIXA ECON\u00d4MICA FEDERAL REDUZ TAXAS DO CR\u00c9DITO IMOBILI\u00c1RIO AP\u00d3S CORTE DA SELIC"},"content":{"rendered":"<p><img loading=\"lazy\" class=\"aligncenter size-large wp-image-7378\" src=\"http:\/\/www.proma.com.br\/blog\/wp-content\/uploads\/2019\/12\/01-1024x683.jpg\" alt=\"\" width=\"584\" height=\"390\" srcset=\"https:\/\/www.proma.com.br\/blog\/wp-content\/uploads\/2019\/12\/01-1024x683.jpg 1024w, https:\/\/www.proma.com.br\/blog\/wp-content\/uploads\/2019\/12\/01-960x640.jpg 960w, https:\/\/www.proma.com.br\/blog\/wp-content\/uploads\/2019\/12\/01-768x512.jpg 768w, https:\/\/www.proma.com.br\/blog\/wp-content\/uploads\/2019\/12\/01-450x300.jpg 450w\" sizes=\"(max-width: 584px) 100vw, 584px\" \/><\/p>\n<p>Vamos encerrar o ano com mais uma excelente not\u00edcia?<br \/>\n{siiiiiiiiiiiim!}<\/p>\n<p>Ap\u00f3s o Banco Central cortar a taxa b\u00e1sica de juros, a <strong>Selic<\/strong>, em 0,5 ponto percentual, para 4,5% ao ano, a Caixa Econ\u00f4mica Federal anunciou que reduzir\u00e1 as taxas do cr\u00e9dito imobili\u00e1rio e do cheque especial.<\/p>\n<p>A taxa do cr\u00e9dito imobili\u00e1rio cair\u00e1 de 6,75% ao ano + Taxa Referencial (TR), para 6,5% ao ano + TR. <strong>A redu\u00e7\u00e3o est\u00e1 valendo desde hoje, 16. <\/strong><\/p>\n<p>O juro do cheque especial para quem tem conta sal\u00e1rio no banco sofrer\u00e1 um corte de 4,99% ao m\u00eas para 4,95% ao m\u00eas. Para quem n\u00e3o tem conta sal\u00e1rio, a taxa do cheque especial ser\u00e1 reduzida de 8,99% ao m\u00eas para 8% ao m\u00eas. A redu\u00e7\u00e3o valer\u00e1 a partir de 2 de janeiro.<\/p>\n<p>A queda da Selic levou a Caixa a lan\u00e7ar novas modalidades de financiamento imobili\u00e1rio, que permitem se proteger da taxa de juros para prazos mais longos. Em agosto, o banco lan\u00e7ou o financiamento corrigido pela infla\u00e7\u00e3o, medida pelo IPCA, e, at\u00e9 mar\u00e7o de 2020, vai come\u00e7ar a oferecer cr\u00e9dito imobili\u00e1rio com taxas prefixadas.<\/p>\n<p>Que tal?<\/p>\n<p>Aproveite a oportunidade!<br \/>\nConhe\u00e7a os im\u00f3veis Proma e realize o sonho da casa pr\u00f3pria.<\/p>\n<p><strong>Fonte:<\/strong> Valor Investe<\/p>\n<p>_________<\/p>\n<p><strong>Leia tamb\u00e9m:<\/strong><\/p>\n<ul>\n<li class=\"section-title beta\">CONFIAN\u00c7A NA ECONOMIA E RECUPERA\u00c7\u00c3O DO MERCADO IMOBILI\u00c1RIO. <a href=\"https:\/\/www.proma.com.br\/blog\/confianca-na-economia-e-recuperacao-do-mercado-imobiliario\/\" target=\"_blank\" rel=\"noopener\">CLIQUE AQUI<\/a> E SAIBA MAIS.<\/li>\n<li class=\"section-title beta\">INVESTIMENTOS EM IM\u00d3VEIS? A HORA \u00c9 AGORA! <a href=\"https:\/\/www.proma.com.br\/blog\/investimentos-em-imoveis-a-hora-e-agora\/\" target=\"_blank\" rel=\"noopener\">CLIQUE AQUI<\/a> E CONFIRA A ENTREVISTA COM ANDR\u00c9 FINGUER.<\/li>\n<\/ul>\n","protected":false},"excerpt":{"rendered":"<p>Vamos encerrar o ano com mais uma excelente not\u00edcia? {siiiiiiiiiiiim!} Ap\u00f3s o Banco Central cortar a taxa b\u00e1sica de juros, a Selic, em 0,5 ponto percentual, para 4,5% ao ano, a Caixa Econ\u00f4mica Federal anunciou que reduzir\u00e1 as taxas do&hellip;<\/p>\n","protected":false},"author":2,"featured_media":7378,"comment_status":"open","ping_status":"closed","sticky":false,"template":"","format":"standard","meta":[],"categories":[4,3],"tags":[3065,3252,3064,574,3251,3246],"_links":{"self":[{"href":"https:\/\/www.proma.com.br\/blog\/wp-json\/wp\/v2\/posts\/7377"}],"collection":[{"href":"https:\/\/www.proma.com.br\/blog\/wp-json\/wp\/v2\/posts"}],"about":[{"href":"https:\/\/www.proma.com.br\/blog\/wp-json\/wp\/v2\/types\/post"}],"author":[{"embeddable":true,"href":"https:\/\/www.proma.com.br\/blog\/wp-json\/wp\/v2\/users\/2"}],"replies":[{"embeddable":true,"href":"https:\/\/www.proma.com.br\/blog\/wp-json\/wp\/v2\/comments?post=7377"}],"version-history":[{"count":1,"href":"https:\/\/www.proma.com.br\/blog\/wp-json\/wp\/v2\/posts\/7377\/revisions"}],"predecessor-version":[{"id":7379,"href":"https:\/\/www.proma.com.br\/blog\/wp-json\/wp\/v2\/posts\/7377\/revisions\/7379"}],"wp:featuredmedia":[{"embeddable":true,"href":"https:\/\/www.proma.com.br\/blog\/wp-json\/wp\/v2\/media\/7378"}],"wp:attachment":[{"href":"https:\/\/www.proma.com.br\/blog\/wp-json\/wp\/v2\/media?parent=7377"}],"wp:term":[{"taxonomy":"category","embeddable":true,"href":"https:\/\/www.proma.com.br\/blog\/wp-json\/wp\/v2\/categories?post=7377"},{"taxonomy":"post_tag","embeddable":true,"href":"https:\/\/www.proma.com.br\/blog\/wp-json\/wp\/v2\/tags?post=7377"}],"curies":[{"name":"wp","href":"https:\/\/api.w.org\/{rel}","templated":true}]}}