{"id":7440,"date":"2020-08-04T14:32:43","date_gmt":"2020-08-04T17:32:43","guid":{"rendered":"http:\/\/www.proma.com.br\/blog\/?p=7440"},"modified":"2020-04-04T20:43:43","modified_gmt":"2020-04-04T23:43:43","slug":"a-importancia-da-atividade-fisica-para-a-doenca-de-parkinson","status":"publish","type":"post","link":"https:\/\/www.proma.com.br\/blog\/a-importancia-da-atividade-fisica-para-a-doenca-de-parkinson\/","title":{"rendered":"A IMPORT\u00c2NCIA DA ATIVIDADE F\u00cdSICA PARA A DOEN\u00c7A DE PARKINSON"},"content":{"rendered":"<p>A <strong>Doen\u00e7a de Parkinson<\/strong> \u00e9 caracterizada por deixar os m\u00fasculos mais r\u00edgidos, causando tremores que prejudicam os movimentos. Dependendo da gravidade, ela tamb\u00e9m pode prejudicar a fala, a cogni\u00e7\u00e3o e a mem\u00f3ria. Com o aumento da expectativa de vida e o envelhecimento da popula\u00e7\u00e3o, estima-se que, em 2030, o n\u00famero de pacientes dobrar\u00e1, ultrapassando 600 mil brasileiros.<\/p>\n<p>Como ainda n\u00e3o h\u00e1 cura, \u00e9 importante encontrar formas de controlar os sintomas. &#8220;Neste sentido, os exerc\u00edcios f\u00edsicos podem ser grandes aliados para retardar a evolu\u00e7\u00e3o do problema e <strong>melhorar o bem-estar e a qualidade de vida<\/strong> de quem sofre deste mal\u201d, afirma o educador f\u00edsico Lucas Serralheiro Cardoso, especialista em Preven\u00e7\u00e3o de Les\u00f5es e Doen\u00e7as Musculoesquel\u00e9ticas.<\/p>\n<p><img loading=\"lazy\" class=\"aligncenter size-full wp-image-7441\" src=\"http:\/\/www.proma.com.br\/blog\/wp-content\/uploads\/2020\/04\/01.jpg\" alt=\"\" width=\"620\" height=\"455\" srcset=\"https:\/\/www.proma.com.br\/blog\/wp-content\/uploads\/2020\/04\/01.jpg 620w, https:\/\/www.proma.com.br\/blog\/wp-content\/uploads\/2020\/04\/01-409x300.jpg 409w\" sizes=\"(max-width: 620px) 100vw, 620px\" \/><\/p>\n<p>Dentre os benef\u00edcios est\u00e3o o <strong>progresso no equil\u00edbrio e diminui\u00e7\u00e3o do tremor<\/strong>, o que evita quedas e acidentes; <strong>redu\u00e7\u00e3o na rigidez muscular<\/strong>, ampliando a movimenta\u00e7\u00e3o e diminuindo a dor; <strong>atenua\u00e7\u00e3o de doen\u00e7as que podem acompanhar o Parkinson, como a depress\u00e3o<\/strong>; <strong>incentivo ao autocuidado e autoconfian\u00e7a <\/strong>do paciente. Uma revis\u00e3o publicada no Journal of Parkinson\u2019s Disease, com cientistas da Alemanha e da Austr\u00e1lia, concluiu ainda que as atividades f\u00edsicas tamb\u00e9m impactam positivamente em aspectos n\u00e3o motores, como <strong>mem\u00f3ria, fun\u00e7\u00f5es executiva e cognitiva global<\/strong>.<\/p>\n<p>No entanto, para que isso se verifique, deve-se investir em tr\u00eas frentes: fortifica\u00e7\u00e3o do sistema cardiovascular e respirat\u00f3rio, aumento da flexibilidade e fortalecimento dos m\u00fasculos. De acordo com o educador f\u00edsico, a atividade f\u00edsica deve ser realizada com frequ\u00eancia, de tr\u00eas a cinco vezes na semana, em sess\u00f5es que podem variar de 30 a 60 minutos.<\/p>\n<p>Confira a seguir as mais indicadas!<\/p>\n<p><strong>1. ALONGAMENTO<\/strong><\/p>\n<p>Exerc\u00edcios de alongamento dos bra\u00e7os, m\u00e3os, p\u00e9s e pernas s\u00e3o fundamentais para diminuir a rigidez nas articula\u00e7\u00f5es. J\u00e1 os exerc\u00edcios mais avan\u00e7ados, em superf\u00edcie de instabilidade, como bolas de pilates, favorecem o equil\u00edbrio.<\/p>\n<p><strong>2. CAMINHADA<\/strong><\/p>\n<p>Por ser uma atividade simples, que n\u00e3o exige nenhum tipo de equipamento ou treino espec\u00edfico, a caminhada \u00e9 uma \u00f3tima maneira de se iniciar a pr\u00e1tica de atividades f\u00edsicas, aumentando o tempo e a velocidade ao longo do tempo.<\/p>\n<p><strong>3. FORTALECIMENTO MUSCULAR<\/strong><\/p>\n<p>Atividades para os m\u00fasculos inferiores geram o fortalecimento dos mesmos e evitam quedas. J\u00e1 os exerc\u00edcios para membros superiores auxiliam nas tarefas rotineiras, como carregar sacolas. &#8220;O mais importante \u00e9 ser realista com o paciente e saber at\u00e9 onde voc\u00ea pode ir para evitar acidentes durante os exerc\u00edcios, tendo em vista que ele j\u00e1 se encontra em uma situa\u00e7\u00e3o mais fragilizada. Por isso, \u00e9 necess\u00e1rio ter a <strong>indica\u00e7\u00e3o e o acompanhamento de um profissional especializado<\/strong> para chegar aos resultados esperados&#8221;, alerta Lucas.<\/p>\n<p><strong>IMPORTANTE!<br \/>\n<\/strong>O paciente deve continuar o tratamento medicamentoso normalmente, pois a inclus\u00e3o de uma rotina de atividades f\u00edsicas ir\u00e1 apenas agregar valor ao trabalho cl\u00ednico j\u00e1 realizado.<\/p>\n<p><strong>E assim a gente vai informando, contribuindo para a sa\u00fade e o bem-estar de todos os nossos leitores.<\/strong><\/p>\n<p>Um abra\u00e7o!<\/p>\n<p><strong>Fonte:<\/strong> Casa e Jardim<\/p>\n<p>_____<\/p>\n<p><strong>Leia tamb\u00e9m:<\/strong><\/p>\n<ul>\n<li class=\"title\" data-reader-unique-id=\"titleElement\">GOOGLE E CIENTISTAS: PESQUISA MOSTRA QUE O DESIGN AFETA A SA\u00daDE. <a href=\"https:\/\/www.proma.com.br\/blog\/google-e-cientistas-pesquisa-mostra-que-o-design-afeta-a-saude\/\" target=\"_blank\" rel=\"noopener\">CLIQUE AQUI<\/a> E SAIBA MAIS.<\/li>\n<li class=\"title\" data-reader-unique-id=\"titleElement\">DEIXAR A TOALHA SECANDO NO BOX DO BANHEIRO \u00c9 PREJUDICIAL \u00c0 SA\u00daDE. <a href=\"https:\/\/www.proma.com.br\/blog\/deixar-a-toalha-secando-no-box-do-banheiro-e-prejudicial-a-saude\/\" target=\"_blank\" rel=\"noopener\">CLIQUE AQUI<\/a> E SAIBA O PORQU\u00ca.<\/li>\n<\/ul>\n","protected":false},"excerpt":{"rendered":"<p>A Doen\u00e7a de Parkinson \u00e9 caracterizada por deixar os m\u00fasculos mais r\u00edgidos, causando tremores que prejudicam os movimentos. Dependendo da gravidade, ela tamb\u00e9m pode prejudicar a fala, a cogni\u00e7\u00e3o e a mem\u00f3ria. Com o aumento da expectativa de vida e&hellip;<\/p>\n","protected":false},"author":2,"featured_media":7441,"comment_status":"open","ping_status":"closed","sticky":false,"template":"","format":"standard","meta":[],"categories":[1147],"tags":[1277,3269,2920,3270],"_links":{"self":[{"href":"https:\/\/www.proma.com.br\/blog\/wp-json\/wp\/v2\/posts\/7440"}],"collection":[{"href":"https:\/\/www.proma.com.br\/blog\/wp-json\/wp\/v2\/posts"}],"about":[{"href":"https:\/\/www.proma.com.br\/blog\/wp-json\/wp\/v2\/types\/post"}],"author":[{"embeddable":true,"href":"https:\/\/www.proma.com.br\/blog\/wp-json\/wp\/v2\/users\/2"}],"replies":[{"embeddable":true,"href":"https:\/\/www.proma.com.br\/blog\/wp-json\/wp\/v2\/comments?post=7440"}],"version-history":[{"count":2,"href":"https:\/\/www.proma.com.br\/blog\/wp-json\/wp\/v2\/posts\/7440\/revisions"}],"predecessor-version":[{"id":7443,"href":"https:\/\/www.proma.com.br\/blog\/wp-json\/wp\/v2\/posts\/7440\/revisions\/7443"}],"wp:featuredmedia":[{"embeddable":true,"href":"https:\/\/www.proma.com.br\/blog\/wp-json\/wp\/v2\/media\/7441"}],"wp:attachment":[{"href":"https:\/\/www.proma.com.br\/blog\/wp-json\/wp\/v2\/media?parent=7440"}],"wp:term":[{"taxonomy":"category","embeddable":true,"href":"https:\/\/www.proma.com.br\/blog\/wp-json\/wp\/v2\/categories?post=7440"},{"taxonomy":"post_tag","embeddable":true,"href":"https:\/\/www.proma.com.br\/blog\/wp-json\/wp\/v2\/tags?post=7440"}],"curies":[{"name":"wp","href":"https:\/\/api.w.org\/{rel}","templated":true}]}}