{"id":7459,"date":"2020-04-18T20:51:29","date_gmt":"2020-04-18T23:51:29","guid":{"rendered":"http:\/\/www.proma.com.br\/blog\/?p=7459"},"modified":"2020-04-18T20:56:48","modified_gmt":"2020-04-18T23:56:48","slug":"um-olhar-para-dentro-do-seu-negocio","status":"publish","type":"post","link":"https:\/\/www.proma.com.br\/blog\/um-olhar-para-dentro-do-seu-negocio\/","title":{"rendered":"COLUNA | UM OLHAR PARA DENTRO DO SEU NEG\u00d3CIO"},"content":{"rendered":"<p>Na quinta-feira, 16 de abril, foi publicada a nossa segunda coluna no jornal <strong>O Correio do Povo<\/strong>.\u00a0Esperamos que voc\u00ea goste! <span class=\"_5mfr\"><span class=\"_6qdm\">?<\/span><\/span><\/p>\n<p><img loading=\"lazy\" class=\"aligncenter size-full wp-image-7460\" src=\"http:\/\/www.proma.com.br\/blog\/wp-content\/uploads\/2020\/04\/93519379_2902707999805202_7104831666656378880_o.jpg\" alt=\"\" width=\"481\" height=\"1280\" srcset=\"https:\/\/www.proma.com.br\/blog\/wp-content\/uploads\/2020\/04\/93519379_2902707999805202_7104831666656378880_o.jpg 481w, https:\/\/www.proma.com.br\/blog\/wp-content\/uploads\/2020\/04\/93519379_2902707999805202_7104831666656378880_o-113x300.jpg 113w\" sizes=\"(max-width: 481px) 100vw, 481px\" \/><\/p>\n<p>_____<\/p>\n<p>Eu quero provocar uma reflex\u00e3o sobre as formas de gest\u00e3o dos processos e das estrat\u00e9gias empresariais, mas sem deixar de lado a nossa jornada pessoal. Pare para analisar: a nossa vida atribulada nos leva, muitas vezes, ao automatismo, que, por consequ\u00eancia, faz com que sejamos conduzidos por opini\u00f5es ou orienta\u00e7\u00f5es que nem sempre proporcionam o melhor resultado para o nosso neg\u00f3cio ou para os nossos projetos de vida.<\/p>\n<p>Por isso, neste momento, \u00e9 fundamental que voc\u00ea fa\u00e7a um bom diagn\u00f3stico para identificar as falhas \u2013 seja dos investimentos financeiros pessoais, seja do <em>core business<\/em> da empresa. Depois, trace um planejamento estrat\u00e9gico, \u201cenxuto e cir\u00fargico\u201d, com a percep\u00e7\u00e3o do dono do neg\u00f3cio. Dessa forma, voc\u00ea pode corrigir as falhas, retificar o mau desempenho econ\u00f4mico e buscar o sucesso desejado.<\/p>\n<p>O perfil do atual empreendedor tende a ser arrojado, din\u00e2mico e, muitas vezes, \u201caventureiro\u201d. Mas, pense bem! Nos \u00faltimos 30 anos da nossa hist\u00f3ria econ\u00f4mica e pol\u00edtica, n\u00f3s j\u00e1 tivemos mais de dez crises (com uma infla\u00e7\u00e3o alt\u00edssima), dois <em>impeachments<\/em> de presidentes, desvaloriza\u00e7\u00e3o monet\u00e1ria, quebra de bancos, corrup\u00e7\u00e3o e desempregos na faixa de 14%. Agora, com a Covid-19, n\u00f3s precisamos, mais uma vez, refletir sobre os riscos iminentes aos nossos neg\u00f3cios.<\/p>\n<p>Ao olharmos para os cen\u00e1rios pol\u00edticos e econ\u00f4micos, chegamos \u00e0 uma conclus\u00e3o: esta n\u00e3o ser\u00e1 a nossa \u00faltima crise. Por isso, se voc\u00ea est\u00e1 passando por alguma dificuldade, a hora \u00e9 agora! Olhe profundamente para dentro do seu neg\u00f3cio. N\u00f3s s\u00f3 superamos momentos dif\u00edceis e conquistamos bons resultados com planejamento, equil\u00edbrio dos riscos e seguran\u00e7a dos investimentos financeiros.<\/p>\n<p>Forte abra\u00e7o,<br \/>\nPaulo Obenaus | Diretor do Grupo Proma<\/p>\n<p><strong>____<\/strong><\/p>\n<p><strong>Leia tamb\u00e9m:<\/strong><\/p>\n<ul>\n<li class=\"section-title beta\">COLUNA 01 | MUDAN\u00c7A DE ROTA NESTE NOVO CEN\u00c1RIO. <a href=\"https:\/\/www.proma.com.br\/blog\/mudanca-de-rota-neste-novo-cenario\/\" target=\"_blank\" rel=\"noopener\">CLIQUE AQUI<\/a> E CONFIRA.<\/li>\n<\/ul>\n","protected":false},"excerpt":{"rendered":"<p>Na quinta-feira, 16 de abril, foi publicada a nossa segunda coluna no jornal O Correio do Povo.\u00a0Esperamos que voc\u00ea goste! ? _____ Eu quero provocar uma reflex\u00e3o sobre as formas de gest\u00e3o dos processos e das estrat\u00e9gias empresariais, mas sem&hellip;<\/p>\n","protected":false},"author":2,"featured_media":7462,"comment_status":"open","ping_status":"closed","sticky":false,"template":"","format":"standard","meta":[],"categories":[3],"tags":[],"_links":{"self":[{"href":"https:\/\/www.proma.com.br\/blog\/wp-json\/wp\/v2\/posts\/7459"}],"collection":[{"href":"https:\/\/www.proma.com.br\/blog\/wp-json\/wp\/v2\/posts"}],"about":[{"href":"https:\/\/www.proma.com.br\/blog\/wp-json\/wp\/v2\/types\/post"}],"author":[{"embeddable":true,"href":"https:\/\/www.proma.com.br\/blog\/wp-json\/wp\/v2\/users\/2"}],"replies":[{"embeddable":true,"href":"https:\/\/www.proma.com.br\/blog\/wp-json\/wp\/v2\/comments?post=7459"}],"version-history":[{"count":4,"href":"https:\/\/www.proma.com.br\/blog\/wp-json\/wp\/v2\/posts\/7459\/revisions"}],"predecessor-version":[{"id":7467,"href":"https:\/\/www.proma.com.br\/blog\/wp-json\/wp\/v2\/posts\/7459\/revisions\/7467"}],"wp:featuredmedia":[{"embeddable":true,"href":"https:\/\/www.proma.com.br\/blog\/wp-json\/wp\/v2\/media\/7462"}],"wp:attachment":[{"href":"https:\/\/www.proma.com.br\/blog\/wp-json\/wp\/v2\/media?parent=7459"}],"wp:term":[{"taxonomy":"category","embeddable":true,"href":"https:\/\/www.proma.com.br\/blog\/wp-json\/wp\/v2\/categories?post=7459"},{"taxonomy":"post_tag","embeddable":true,"href":"https:\/\/www.proma.com.br\/blog\/wp-json\/wp\/v2\/tags?post=7459"}],"curies":[{"name":"wp","href":"https:\/\/api.w.org\/{rel}","templated":true}]}}