{"id":7489,"date":"2020-05-07T11:02:41","date_gmt":"2020-05-07T14:02:41","guid":{"rendered":"http:\/\/www.proma.com.br\/blog\/?p=7489"},"modified":"2020-05-07T11:02:41","modified_gmt":"2020-05-07T14:02:41","slug":"copom-faz-novo-corte-e-juro-basico-cai-para-3-ao-ano","status":"publish","type":"post","link":"https:\/\/www.proma.com.br\/blog\/copom-faz-novo-corte-e-juro-basico-cai-para-3-ao-ano\/","title":{"rendered":"COPOM FAZ NOVO CORTE E JURO B\u00c1SICO CAI PARA 3% AO ANO"},"content":{"rendered":"<p>O Comit\u00ea de Pol\u00edtica Monet\u00e1ria do Banco Central (Copom) <strong>reduziu ontem, 6, a taxa b\u00e1sica de juros da economia brasileira (taxa Selic) de 3,75% para 3% ao ano. <\/strong>A decis\u00e3o foi unanime. Esta foi a s\u00e9tima redu\u00e7\u00e3o consecutiva.<\/p>\n<p>A decis\u00e3o renovou o menor patamar hist\u00f3rico para a taxa Selic desde 1999, quando entrou em vigor o regime de metas para a infla\u00e7\u00e3o. No comunicado, o Copom avalia que \u201cneste momento a conjuntura econ\u00f4mica prescreve est\u00edmulo monet\u00e1rio extraordinariamente elevado\u201d.<\/p>\n<p><img loading=\"lazy\" class=\"aligncenter size-large wp-image-7490\" src=\"http:\/\/www.proma.com.br\/blog\/wp-content\/uploads\/2020\/05\/selic-1024x572.jpg\" alt=\"\" width=\"584\" height=\"326\" srcset=\"https:\/\/www.proma.com.br\/blog\/wp-content\/uploads\/2020\/05\/selic-1024x572.jpg 1024w, https:\/\/www.proma.com.br\/blog\/wp-content\/uploads\/2020\/05\/selic-960x536.jpg 960w, https:\/\/www.proma.com.br\/blog\/wp-content\/uploads\/2020\/05\/selic-768x429.jpg 768w, https:\/\/www.proma.com.br\/blog\/wp-content\/uploads\/2020\/05\/selic-500x279.jpg 500w, https:\/\/www.proma.com.br\/blog\/wp-content\/uploads\/2020\/05\/selic.jpg 1600w\" sizes=\"(max-width: 584px) 100vw, 584px\" \/><\/p>\n<p>&#8220;Para a pr\u00f3xima reuni\u00e3o, condicional ao cen\u00e1rio fiscal e \u00e0 conjuntura econ\u00f4mica, o comit\u00ea considera um \u00faltimo ajuste, n\u00e3o maior do que o atual, para complementar o grau de est\u00edmulo necess\u00e1rio como rea\u00e7\u00e3o \u00e0s consequ\u00eancias econ\u00f4micas da pandemia da Covid-19&#8221;, afirma o Copom.<\/p>\n<p>O comit\u00ea ressalva, no entanto, que \u201cnovas informa\u00e7\u00f5es sobre os efeitos da pandemia, assim como uma diminui\u00e7\u00e3o das incertezas no \u00e2mbito fiscal, ser\u00e3o essenciais para definir seus pr\u00f3ximos passos\u201d.<\/p>\n<p><strong>EXCELENTE OPORTUNIDADE PARA INVESTIR EM IM\u00d3VEIS<\/strong><\/p>\n<p>Com a nova redu\u00e7\u00e3o da taxa Selic, o investimento em im\u00f3veis fica ainda mais vantajoso, tendo em vista que as taxas dos bancos acompanham a Selic \u2013 ou seja, esse \u00edndice hist\u00f3rico da taxa b\u00e1sica influencia nos juros cobrados em financiamentos e, at\u00e9 mesmo, em cons\u00f3rcios, que podem apresentar taxas administrativas menores por conta do atual momento.<\/p>\n<p><strong>CEN\u00c1RIO ECON\u00d4MICO<\/strong><\/p>\n<p>A decis\u00e3o do Copom foi tomada em um ambiente de forte queda do n\u00edvel de atividade da economia mundial em raz\u00e3o da pandemia do novo coronav\u00edrus, o que tem reduzido os \u00edndices de infla\u00e7\u00e3o.<\/p>\n<p>Diante desse cen\u00e1rio, o Fundo Monet\u00e1rio Internacional (FMI) prev\u00ea que a pandemia vai levar a economia mundial a registrar queda de 3% neste ano, o pior desempenho desde a crise de 1929.<\/p>\n<p>Para o Brasil, as previs\u00f5es do FMI e do Banco Mundial s\u00e3o de retra\u00e7\u00e3o econ\u00f4mica superior a 5% neste ano. Os economistas do mercado financeiro estimam queda de 3,7%.<\/p>\n<p>Com a forte queda da atividade econ\u00f4mica, os pre\u00e7os t\u00eam ca\u00eddo. Em mar\u00e7o, o \u00cdndice Nacional de Pre\u00e7os ao Consumidor Amplo (IPCA), \u00edndice que mede a infla\u00e7\u00e3o oficial, somou 0,07%, menor taxa para o m\u00eas desde 1995. O mercado financeiro prev\u00ea que o IPCA ficar\u00e1 em 1,97% neste ano, isto \u00e9, abaixo do piso de 2,5% previsto pelo sistema de metas.<\/p>\n<p>Pela regra vigente, o IPCA pode oscilar de 2,5% a 5,5% sem que a meta seja formalmente descumprida. Quando a meta n\u00e3o \u00e9 cumprida, o BC tem de escrever uma carta p\u00fablica explicando as raz\u00f5es. A meta de infla\u00e7\u00e3o \u00e9 fixada pelo Conselho Monet\u00e1rio Nacional (CMN). Para alcan\u00e7\u00e1-la, o Banco Central eleva ou reduz a taxa b\u00e1sica de juros da economia (Selic).<\/p>\n<p>&#8212;<\/p>\n<p><strong>Se voc\u00ea tem d\u00favidas sobre a taxa Selic e sobre as vantagens de comprar um im\u00f3vel neste momento, entre em contato! Os consultores da <a href=\"http:\/\/www.imobiliariacoralli.com.br\" target=\"_blank\" rel=\"noopener\">Coralli<\/a>, a imobili\u00e1ria do Grupo Proma, est\u00e3o \u00e0 disposi\u00e7\u00e3o para um caf\u00e9 e uma conversa!<\/strong><\/p>\n<p>&#8212;<\/p>\n<p>LEIA TAMB\u00c9M:<\/p>\n<ul>\n<li>NOVOS CONTRATOS HABITACIONAIS: CAIXA ANUNCIA 6 MESES DE CAR\u00caNCIA. <a href=\"https:\/\/www.proma.com.br\/blog\/novos-contratos-habitacionais-caixa-anuncia-6-meses-de-carencia\/\" target=\"_blank\" rel=\"noopener\">CLIQUE AQUI<\/a> E SAIBA MAIS.<\/li>\n<li class=\"section-title beta\">RESIDENCIAL DRACENA: UM ENCANTO DE APARTAMENTO MODELO. <a href=\"https:\/\/www.proma.com.br\/blog\/residencial-dracena-um-encanto-de-apartamento-modelo\/\" target=\"_blank\" rel=\"noopener\">CLIQUE AQUI<\/a> E CONHE\u00c7A. VOC\u00ca TAMB\u00c9M PODE FAZER O TOUR VIRTUAL. BASTA <a href=\"https:\/\/my.matterport.com\/show\/?m=sX6JugfQbQw\" target=\"_blank\" rel=\"noopener\">CLICAR AQUI<\/a>.<\/li>\n<\/ul>\n","protected":false},"excerpt":{"rendered":"<p>O Comit\u00ea de Pol\u00edtica Monet\u00e1ria do Banco Central (Copom) reduziu ontem, 6, a taxa b\u00e1sica de juros da economia brasileira (taxa Selic) de 3,75% para 3% ao ano. A decis\u00e3o foi unanime. Esta foi a s\u00e9tima redu\u00e7\u00e3o consecutiva. A decis\u00e3o&hellip;<\/p>\n","protected":false},"author":2,"featured_media":7490,"comment_status":"open","ping_status":"closed","sticky":false,"template":"","format":"standard","meta":[],"categories":[4,3],"tags":[],"_links":{"self":[{"href":"https:\/\/www.proma.com.br\/blog\/wp-json\/wp\/v2\/posts\/7489"}],"collection":[{"href":"https:\/\/www.proma.com.br\/blog\/wp-json\/wp\/v2\/posts"}],"about":[{"href":"https:\/\/www.proma.com.br\/blog\/wp-json\/wp\/v2\/types\/post"}],"author":[{"embeddable":true,"href":"https:\/\/www.proma.com.br\/blog\/wp-json\/wp\/v2\/users\/2"}],"replies":[{"embeddable":true,"href":"https:\/\/www.proma.com.br\/blog\/wp-json\/wp\/v2\/comments?post=7489"}],"version-history":[{"count":1,"href":"https:\/\/www.proma.com.br\/blog\/wp-json\/wp\/v2\/posts\/7489\/revisions"}],"predecessor-version":[{"id":7491,"href":"https:\/\/www.proma.com.br\/blog\/wp-json\/wp\/v2\/posts\/7489\/revisions\/7491"}],"wp:featuredmedia":[{"embeddable":true,"href":"https:\/\/www.proma.com.br\/blog\/wp-json\/wp\/v2\/media\/7490"}],"wp:attachment":[{"href":"https:\/\/www.proma.com.br\/blog\/wp-json\/wp\/v2\/media?parent=7489"}],"wp:term":[{"taxonomy":"category","embeddable":true,"href":"https:\/\/www.proma.com.br\/blog\/wp-json\/wp\/v2\/categories?post=7489"},{"taxonomy":"post_tag","embeddable":true,"href":"https:\/\/www.proma.com.br\/blog\/wp-json\/wp\/v2\/tags?post=7489"}],"curies":[{"name":"wp","href":"https:\/\/api.w.org\/{rel}","templated":true}]}}