{"id":7632,"date":"2021-09-02T09:00:53","date_gmt":"2021-09-02T12:00:53","guid":{"rendered":"http:\/\/www.proma.com.br\/blog\/?p=7632"},"modified":"2021-02-04T08:28:07","modified_gmt":"2021-02-04T11:28:07","slug":"como-escolher-o-sofa-de-canto","status":"publish","type":"post","link":"https:\/\/www.proma.com.br\/blog\/como-escolher-o-sofa-de-canto\/","title":{"rendered":"COMO ESCOLHER O SOF\u00c1 DE CANTO?"},"content":{"rendered":"<p><img loading=\"lazy\" class=\"alignnone size-medium wp-image-7627\" src=\"http:\/\/www.proma.com.br\/blog\/wp-content\/uploads\/2021\/01\/8-960x540.jpg\" alt=\"\" width=\"960\" height=\"540\" srcset=\"https:\/\/www.proma.com.br\/blog\/wp-content\/uploads\/2021\/01\/8-960x540.jpg 960w, https:\/\/www.proma.com.br\/blog\/wp-content\/uploads\/2021\/01\/8-768x432.jpg 768w, https:\/\/www.proma.com.br\/blog\/wp-content\/uploads\/2021\/01\/8-1024x576.jpg 1024w, https:\/\/www.proma.com.br\/blog\/wp-content\/uploads\/2021\/01\/8-500x281.jpg 500w, https:\/\/www.proma.com.br\/blog\/wp-content\/uploads\/2021\/01\/8.jpg 1280w\" sizes=\"(max-width: 960px) 100vw, 960px\" \/><\/p>\n<p>Os sof\u00e1s de canto ou em L costumam ser modelos aconchegantes e mais f\u00e1ceis de serem utilizados em salas espa\u00e7osas.<\/p>\n<p>Isso n\u00e3o significa que eles n\u00e3o podem se adaptar bem tamb\u00e9m a espa\u00e7os pequenos \u2013 em especial, os sof\u00e1s com chaise (o assento estendido e sem bra\u00e7o). Esses modelos s\u00e3o usados em salas de TV ou estar, juntinhos \u00e0 parede ou para dividir ambientes.<\/p>\n<p><strong>ESQUERDA OU DIREITA?<\/strong><\/p>\n<p>Pense no seu ambiente e como o sof\u00e1 fica melhor disposto ali. No geral, a dica \u00e9: para ambientes pequenos, use o m\u00f3vel acompanhando um canto livre e junto \u00e0s paredes.<\/p>\n<p>J\u00e1 para uma sala grande, voc\u00ea ter\u00e1 mais op\u00e7\u00f5es. Uma ideia \u00e9 fazer do sof\u00e1 um elemento de delimita\u00e7\u00e3o da \u00e1rea de estar.<\/p>\n<p>Para escolher o sof\u00e1 de canto ideal, me\u00e7a o espa\u00e7o dispon\u00edvel para acomod\u00e1-lo:<\/p>\n<ul>\n<li>o comprimento dos encostos.<\/li>\n<li>a profundidade dos assentos.<\/li>\n<li>o tanto que ser\u00e1 ocupado caso assentos e chaise sejam retr\u00e1teis.<\/li>\n<\/ul>\n<p>Considere, ainda, uma \u00e1rea para a livre circula\u00e7\u00e3o de cerca de 60 cm por toda a frente do m\u00f3vel.<\/p>\n<p>Em caso de assentos retr\u00e1teis, leve em conta que, com eles abertos, voc\u00ea ter\u00e1 mais espa\u00e7o no sof\u00e1 para deitar e se jogar, por\u00e9m, muito menos espa\u00e7o para circular.<\/p>\n<p><strong>USO NO DIA A DIA<\/strong><\/p>\n<p>Responda: qual uso voc\u00ea vai fazer do sof\u00e1? Os mais macios s\u00e3o \u00f3timos para maratonar s\u00e9ries, p\u00f4r em dia a novela e aquela sess\u00e3o de cinema do fim de semana.<\/p>\n<p>Sof\u00e1s em L mais sequinhos e estruturados caem como uma luva em salas de estar para receber os amigos e conversar.<\/p>\n<p>Se voc\u00ea mora em casa alugada, os sof\u00e1s modulares permitem a compra separada de elementos compon\u00edveis. Assim, voc\u00ea adquire o sof\u00e1 em etapas e segundo sua necessidade atual. E vai ser mais f\u00e1cil tamb\u00e9m na hora da mudan\u00e7a.<\/p>\n<p><strong>VISUAL<\/strong><\/p>\n<p>O sof\u00e1 de canto \u00e9 um bloco grande e causa bastante impacto na decora\u00e7\u00e3o, ent\u00e3o considere cores mais claras se quiser aumentar a sensa\u00e7\u00e3o de amplitude. Na mesma l\u00f3gica, evite estampas. Deixe o detalhamento e os tons fortes para as almofadas e objetos pequenos.<\/p>\n<p><strong>UMA DICA FINAL!<\/strong><\/p>\n<p>Se apenas uma das costas do sof\u00e1 vai ficar junto \u00e0 parede, inclua algum outro elemento para ficar atr\u00e1s do m\u00f3vel. Pode ser, por exemplo, um aparador ou uma estante baixa.<\/p>\n<p>Voc\u00ea vai apostar em um sof\u00e1 de canto na sua sala?<\/p>\n<p><strong>Fonte:<\/strong> Casa e Jardim<\/p>\n<p><strong>________<\/strong><\/p>\n<p><strong>LEIA TAMB\u00c9M:<\/strong><\/p>\n<p><strong>\u00a0<\/strong><strong>SOF\u00c1: COMO EVITAR A PROLIFERA\u00c7\u00c3O DE \u00c1CAROS? <a href=\"https:\/\/www.proma.com.br\/blog\/sofa-como-evitar-a-proliferacao-de-acaros\/\">CLIQUE AQUI<\/a> E SAIBA MAIS.<\/strong><\/p>\n<p><strong>ESCOLHA UM SOF\u00c1 COLORIDO E TENHA UMA SALA CHEIA DE VIDA. <a href=\"https:\/\/www.proma.com.br\/blog\/escolha-um-sofa-colorido-e-tenha-uma-sala-cheia-de-vida\/\">CLIQUE AQUI<\/a> E SAIBA MAIS.<\/strong><\/p>\n","protected":false},"excerpt":{"rendered":"<p>Os sof\u00e1s de canto ou em L costumam ser modelos aconchegantes e mais f\u00e1ceis de serem utilizados em salas espa\u00e7osas. Isso n\u00e3o significa que eles n\u00e3o podem se adaptar bem tamb\u00e9m a espa\u00e7os pequenos \u2013 em especial, os sof\u00e1s com&hellip;<\/p>\n","protected":false},"author":3,"featured_media":7627,"comment_status":"open","ping_status":"closed","sticky":false,"template":"","format":"standard","meta":[],"categories":[2,2927,1145],"tags":[2281,2635],"_links":{"self":[{"href":"https:\/\/www.proma.com.br\/blog\/wp-json\/wp\/v2\/posts\/7632"}],"collection":[{"href":"https:\/\/www.proma.com.br\/blog\/wp-json\/wp\/v2\/posts"}],"about":[{"href":"https:\/\/www.proma.com.br\/blog\/wp-json\/wp\/v2\/types\/post"}],"author":[{"embeddable":true,"href":"https:\/\/www.proma.com.br\/blog\/wp-json\/wp\/v2\/users\/3"}],"replies":[{"embeddable":true,"href":"https:\/\/www.proma.com.br\/blog\/wp-json\/wp\/v2\/comments?post=7632"}],"version-history":[{"count":1,"href":"https:\/\/www.proma.com.br\/blog\/wp-json\/wp\/v2\/posts\/7632\/revisions"}],"predecessor-version":[{"id":7633,"href":"https:\/\/www.proma.com.br\/blog\/wp-json\/wp\/v2\/posts\/7632\/revisions\/7633"}],"wp:featuredmedia":[{"embeddable":true,"href":"https:\/\/www.proma.com.br\/blog\/wp-json\/wp\/v2\/media\/7627"}],"wp:attachment":[{"href":"https:\/\/www.proma.com.br\/blog\/wp-json\/wp\/v2\/media?parent=7632"}],"wp:term":[{"taxonomy":"category","embeddable":true,"href":"https:\/\/www.proma.com.br\/blog\/wp-json\/wp\/v2\/categories?post=7632"},{"taxonomy":"post_tag","embeddable":true,"href":"https:\/\/www.proma.com.br\/blog\/wp-json\/wp\/v2\/tags?post=7632"}],"curies":[{"name":"wp","href":"https:\/\/api.w.org\/{rel}","templated":true}]}}