{"id":7652,"date":"2021-04-15T09:00:57","date_gmt":"2021-04-15T12:00:57","guid":{"rendered":"http:\/\/www.proma.com.br\/blog\/?p=7652"},"modified":"2021-02-04T08:29:56","modified_gmt":"2021-02-04T11:29:56","slug":"nasa-as-melhores-plantas-para-limpar-o-ar","status":"publish","type":"post","link":"https:\/\/www.proma.com.br\/blog\/nasa-as-melhores-plantas-para-limpar-o-ar\/","title":{"rendered":"NASA: AS MELHORES PLANTAS PARA LIMPAR O AR"},"content":{"rendered":"<p>Ao fim dos anos 1980, a NASA desenvolveu um projeto em associa\u00e7\u00e3o com a ALCA (<em>Associated Landscape Contractors of America<\/em>) chamado <em>Clean Air Study<\/em>, que buscava maneiras de limpar o ar dentro das esta\u00e7\u00f5es espaciais.<\/p>\n<p>Os resultados sugeriram que, al\u00e9m de absorver di\u00f3xido de carbono e liberar oxig\u00eanio por meio da fotoss\u00edntese, certas plantas tamb\u00e9m poderiam fornecer uma maneira natural de remover poluentes org\u00e2nicos vol\u00e1teis \u2013 na ocasi\u00e3o, foram testados benzeno, formalde\u00eddo e tricloroetileno.<\/p>\n<p>Al\u00e9m disso, a pesquisa indicou que a limpeza eficiente do ar \u00e9 feita com, pelo menos, uma planta por 9,3 m\u00b2. Entretanto, ela foi conduzida em condi\u00e7\u00f5es de esta\u00e7\u00e3o espacial vedada, e pesquisas realizadas desde ent\u00e3o, em casa ou escrit\u00f3rio, apresentaram resultados mistos.<\/p>\n<p>De qualquer forma, a ag\u00eancia americana publicou o estudo, que foi resumido em uma lista. Confira abaixo as 5 melhores plantas indicadas pela NASA para limpar e purificar o ar!<\/p>\n<ol>\n<li><strong> L\u00cdRIO-DA-PAZ<\/strong><\/li>\n<\/ol>\n<p><img loading=\"lazy\" class=\"alignnone size-full wp-image-7644\" src=\"http:\/\/www.proma.com.br\/blog\/wp-content\/uploads\/2021\/01\/4-e1611239482402.jpeg\" alt=\"\" width=\"720\" height=\"457\" srcset=\"https:\/\/www.proma.com.br\/blog\/wp-content\/uploads\/2021\/01\/4-e1611239482402.jpeg 720w, https:\/\/www.proma.com.br\/blog\/wp-content\/uploads\/2021\/01\/4-e1611239482402-473x300.jpeg 473w\" sizes=\"(max-width: 720px) 100vw, 720px\" \/><\/p>\n<p>O l\u00edrio-da-paz \u00e9 uma das plantas de interior populares classificadas na fam\u00edlia das ar\u00e1ceas. Foi considerada uma das esp\u00e9cies mais eficazes na remo\u00e7\u00e3o de benzeno, formalde\u00eddo, tricloroetileno, am\u00f4nia, xileno, tolueno e v\u00e1rios outros poluentes conhecidos.<\/p>\n<ol start=\"2\">\n<li><strong> CRIS\u00c2NTEMO<\/strong><\/li>\n<\/ol>\n<p><img loading=\"lazy\" class=\"alignnone size-medium wp-image-7645\" src=\"http:\/\/www.proma.com.br\/blog\/wp-content\/uploads\/2021\/01\/5-960x542.jpeg\" alt=\"\" width=\"960\" height=\"542\" srcset=\"https:\/\/www.proma.com.br\/blog\/wp-content\/uploads\/2021\/01\/5-960x542.jpeg 960w, https:\/\/www.proma.com.br\/blog\/wp-content\/uploads\/2021\/01\/5-768x433.jpeg 768w, https:\/\/www.proma.com.br\/blog\/wp-content\/uploads\/2021\/01\/5-1024x578.jpeg 1024w, https:\/\/www.proma.com.br\/blog\/wp-content\/uploads\/2021\/01\/5-500x282.jpeg 500w, https:\/\/www.proma.com.br\/blog\/wp-content\/uploads\/2021\/01\/5.jpeg 1280w\" sizes=\"(max-width: 960px) 100vw, 960px\" \/><\/p>\n<p>O cris\u00e2ntemo \u00e9 uma das plantas com flores mais populares categorizadas no g\u00eanero chrysanthemum na fam\u00edlia asteraceae. Tamb\u00e9m \u00e9 capaz de remover benzeno, formalde\u00eddo, tricloroetileno, am\u00f4nia, xileno, tolueno e outros poluentes conhecidos do ar.<\/p>\n<ol start=\"3\">\n<li><strong> HERA<\/strong><\/li>\n<\/ol>\n<p><img loading=\"lazy\" class=\"alignnone size-medium wp-image-7646\" src=\"http:\/\/www.proma.com.br\/blog\/wp-content\/uploads\/2021\/01\/6-960x720.jpeg\" alt=\"\" width=\"960\" height=\"720\" srcset=\"https:\/\/www.proma.com.br\/blog\/wp-content\/uploads\/2021\/01\/6-960x720.jpeg 960w, https:\/\/www.proma.com.br\/blog\/wp-content\/uploads\/2021\/01\/6-768x576.jpeg 768w, https:\/\/www.proma.com.br\/blog\/wp-content\/uploads\/2021\/01\/6-1024x768.jpeg 1024w, https:\/\/www.proma.com.br\/blog\/wp-content\/uploads\/2021\/01\/6-400x300.jpeg 400w, https:\/\/www.proma.com.br\/blog\/wp-content\/uploads\/2021\/01\/6.jpeg 1280w\" sizes=\"(max-width: 960px) 100vw, 960px\" \/><\/p>\n<p>Uma das plantas de videira mais populares na Europa, a hera \u00e9 uma esp\u00e9cie de planta com flor da fam\u00edlia araliaceae, que tamb\u00e9m remove poluentes a\u00e9reos.<\/p>\n<ol start=\"4\">\n<li><strong> ESPADA-DE-S\u00c3O-JORGE<\/strong><\/li>\n<\/ol>\n<p><img loading=\"lazy\" class=\"alignnone size-medium wp-image-7653\" src=\"http:\/\/www.proma.com.br\/blog\/wp-content\/uploads\/2021\/01\/7-1-960x518.jpeg\" alt=\"\" width=\"960\" height=\"518\" srcset=\"https:\/\/www.proma.com.br\/blog\/wp-content\/uploads\/2021\/01\/7-1-960x518.jpeg 960w, https:\/\/www.proma.com.br\/blog\/wp-content\/uploads\/2021\/01\/7-1-768x415.jpeg 768w, https:\/\/www.proma.com.br\/blog\/wp-content\/uploads\/2021\/01\/7-1-1024x553.jpeg 1024w, https:\/\/www.proma.com.br\/blog\/wp-content\/uploads\/2021\/01\/7-1-500x270.jpeg 500w, https:\/\/www.proma.com.br\/blog\/wp-content\/uploads\/2021\/01\/7-1.jpeg 1250w\" sizes=\"(max-width: 960px) 100vw, 960px\" \/><\/p>\n<p>A espada-de-s\u00e3o jorge, ou dracaena trifasciata, \u00e9 uma das mais resistentes plantas de interior. N\u00e3o requer muita luz solar e nem rega frequente, al\u00e9m de ajudar a purificar o ar.<\/p>\n<ol start=\"5\">\n<li><strong> ARECA-BAMBU<\/strong><\/li>\n<\/ol>\n<p><img loading=\"lazy\" class=\"alignnone size-full wp-image-7654\" src=\"http:\/\/www.proma.com.br\/blog\/wp-content\/uploads\/2021\/01\/8-1.jpeg\" alt=\"\" width=\"700\" height=\"466\" srcset=\"https:\/\/www.proma.com.br\/blog\/wp-content\/uploads\/2021\/01\/8-1.jpeg 700w, https:\/\/www.proma.com.br\/blog\/wp-content\/uploads\/2021\/01\/8-1-451x300.jpeg 451w\" sizes=\"(max-width: 700px) 100vw, 700px\" \/><\/p>\n<p>A palmeira de bambu \u00e9 uma das 107 esp\u00e9cies do g\u00eanero chamaedorea categorizadas na fam\u00edlia de plantas arecaceae. \u00c9 um vegetal que gosta de crescer sob a sombra e em condi\u00e7\u00f5es \u00famidas, como nas florestas tropicais.<\/p>\n<p>Voc\u00ea j\u00e1 tem alguma dessas plantas no seu lar?<\/p>\n<p><strong>Fonte:<\/strong> Casa e Jardim<\/p>\n<p><strong>\u00a0<\/strong><strong>________<\/strong><\/p>\n<p><strong>LEIA TAMB\u00c9M:<\/strong><\/p>\n<p><strong>\u00a0<\/strong><strong>COPO-DE-LEITE: A FLOR DA PAZ E DA TRANQUILIDADE. <a href=\"https:\/\/www.proma.com.br\/blog\/copo-de-leite-a-flor-da-paz-e-da-tranquilidade\/\">CLIQUE AQUI<\/a> E SAIBA MAIS.<\/strong><\/p>\n<p><strong>LAR, DOCE E PERFUMADO LAR: AS FLORES E SEUS SIGNIFICADOS. <a href=\"https:\/\/www.proma.com.br\/blog\/as-flores-e-seus-significados\/\">CLIQUE AQUI<\/a> E SAIBA MAIS.<\/strong><\/p>\n<p>&nbsp;<\/p>\n","protected":false},"excerpt":{"rendered":"<p>Ao fim dos anos 1980, a NASA desenvolveu um projeto em associa\u00e7\u00e3o com a ALCA (Associated Landscape Contractors of America) chamado Clean Air Study, que buscava maneiras de limpar o ar dentro das esta\u00e7\u00f5es espaciais. Os resultados sugeriram que, al\u00e9m&hellip;<\/p>\n","protected":false},"author":3,"featured_media":7653,"comment_status":"open","ping_status":"closed","sticky":false,"template":"","format":"standard","meta":[],"categories":[1141,1144,1145,1147],"tags":[2955],"_links":{"self":[{"href":"https:\/\/www.proma.com.br\/blog\/wp-json\/wp\/v2\/posts\/7652"}],"collection":[{"href":"https:\/\/www.proma.com.br\/blog\/wp-json\/wp\/v2\/posts"}],"about":[{"href":"https:\/\/www.proma.com.br\/blog\/wp-json\/wp\/v2\/types\/post"}],"author":[{"embeddable":true,"href":"https:\/\/www.proma.com.br\/blog\/wp-json\/wp\/v2\/users\/3"}],"replies":[{"embeddable":true,"href":"https:\/\/www.proma.com.br\/blog\/wp-json\/wp\/v2\/comments?post=7652"}],"version-history":[{"count":1,"href":"https:\/\/www.proma.com.br\/blog\/wp-json\/wp\/v2\/posts\/7652\/revisions"}],"predecessor-version":[{"id":7655,"href":"https:\/\/www.proma.com.br\/blog\/wp-json\/wp\/v2\/posts\/7652\/revisions\/7655"}],"wp:featuredmedia":[{"embeddable":true,"href":"https:\/\/www.proma.com.br\/blog\/wp-json\/wp\/v2\/media\/7653"}],"wp:attachment":[{"href":"https:\/\/www.proma.com.br\/blog\/wp-json\/wp\/v2\/media?parent=7652"}],"wp:term":[{"taxonomy":"category","embeddable":true,"href":"https:\/\/www.proma.com.br\/blog\/wp-json\/wp\/v2\/categories?post=7652"},{"taxonomy":"post_tag","embeddable":true,"href":"https:\/\/www.proma.com.br\/blog\/wp-json\/wp\/v2\/tags?post=7652"}],"curies":[{"name":"wp","href":"https:\/\/api.w.org\/{rel}","templated":true}]}}