{"id":7656,"date":"2021-04-22T09:00:29","date_gmt":"2021-04-22T12:00:29","guid":{"rendered":"http:\/\/www.proma.com.br\/blog\/?p=7656"},"modified":"2021-02-04T08:30:03","modified_gmt":"2021-02-04T11:30:03","slug":"qual-e-a-altura-ideal-das-tomadas-e-dos-interruptores","status":"publish","type":"post","link":"https:\/\/www.proma.com.br\/blog\/qual-e-a-altura-ideal-das-tomadas-e-dos-interruptores\/","title":{"rendered":"QUAL \u00c9 A ALTURA IDEAL DAS TOMADAS E DOS INTERRUPTORES?"},"content":{"rendered":"<p><img loading=\"lazy\" class=\"alignnone size-full wp-image-7649\" src=\"http:\/\/www.proma.com.br\/blog\/wp-content\/uploads\/2021\/01\/9.jpg\" alt=\"\" width=\"900\" height=\"406\" srcset=\"https:\/\/www.proma.com.br\/blog\/wp-content\/uploads\/2021\/01\/9.jpg 900w, https:\/\/www.proma.com.br\/blog\/wp-content\/uploads\/2021\/01\/9-768x346.jpg 768w, https:\/\/www.proma.com.br\/blog\/wp-content\/uploads\/2021\/01\/9-500x226.jpg 500w\" sizes=\"(max-width: 900px) 100vw, 900px\" \/><\/p>\n<p>\u00c9 ineg\u00e1vel! Somos ref\u00e9ns absolutos da energia el\u00e9trica e, em um mundo cada vez mais conectado, a instala\u00e7\u00e3o das tomadas e dos interruptores em uma altura ideal \u00e9 um detalhe que n\u00e3o pode ser negligenciado.<\/p>\n<p>Afinal, a aus\u00eancia de um n\u00famero apropriado de pontos de energia ou a instala\u00e7\u00e3o em locais inadequados pode render aborrecimentos no dia a dia de uma resid\u00eancia.<\/p>\n<p>&nbsp;<\/p>\n<p><strong>ALTURA IDEAL<\/strong><\/p>\n<p>Na hora de projetar, construir ou at\u00e9 mesmo alugar um im\u00f3vel, \u00e9 preciso pensar com cuidado na funcionalidade do projeto el\u00e9trico \u2013 ele precisa atender as necessidades dos seus moradores.<\/p>\n<p>Atualmente, arquitetos e designers contam com a Associa\u00e7\u00e3o Brasileira de Normas T\u00e9cnicas (ABNT) para direcionar as medidas corretas em um padr\u00e3o.<\/p>\n<p>Segundo a norma NBR 5410, as tomadas e interruptores podem ser instaladas em 3 alturas:<\/p>\n<ul>\n<li><strong>Baixas:<\/strong> 30 cm a partir do ch\u00e3o.<\/li>\n<li><strong>M\u00e9dias:<\/strong> 1,20 m (ou 120 cm) at\u00e9 1,30 m (ou 130 cm) a partir do ch\u00e3o.<\/li>\n<li><strong>Altas:<\/strong> 2 m at\u00e9 2,25 m (ou 225 cm) a partir do ch\u00e3o.<\/li>\n<\/ul>\n<p>As tomadas e interruptores devem acompanhar as medidas de altura m\u00e9dia e, para que haja harmonia na decora\u00e7\u00e3o, \u00e9 importante seguir a mesma orienta\u00e7\u00e3o na casa toda.<\/p>\n<p>&nbsp;<\/p>\n<p><strong>QUANTIDADES<\/strong><\/p>\n<p>As quantidades de tomadas em cada c\u00f4modo costumam gerar d\u00favidas \u2013 o n\u00famero ideal depende de quantos eletr\u00f4nicos ou eletrodom\u00e9sticos s\u00e3o utilizados em cada \u00e1rea da resid\u00eancia. O total de moradores tamb\u00e9m influencia.<\/p>\n<p><strong>A ABNT orienta no m\u00ednimo uma tomada a cada 3,5 m de parede.<\/strong><\/p>\n<p>Na <strong>cozinha<\/strong>, elas devem ser instaladas na altura m\u00e9dia, para que fiquem acima das bancadas. Fog\u00e3o, geladeira, coifa, torneira el\u00e9trica, micro-ondas e forno precisam de pontos de energia permanentes, portanto, \u00e9 uma boa ideia instalar modelos com entrada dupla.<\/p>\n<p>Os <strong>quartos<\/strong> precisam de tomadas pr\u00f3ximas \u00e0 cama (\u00e9 bacana ter uma em cada lado para os carregadores de bateria e lumin\u00e1rias). Um interruptor pr\u00f3ximo \u00e0 cabeceira \u00e9 uma \u00f3tima pedida.<\/p>\n<p>Na <strong>sala<\/strong>, \u00e9 preciso pensar nos pontos de energia para TV, home theater, videogames e receptores de sinais de internet e TV \u00e0 cabo. Entradas para alimentar eventuais lumin\u00e1rias tamb\u00e9m devem ser lembradas.<\/p>\n<p>Em alguns im\u00f3veis, as <strong>varandas e quintais<\/strong> acabam esquecidos, mas eles necessitam de pontos para abastecer equipamentos como lavadoras, cortadores de grama e aspiradores.<\/p>\n<p>Para n\u00e3o errar, o ideal \u00e9 realizar o planejamento de um projeto el\u00e9trico eficiente e adotar essas 5 dicas para escolher os melhores modelos de tomadas e interruptores.<\/p>\n<p>Essa dica foi \u00fatil pra voc\u00ea? Comente!<\/p>\n<p><strong>Fonte:<\/strong> WEG<\/p>\n<p><strong>________<\/strong><\/p>\n<p><strong>LEIA TAMB\u00c9M:<\/strong><\/p>\n<p><strong>\u00a0<\/strong><strong>ARQUITETURA: A ALMA DO EMPREENDIMENTO EST\u00c1 DENTRO DO ESCRIT\u00d3RIO DA PROMA. <a href=\"https:\/\/www.proma.com.br\/blog\/arquitetura-a-alma-do-empreendimento-esta-dentro-do-escritorio-da-proma\/\">CLIQUE AQUI<\/a> E SAIBA MAIS.<\/strong><\/p>\n<p><strong>SUSTENTABILIDADE: DICAS PARA ECONOMIZAR ENERGIA EL\u00c9TRICA.<a href=\"https:\/\/www.proma.com.br\/blog\/sustentabilidade-dicas-para-economizar-energia-eletrica\/\"> CLIQUE AQUI<\/a> E SAIBA MAIS.<\/strong><\/p>\n","protected":false},"excerpt":{"rendered":"<p>\u00c9 ineg\u00e1vel! Somos ref\u00e9ns absolutos da energia el\u00e9trica e, em um mundo cada vez mais conectado, a instala\u00e7\u00e3o das tomadas e dos interruptores em uma altura ideal \u00e9 um detalhe que n\u00e3o pode ser negligenciado. Afinal, a aus\u00eancia de um&hellip;<\/p>\n","protected":false},"author":3,"featured_media":7649,"comment_status":"open","ping_status":"closed","sticky":false,"template":"","format":"standard","meta":[],"categories":[2927,1145,5],"tags":[2926],"_links":{"self":[{"href":"https:\/\/www.proma.com.br\/blog\/wp-json\/wp\/v2\/posts\/7656"}],"collection":[{"href":"https:\/\/www.proma.com.br\/blog\/wp-json\/wp\/v2\/posts"}],"about":[{"href":"https:\/\/www.proma.com.br\/blog\/wp-json\/wp\/v2\/types\/post"}],"author":[{"embeddable":true,"href":"https:\/\/www.proma.com.br\/blog\/wp-json\/wp\/v2\/users\/3"}],"replies":[{"embeddable":true,"href":"https:\/\/www.proma.com.br\/blog\/wp-json\/wp\/v2\/comments?post=7656"}],"version-history":[{"count":2,"href":"https:\/\/www.proma.com.br\/blog\/wp-json\/wp\/v2\/posts\/7656\/revisions"}],"predecessor-version":[{"id":7658,"href":"https:\/\/www.proma.com.br\/blog\/wp-json\/wp\/v2\/posts\/7656\/revisions\/7658"}],"wp:featuredmedia":[{"embeddable":true,"href":"https:\/\/www.proma.com.br\/blog\/wp-json\/wp\/v2\/media\/7649"}],"wp:attachment":[{"href":"https:\/\/www.proma.com.br\/blog\/wp-json\/wp\/v2\/media?parent=7656"}],"wp:term":[{"taxonomy":"category","embeddable":true,"href":"https:\/\/www.proma.com.br\/blog\/wp-json\/wp\/v2\/categories?post=7656"},{"taxonomy":"post_tag","embeddable":true,"href":"https:\/\/www.proma.com.br\/blog\/wp-json\/wp\/v2\/tags?post=7656"}],"curies":[{"name":"wp","href":"https:\/\/api.w.org\/{rel}","templated":true}]}}