{"id":7700,"date":"2021-07-08T09:00:19","date_gmt":"2021-07-08T12:00:19","guid":{"rendered":"http:\/\/www.proma.com.br\/blog\/?p=7700"},"modified":"2021-02-04T08:30:53","modified_gmt":"2021-02-04T11:30:53","slug":"5-dicas-para-decorar-o-seu-apartamento-na-praia","status":"publish","type":"post","link":"https:\/\/www.proma.com.br\/blog\/5-dicas-para-decorar-o-seu-apartamento-na-praia\/","title":{"rendered":"5 DICAS PARA DECORAR O SEU APARTAMENTO NA PRAIA"},"content":{"rendered":"<p><img loading=\"lazy\" class=\"alignnone size-medium wp-image-7701\" src=\"http:\/\/www.proma.com.br\/blog\/wp-content\/uploads\/2021\/01\/1-1-960x480.jpeg\" alt=\"\" width=\"960\" height=\"480\" srcset=\"https:\/\/www.proma.com.br\/blog\/wp-content\/uploads\/2021\/01\/1-1-960x480.jpeg 960w, https:\/\/www.proma.com.br\/blog\/wp-content\/uploads\/2021\/01\/1-1-768x384.jpeg 768w, https:\/\/www.proma.com.br\/blog\/wp-content\/uploads\/2021\/01\/1-1-1024x512.jpeg 1024w, https:\/\/www.proma.com.br\/blog\/wp-content\/uploads\/2021\/01\/1-1-500x250.jpeg 500w, https:\/\/www.proma.com.br\/blog\/wp-content\/uploads\/2021\/01\/1-1.jpeg 1280w\" sizes=\"(max-width: 960px) 100vw, 960px\" \/><\/p>\n<p>Um apartamento na praia \u00e9 feito para repor a energia, reunir a fam\u00edlia e os amigos, al\u00e9m de proporcionar um merecido descanso.<\/p>\n<p>Por esse motivo, a decora\u00e7\u00e3o deve ser leve e iluminada, encorajando o relaxamento \u2013 e a divers\u00e3o.<\/p>\n<p>Elaboramos 5 dicas inspiradoras para que voc\u00ea possa definir todos os detalhes, como as cores das paredes, as cortinas e o mobili\u00e1rio.<\/p>\n<p>&nbsp;<\/p>\n<p><strong>Os registros s\u00e3o do Blue Waves Residences, nosso empreendimento de alt\u00edssimo padr\u00e3o em Pi\u00e7arras\/SC. <a href=\"https:\/\/www.proma.com.br\/empreendimentos\/blue-waves-residences\/planta\/81#imoveis-a-venda\">Clique aqui<\/a> e conhe\u00e7a.<\/strong><\/p>\n<p>&nbsp;<\/p>\n<p><strong>1 \u2013 FUNCIONALIDADE EM PRIMEIRO LUGAR<\/strong><\/p>\n<p>A decora\u00e7\u00e3o de um apartamento de praia pede funcionalidade. O universo mar\u00edtimo e o da pesca fornece muitas ideias para objetos decorativos e at\u00e9 mesmo m\u00f3veis de bambu, madeira naval, vime e tecidos crus.<\/p>\n<p><strong>2 \u2013 CUIDADO NA ESCOLHA DOS MATERIAIS<\/strong><\/p>\n<p>A maresia pode ser a inimiga n\u00famero 1 de materiais como ferro e outros metais, pois eles podem sofrer corros\u00e3o em pouco tempo. A madeira e o alum\u00ednio s\u00e3o os ideais nesse caso.<\/p>\n<p>N\u00e3o esque\u00e7a de prestar aten\u00e7\u00e3o nos tecidos escolhidos para cadeiras, almofadas e estofados. Os sint\u00e9ticos e imperme\u00e1veis costumam suportar melhor a umidade causada pelas roupas de banho, que eventualmente podem estar molhadas.<\/p>\n<p><img loading=\"lazy\" class=\"alignnone size-medium wp-image-7702\" src=\"http:\/\/www.proma.com.br\/blog\/wp-content\/uploads\/2021\/01\/2-2-960x640.jpeg\" alt=\"\" width=\"960\" height=\"640\" srcset=\"https:\/\/www.proma.com.br\/blog\/wp-content\/uploads\/2021\/01\/2-2-960x640.jpeg 960w, https:\/\/www.proma.com.br\/blog\/wp-content\/uploads\/2021\/01\/2-2-768x512.jpeg 768w, https:\/\/www.proma.com.br\/blog\/wp-content\/uploads\/2021\/01\/2-2-1024x682.jpeg 1024w, https:\/\/www.proma.com.br\/blog\/wp-content\/uploads\/2021\/01\/2-2-450x300.jpeg 450w, https:\/\/www.proma.com.br\/blog\/wp-content\/uploads\/2021\/01\/2-2.jpeg 1280w\" sizes=\"(max-width: 960px) 100vw, 960px\" \/><\/p>\n<p><strong>3 \u2013 AREIA X REVESTIMENTO<\/strong><\/p>\n<p>Na hora de pensar no tipo de revestimento, \u00e9 preciso levar em considera\u00e7\u00e3o a forma com que a superf\u00edcie do piso vai lidar com a fric\u00e7\u00e3o causada por passadas cheias de areia.<\/p>\n<p>Assoalhos e alguns modelos de cer\u00e2mica podem arranhar com mais facilidade. F\u00e1ceis de limpar, os porcelanatos e o cimento queimado s\u00e3o \u00f3timas op\u00e7\u00f5es. A possibilidade de escolher um modelo antiderrapante deve ser avaliada.<\/p>\n<p><strong>4 \u2013 AS CORTINAS IDEAIS<\/strong><\/p>\n<p>As cortinas de materiais leves, como o voal, e em tons claros n\u00e3o pesam o ambiente e n\u00e3o interferem na entrada de luz. Em contrapartida, oferecem pouca prote\u00e7\u00e3o contra a maresia e podem ser desconfort\u00e1veis nos quartos de dormir. O linho \u00e9 um tecido que costuma servir bem, j\u00e1 que fica no meio termo entre leve e pesado e \u00e9 f\u00e1cil de limpar.<\/p>\n<p><strong>5 \u2013 O COLORIDO NAS PAREDES<\/strong><\/p>\n<p><img loading=\"lazy\" class=\"alignnone size-medium wp-image-7703\" src=\"http:\/\/www.proma.com.br\/blog\/wp-content\/uploads\/2021\/01\/3-1-960x720.jpeg\" alt=\"\" width=\"960\" height=\"720\" srcset=\"https:\/\/www.proma.com.br\/blog\/wp-content\/uploads\/2021\/01\/3-1-960x720.jpeg 960w, https:\/\/www.proma.com.br\/blog\/wp-content\/uploads\/2021\/01\/3-1-768x576.jpeg 768w, https:\/\/www.proma.com.br\/blog\/wp-content\/uploads\/2021\/01\/3-1-1024x768.jpeg 1024w, https:\/\/www.proma.com.br\/blog\/wp-content\/uploads\/2021\/01\/3-1-400x300.jpeg 400w, https:\/\/www.proma.com.br\/blog\/wp-content\/uploads\/2021\/01\/3-1.jpeg 1280w\" sizes=\"(max-width: 960px) 100vw, 960px\" \/><\/p>\n<p>O branco \u00e9 sempre uma escolha acertada, j\u00e1 que permite uma s\u00e9rie de combina\u00e7\u00f5es entre m\u00f3veis e objetos decorativos. Tons pastel t\u00eam o mesmo efeito, e transmitem leveza e calmaria.<\/p>\n<p>Gostou das dicas?<\/p>\n<p><strong>O seu apartamento no Blue Waves Residences merece toda a sua aten\u00e7\u00e3o e carinho para dias incr\u00edveis com vista para o mar!<\/strong><\/p>\n<p>&nbsp;<\/p>\n<p><strong>Fonte:<\/strong> WEG<\/p>\n<p><strong>________<\/strong><\/p>\n<p><strong>LEIA TAMB\u00c9M:<\/strong><\/p>\n<p><strong>\u00a0<\/strong><strong>RECUPERA\u00c7\u00c3O ACELERADA DO MERCADO IMOBILI\u00c1RIO ABRE UMA GRANDE JANELA DE OPORTUNIDADES. <a href=\"https:\/\/www.proma.com.br\/blog\/recuperacao-acelerada-do-mercado-imobiliario-abre-uma-grande-janela-de-oportunidades\/\">CLIQUE AQUI<\/a> E SAIBA MAIS.<\/strong><\/p>\n<p><strong>POR QUE INVESTIR NO MERCADO IMOBILI\u00c1RIO? <a href=\"https:\/\/www.proma.com.br\/blog\/por-que-investir-no-mercado-imobiliario\/\">CLIQUE AQUI<\/a> E SAIBA MAIS.<\/strong><\/p>\n<p>&nbsp;<\/p>\n","protected":false},"excerpt":{"rendered":"<p>Um apartamento na praia \u00e9 feito para repor a energia, reunir a fam\u00edlia e os amigos, al\u00e9m de proporcionar um merecido descanso. Por esse motivo, a decora\u00e7\u00e3o deve ser leve e iluminada, encorajando o relaxamento \u2013 e a divers\u00e3o. Elaboramos&hellip;<\/p>\n","protected":false},"author":3,"featured_media":7701,"comment_status":"open","ping_status":"closed","sticky":false,"template":"","format":"standard","meta":[],"categories":[1,2927,1145,5],"tags":[70,2947,1960],"_links":{"self":[{"href":"https:\/\/www.proma.com.br\/blog\/wp-json\/wp\/v2\/posts\/7700"}],"collection":[{"href":"https:\/\/www.proma.com.br\/blog\/wp-json\/wp\/v2\/posts"}],"about":[{"href":"https:\/\/www.proma.com.br\/blog\/wp-json\/wp\/v2\/types\/post"}],"author":[{"embeddable":true,"href":"https:\/\/www.proma.com.br\/blog\/wp-json\/wp\/v2\/users\/3"}],"replies":[{"embeddable":true,"href":"https:\/\/www.proma.com.br\/blog\/wp-json\/wp\/v2\/comments?post=7700"}],"version-history":[{"count":3,"href":"https:\/\/www.proma.com.br\/blog\/wp-json\/wp\/v2\/posts\/7700\/revisions"}],"predecessor-version":[{"id":7714,"href":"https:\/\/www.proma.com.br\/blog\/wp-json\/wp\/v2\/posts\/7700\/revisions\/7714"}],"wp:featuredmedia":[{"embeddable":true,"href":"https:\/\/www.proma.com.br\/blog\/wp-json\/wp\/v2\/media\/7701"}],"wp:attachment":[{"href":"https:\/\/www.proma.com.br\/blog\/wp-json\/wp\/v2\/media?parent=7700"}],"wp:term":[{"taxonomy":"category","embeddable":true,"href":"https:\/\/www.proma.com.br\/blog\/wp-json\/wp\/v2\/categories?post=7700"},{"taxonomy":"post_tag","embeddable":true,"href":"https:\/\/www.proma.com.br\/blog\/wp-json\/wp\/v2\/tags?post=7700"}],"curies":[{"name":"wp","href":"https:\/\/api.w.org\/{rel}","templated":true}]}}