{"id":7718,"date":"2021-07-22T09:00:33","date_gmt":"2021-07-22T12:00:33","guid":{"rendered":"http:\/\/www.proma.com.br\/blog\/?p=7718"},"modified":"2021-02-04T08:31:06","modified_gmt":"2021-02-04T11:31:06","slug":"dicas-de-iluminacao-para-valorizar-o-seu-lar","status":"publish","type":"post","link":"https:\/\/www.proma.com.br\/blog\/dicas-de-iluminacao-para-valorizar-o-seu-lar\/","title":{"rendered":"DICAS DE ILUMINA\u00c7\u00c3O PARA VALORIZAR O SEU LAR"},"content":{"rendered":"<p>Da entrada \u00e0 sa\u00edda: voc\u00ea quer saber como valorizar a sua casa ou apartamento? Explore o poder da luz!<\/p>\n<p>Com uma ilumina\u00e7\u00e3o correta voc\u00ea pode dar destaque a determinados elementos ou \u201cjogar\u201d com luz e sombras.<\/p>\n<p>Vamos \u00e0s dicas?<\/p>\n<p>&nbsp;<\/p>\n<p><strong>SPOTS COM DICR\u00d3ICAS<\/strong><\/p>\n<p><img loading=\"lazy\" class=\"alignnone size-full wp-image-7705\" src=\"http:\/\/www.proma.com.br\/blog\/wp-content\/uploads\/2021\/01\/5.png\" alt=\"\" width=\"900\" height=\"406\" srcset=\"https:\/\/www.proma.com.br\/blog\/wp-content\/uploads\/2021\/01\/5.png 900w, https:\/\/www.proma.com.br\/blog\/wp-content\/uploads\/2021\/01\/5-768x346.png 768w, https:\/\/www.proma.com.br\/blog\/wp-content\/uploads\/2021\/01\/5-500x226.png 500w\" sizes=\"(max-width: 900px) 100vw, 900px\" \/><\/p>\n<p>Se voc\u00ea tiver quadros ou uma parede texturizada na entrada, os spots com dicr\u00f3icas s\u00e3o a melhor pedida. Os detalhes da decora\u00e7\u00e3o ganham destaque com a luz vinda de cima \u2013 efeito <em>wall washing<\/em>.<\/p>\n<p>&nbsp;<\/p>\n<p><strong>PENDENTES MODERNOS<\/strong><\/p>\n<p><img loading=\"lazy\" class=\"alignnone size-full wp-image-7706\" src=\"http:\/\/www.proma.com.br\/blog\/wp-content\/uploads\/2021\/01\/6.png\" alt=\"\" width=\"900\" height=\"406\" srcset=\"https:\/\/www.proma.com.br\/blog\/wp-content\/uploads\/2021\/01\/6.png 900w, https:\/\/www.proma.com.br\/blog\/wp-content\/uploads\/2021\/01\/6-768x346.png 768w, https:\/\/www.proma.com.br\/blog\/wp-content\/uploads\/2021\/01\/6-500x226.png 500w\" sizes=\"(max-width: 900px) 100vw, 900px\" \/><\/p>\n<p>Para entradas com um p\u00e9 direito mais alto e um espa\u00e7o amplo de sala ou hall, o pendente com design arrojado \u00e9 uma das dicas de ilumina\u00e7\u00e3o. Al\u00e9m de complementar a decora\u00e7\u00e3o do ambiente, tamb\u00e9m preenche o espa\u00e7o com muito estilo.<\/p>\n<p>&nbsp;<\/p>\n<p><strong>SPOTS NO CH\u00c3O<\/strong><\/p>\n<p><img loading=\"lazy\" class=\"alignnone size-full wp-image-7707\" src=\"http:\/\/www.proma.com.br\/blog\/wp-content\/uploads\/2021\/01\/7.png\" alt=\"\" width=\"900\" height=\"406\" srcset=\"https:\/\/www.proma.com.br\/blog\/wp-content\/uploads\/2021\/01\/7.png 900w, https:\/\/www.proma.com.br\/blog\/wp-content\/uploads\/2021\/01\/7-768x346.png 768w, https:\/\/www.proma.com.br\/blog\/wp-content\/uploads\/2021\/01\/7-500x226.png 500w\" sizes=\"(max-width: 900px) 100vw, 900px\" \/><\/p>\n<p>Pontos de luz podem ser adicionados no ch\u00e3o quando h\u00e1 um corredor ou escada para guiar o visitante at\u00e9 o pr\u00f3ximo ambiente da casa ou apartamento. Esse truque de ilumina\u00e7\u00e3o traz um ar requintado ao seu lar.<\/p>\n<p>&nbsp;<\/p>\n<p><strong>\u00a0<\/strong><strong>LUZES AMARELAS<\/strong><\/p>\n<p><img loading=\"lazy\" class=\"alignnone size-full wp-image-7708\" src=\"http:\/\/www.proma.com.br\/blog\/wp-content\/uploads\/2021\/01\/8.png\" alt=\"\" width=\"900\" height=\"406\" srcset=\"https:\/\/www.proma.com.br\/blog\/wp-content\/uploads\/2021\/01\/8.png 900w, https:\/\/www.proma.com.br\/blog\/wp-content\/uploads\/2021\/01\/8-768x346.png 768w, https:\/\/www.proma.com.br\/blog\/wp-content\/uploads\/2021\/01\/8-500x226.png 500w\" sizes=\"(max-width: 900px) 100vw, 900px\" \/><\/p>\n<p>Voc\u00ea tamb\u00e9m pode criar um clima aconchegante logo na entrada da sua casa adotando luzes amarelas ao inv\u00e9s das brancas. Com um toque dourado, mais quente, ela traz um descanso para os olhos, deixando o ambiente mais confort\u00e1vel.<\/p>\n<p>&nbsp;<\/p>\n<p><strong>SPOTS DECORATIVOS<\/strong><\/p>\n<p><img loading=\"lazy\" class=\"alignnone size-full wp-image-7709\" src=\"http:\/\/www.proma.com.br\/blog\/wp-content\/uploads\/2021\/01\/9.png\" alt=\"\" width=\"900\" height=\"406\" srcset=\"https:\/\/www.proma.com.br\/blog\/wp-content\/uploads\/2021\/01\/9.png 900w, https:\/\/www.proma.com.br\/blog\/wp-content\/uploads\/2021\/01\/9-768x346.png 768w, https:\/\/www.proma.com.br\/blog\/wp-content\/uploads\/2021\/01\/9-500x226.png 500w\" sizes=\"(max-width: 900px) 100vw, 900px\" \/><\/p>\n<p>Caso a porta de entrada da sua casa ou apartamento abra em frente a uma parede, uma das dicas de ilumina\u00e7\u00e3o \u00e9 criar desenhos geom\u00e9tricos com spots e brincar com os efeitos e formatos dos feixes de luz, dando um efeito decorativo e inusitado no seu hall.<\/p>\n<p>Inspira\u00e7\u00e3o \u00e9 o que n\u00e3o falta!<\/p>\n<p>Gostou?<\/p>\n<p><strong>Fonte:<\/strong> WEG<\/p>\n<p><strong>\u00a0<\/strong><strong>________<\/strong><\/p>\n<p><strong>LEIA TAMB\u00c9M:<\/strong><\/p>\n<p><strong>\u00a0<\/strong><strong>INCID\u00caNCIA DE LUZ NA MEDIDA CERTA. <a href=\"https:\/\/www.proma.com.br\/blog\/incidencia-de-luz-na-medida-certa\/\">CLIQUE AQUI<\/a> E SAIBA MAIS.<\/strong><\/p>\n<p><strong>CERTIFICA\u00c7\u00c3O WELL: PESSOAS, SA\u00daDE E BEM-ESTAR. <a href=\"https:\/\/www.proma.com.br\/blog\/coluna-certificacao-well-pessoas-saude-e-bem-estar\/\">CLIQUE AQUI<\/a> E SAIBA MAIS.<\/strong><\/p>\n","protected":false},"excerpt":{"rendered":"<p>Da entrada \u00e0 sa\u00edda: voc\u00ea quer saber como valorizar a sua casa ou apartamento? Explore o poder da luz! Com uma ilumina\u00e7\u00e3o correta voc\u00ea pode dar destaque a determinados elementos ou \u201cjogar\u201d com luz e sombras. Vamos \u00e0s dicas? &nbsp;&hellip;<\/p>\n","protected":false},"author":3,"featured_media":7707,"comment_status":"open","ping_status":"closed","sticky":false,"template":"","format":"standard","meta":[],"categories":[1,2,5],"tags":[555,2634],"_links":{"self":[{"href":"https:\/\/www.proma.com.br\/blog\/wp-json\/wp\/v2\/posts\/7718"}],"collection":[{"href":"https:\/\/www.proma.com.br\/blog\/wp-json\/wp\/v2\/posts"}],"about":[{"href":"https:\/\/www.proma.com.br\/blog\/wp-json\/wp\/v2\/types\/post"}],"author":[{"embeddable":true,"href":"https:\/\/www.proma.com.br\/blog\/wp-json\/wp\/v2\/users\/3"}],"replies":[{"embeddable":true,"href":"https:\/\/www.proma.com.br\/blog\/wp-json\/wp\/v2\/comments?post=7718"}],"version-history":[{"count":3,"href":"https:\/\/www.proma.com.br\/blog\/wp-json\/wp\/v2\/posts\/7718\/revisions"}],"predecessor-version":[{"id":7720,"href":"https:\/\/www.proma.com.br\/blog\/wp-json\/wp\/v2\/posts\/7718\/revisions\/7720"}],"wp:featuredmedia":[{"embeddable":true,"href":"https:\/\/www.proma.com.br\/blog\/wp-json\/wp\/v2\/media\/7707"}],"wp:attachment":[{"href":"https:\/\/www.proma.com.br\/blog\/wp-json\/wp\/v2\/media?parent=7718"}],"wp:term":[{"taxonomy":"category","embeddable":true,"href":"https:\/\/www.proma.com.br\/blog\/wp-json\/wp\/v2\/categories?post=7718"},{"taxonomy":"post_tag","embeddable":true,"href":"https:\/\/www.proma.com.br\/blog\/wp-json\/wp\/v2\/tags?post=7718"}],"curies":[{"name":"wp","href":"https:\/\/api.w.org\/{rel}","templated":true}]}}