{"id":7744,"date":"2021-08-26T09:00:27","date_gmt":"2021-08-26T12:00:27","guid":{"rendered":"http:\/\/www.proma.com.br\/blog\/?p=7744"},"modified":"2021-01-21T15:27:24","modified_gmt":"2021-01-21T18:27:24","slug":"revestimento-para-churrasqueira-4-inspiracoes","status":"publish","type":"post","link":"https:\/\/www.proma.com.br\/blog\/revestimento-para-churrasqueira-4-inspiracoes\/","title":{"rendered":"REVESTIMENTO PARA CHURRASQUEIRA: 4 INSPIRA\u00c7\u00d5ES"},"content":{"rendered":"<p><strong>\u00a0<\/strong>Os revestimentos para a churrasqueira precisam levar em considera\u00e7\u00e3o 2 fatores: facilidade para limpar e resist\u00eancia \u00e0s altas temperaturas.<\/p>\n<p>Para ajudar voc\u00ea no seu projeto, separamos 4 (lindas!) inspira\u00e7\u00f5es.<\/p>\n<p>Confira!<\/p>\n<p>&nbsp;<\/p>\n<p><strong>AZULEJARIA MODERNA<\/strong><\/p>\n<p><img loading=\"lazy\" class=\"alignnone size-full wp-image-7732\" src=\"http:\/\/www.proma.com.br\/blog\/wp-content\/uploads\/2021\/01\/8-2.jpeg\" alt=\"\" width=\"853\" height=\"1280\" srcset=\"https:\/\/www.proma.com.br\/blog\/wp-content\/uploads\/2021\/01\/8-2.jpeg 853w, https:\/\/www.proma.com.br\/blog\/wp-content\/uploads\/2021\/01\/8-2-768x1152.jpeg 768w, https:\/\/www.proma.com.br\/blog\/wp-content\/uploads\/2021\/01\/8-2-200x300.jpeg 200w\" sizes=\"(max-width: 853px) 100vw, 853px\" \/><\/p>\n<p>Dif\u00edcil n\u00e3o associar o tom de azul apagadinho com o clima portugu\u00eas. O mix de estampas do porcelanato \u00e9 o grande destaque deste projeto do escrit\u00f3rio Bianchi &amp; Lima. A serralheria preta das prateleiras elevadas e ao redor da coifa trazem o conjunto para os dias atuais.<\/p>\n<p>&nbsp;<\/p>\n<p><strong>PEDRA NA PALETA<\/strong><\/p>\n<p><img loading=\"lazy\" class=\"alignnone size-full wp-image-7733\" src=\"http:\/\/www.proma.com.br\/blog\/wp-content\/uploads\/2021\/01\/9-1.jpeg\" alt=\"\" width=\"811\" height=\"1280\" srcset=\"https:\/\/www.proma.com.br\/blog\/wp-content\/uploads\/2021\/01\/9-1.jpeg 811w, https:\/\/www.proma.com.br\/blog\/wp-content\/uploads\/2021\/01\/9-1-768x1212.jpeg 768w, https:\/\/www.proma.com.br\/blog\/wp-content\/uploads\/2021\/01\/9-1-190x300.jpeg 190w\" sizes=\"(max-width: 811px) 100vw, 811px\" \/><\/p>\n<p>Preto, branco e cinza bastaram para a equipe do escrit\u00f3rio Inside Arquitetura e Design criar o canto de lazer. Bancadas e front\u00e3o tomam partido do granito preto S\u00e3o Gabriel e o complemento das \u00e1reas livres de calor ganhou arremate com azulejos.<\/p>\n<p>&nbsp;<\/p>\n<p><strong>OLHAR GR\u00c1FICO<\/strong><\/p>\n<p><img loading=\"lazy\" class=\"alignnone size-full wp-image-7734\" src=\"http:\/\/www.proma.com.br\/blog\/wp-content\/uploads\/2021\/01\/10-1.jpeg\" alt=\"\" width=\"853\" height=\"1280\" srcset=\"https:\/\/www.proma.com.br\/blog\/wp-content\/uploads\/2021\/01\/10-1.jpeg 853w, https:\/\/www.proma.com.br\/blog\/wp-content\/uploads\/2021\/01\/10-1-768x1152.jpeg 768w, https:\/\/www.proma.com.br\/blog\/wp-content\/uploads\/2021\/01\/10-1-200x300.jpeg 200w\" sizes=\"(max-width: 853px) 100vw, 853px\" \/><\/p>\n<p>Os arm\u00e1rios vermelhos atraem os olhos para o trabalho da arquiteta Michelle Machado. No entanto, isso s\u00f3 \u00e9 poss\u00edvel gra\u00e7as \u00e0 base clean e elegante que escolheu os azulejos para o front\u00e3o e o granito preto para as \u00e1reas de bancada. Na \u00e1rea interna da ilha, uma brincadeira geom\u00e9trica com o revestimento Guanabara.<\/p>\n<p>&nbsp;<\/p>\n<p><strong>TEMPERE COM COR<\/strong><\/p>\n<p><img loading=\"lazy\" class=\"alignnone size-full wp-image-7735\" src=\"http:\/\/www.proma.com.br\/blog\/wp-content\/uploads\/2021\/01\/11-1.jpeg\" alt=\"\" width=\"854\" height=\"1280\" srcset=\"https:\/\/www.proma.com.br\/blog\/wp-content\/uploads\/2021\/01\/11-1.jpeg 854w, https:\/\/www.proma.com.br\/blog\/wp-content\/uploads\/2021\/01\/11-1-768x1151.jpeg 768w, https:\/\/www.proma.com.br\/blog\/wp-content\/uploads\/2021\/01\/11-1-200x300.jpeg 200w\" sizes=\"(max-width: 854px) 100vw, 854px\" \/><\/p>\n<p>Na parte mais alta da churrasqueira, pastilhas amarelas tornam o cantinho da varanda mais alegre. A for\u00e7a da cor se destaca diante do branco do quartzo presente na bancada e no front\u00e3o alto. Trabalho da designer de interiores Vanessa Coelho.<\/p>\n<p>Qual \u00e9 a inspira\u00e7\u00e3o que vai ao encontro da sua personalidade?<\/p>\n<p><strong>\u00a0<\/strong><strong>Fonte: <\/strong>Casa Vogue<\/p>\n<p><strong>________<\/strong><\/p>\n<p><strong>LEIA TAMB\u00c9M:<\/strong><\/p>\n<p><strong>\u00a0<\/strong><strong>COMO HARMONIZAR CERVEJA COM CHURRASCO? <a href=\"https:\/\/www.proma.com.br\/blog\/como-harmonizar-cerveja-com-churrasco\/\">CLIQUE AQUI<\/a> E SAIBA MAIS.<\/strong><\/p>\n<p><strong>COMO MANTER A CASA LIVRE DE INSETOS? <a href=\"https:\/\/www.proma.com.br\/blog\/como-manter-a-casa-livre-de-insetos\/\">CLIQUE AQUI<\/a> E SAIBA MAIS.<\/strong><\/p>\n","protected":false},"excerpt":{"rendered":"<p>\u00a0Os revestimentos para a churrasqueira precisam levar em considera\u00e7\u00e3o 2 fatores: facilidade para limpar e resist\u00eancia \u00e0s altas temperaturas. Para ajudar voc\u00ea no seu projeto, separamos 4 (lindas!) inspira\u00e7\u00f5es. Confira! &nbsp; AZULEJARIA MODERNA Dif\u00edcil n\u00e3o associar o tom de azul&hellip;<\/p>\n","protected":false},"author":3,"featured_media":7735,"comment_status":"open","ping_status":"closed","sticky":false,"template":"","format":"standard","meta":[],"categories":[2,1145,5],"tags":[195,2966,2967],"_links":{"self":[{"href":"https:\/\/www.proma.com.br\/blog\/wp-json\/wp\/v2\/posts\/7744"}],"collection":[{"href":"https:\/\/www.proma.com.br\/blog\/wp-json\/wp\/v2\/posts"}],"about":[{"href":"https:\/\/www.proma.com.br\/blog\/wp-json\/wp\/v2\/types\/post"}],"author":[{"embeddable":true,"href":"https:\/\/www.proma.com.br\/blog\/wp-json\/wp\/v2\/users\/3"}],"replies":[{"embeddable":true,"href":"https:\/\/www.proma.com.br\/blog\/wp-json\/wp\/v2\/comments?post=7744"}],"version-history":[{"count":1,"href":"https:\/\/www.proma.com.br\/blog\/wp-json\/wp\/v2\/posts\/7744\/revisions"}],"predecessor-version":[{"id":7745,"href":"https:\/\/www.proma.com.br\/blog\/wp-json\/wp\/v2\/posts\/7744\/revisions\/7745"}],"wp:featuredmedia":[{"embeddable":true,"href":"https:\/\/www.proma.com.br\/blog\/wp-json\/wp\/v2\/media\/7735"}],"wp:attachment":[{"href":"https:\/\/www.proma.com.br\/blog\/wp-json\/wp\/v2\/media?parent=7744"}],"wp:term":[{"taxonomy":"category","embeddable":true,"href":"https:\/\/www.proma.com.br\/blog\/wp-json\/wp\/v2\/categories?post=7744"},{"taxonomy":"post_tag","embeddable":true,"href":"https:\/\/www.proma.com.br\/blog\/wp-json\/wp\/v2\/tags?post=7744"}],"curies":[{"name":"wp","href":"https:\/\/api.w.org\/{rel}","templated":true}]}}