{"id":7850,"date":"2021-09-27T08:16:00","date_gmt":"2021-09-27T11:16:00","guid":{"rendered":"http:\/\/www.proma.com.br\/blog\/?p=7850"},"modified":"2021-11-01T08:23:41","modified_gmt":"2021-11-01T11:23:41","slug":"residencial-gardenia-seja-bem-vindo-o-lar-e-seu","status":"publish","type":"post","link":"https:\/\/www.proma.com.br\/blog\/residencial-gardenia-seja-bem-vindo-o-lar-e-seu\/","title":{"rendered":"RESIDENCIAL GARD\u00caNIA: SEJA BEM-VINDO. O LAR \u00c9 SEU!"},"content":{"rendered":"\n<figure class=\"wp-block-image size-large\"><img loading=\"lazy\" width=\"1024\" height=\"683\" src=\"http:\/\/www.proma.com.br\/blog\/wp-content\/uploads\/2021\/11\/25-09_Proma_Gardenia_0060-1024x683.jpg\" alt=\"\" class=\"wp-image-7863\" srcset=\"https:\/\/www.proma.com.br\/blog\/wp-content\/uploads\/2021\/11\/25-09_Proma_Gardenia_0060-1024x683.jpg 1024w, https:\/\/www.proma.com.br\/blog\/wp-content\/uploads\/2021\/11\/25-09_Proma_Gardenia_0060-960x640.jpg 960w, https:\/\/www.proma.com.br\/blog\/wp-content\/uploads\/2021\/11\/25-09_Proma_Gardenia_0060-768x512.jpg 768w, https:\/\/www.proma.com.br\/blog\/wp-content\/uploads\/2021\/11\/25-09_Proma_Gardenia_0060-1536x1024.jpg 1536w, https:\/\/www.proma.com.br\/blog\/wp-content\/uploads\/2021\/11\/25-09_Proma_Gardenia_0060-2048x1366.jpg 2048w, https:\/\/www.proma.com.br\/blog\/wp-content\/uploads\/2021\/11\/25-09_Proma_Gardenia_0060-450x300.jpg 450w\" sizes=\"(max-width: 1024px) 100vw, 1024px\" \/><figcaption>25.09.2021 | Entrega Residencial Gard\u00eania \u2022 Jaragu\u00e1 do Sul \u2022 Construtora Proma | Fot\u00f3grafo: Diego Jarschel<\/figcaption><\/figure>\n\n\n\n<p>Todo sonho precisa de persist\u00eancia, planejamento e disposi\u00e7\u00e3o. Sem acreditar \u00e9 imposs\u00edvel realizar. H\u00e1 de se ter f\u00e9, amor e clareza \u2013 sobre o que se espera e sobre o que se faz. E para quem se faz. H\u00e1 30 anos, \u00e9 assim que a Proma constr\u00f3i uma trajet\u00f3ria baseada na realiza\u00e7\u00e3o dos pr\u00f3prios sonhos e dos sonhos de quem conquista o pr\u00f3prio lar.<\/p>\n\n\n\n<p>No s\u00e1bado, 25, a Proma renovou o sentimento de miss\u00e3o cumprida com a inaugura\u00e7\u00e3o do Residencial Gard\u00eania \u00ad\u2013 empreendimento localizado na Rua Prefeito Jos\u00e9 Bauer, no bairro Rau, em Jaragu\u00e1 do Sul. \u201cO brilho de satisfa\u00e7\u00e3o no olhar de cada morador \u00e9 o que nos impulsiona\u201d, afirma Paulo Obenaus, diretor da construtora.<\/p>\n\n\n\n<p>O evento de confraterniza\u00e7\u00e3o contou com a presen\u00e7a de clientes, colaboradores e amigos, al\u00e9m de representantes da Prefeitura Municipal de Jaragu\u00e1 do Sul, da Caixa Econ\u00f4mica Federal, da Habitar e da Invest.<\/p>\n\n\n\n<p>Johanna Steiner dos Santos, Superintendente Executiva de Varejo da Caixa Econ\u00f4mica Federal, ag\u00eancia de Jaragu\u00e1 do Sul, declara que \u00e9 motivo de muito orgulho para a Caixa entregar um empreendimento t\u00e3o lindo. \u201cA Proma, como sempre, executou tudo cuidando dos m\u00ednimos detalhes. Temos certeza de que todos os moradores foram surpreendidos\u201d, declara.<\/p>\n\n\n\n<p>Obenaus destaca que o Residencial Gard\u00eania foi constru\u00eddo durante a pandemia da Covid-19.<strong> <\/strong>\u201cN\u00f3s<strong> <\/strong>vivenciamos um per\u00edodo muito dif\u00edcil. Nos deparamos com dificuldades nunca enfrentadas. As incertezas nos levaram \u00e0 reinven\u00e7\u00e3o. A responsabilidade nos exigiu a inclus\u00e3o de protocolos de seguran\u00e7a. Tivemos desafios com m\u00e3o de obra materiais. \u00c9 por isso que chegar at\u00e9 aqui \u00e9 muito gratificante\u201d, explica.<\/p>\n\n\n\n<p><strong>MELHORIAS QUE SURPREENDEM. E ENCANTAM!<\/strong><\/p>\n\n\n\n<p>Revestimento do reboco das paredes internas de gesso, esquadrias mais resistentes, padr\u00e3o de acabamento superior, al\u00e9m das portas internas e rodap\u00e9s brancos \u2013 mais uma vez, a Proma surpreende os moradores entregando al\u00e9m do esperado. \u201c\u00c9 motivo de orgulho saber que o Residencial Gard\u00eania \u00e9 um empreendimento com uma valoriza\u00e7\u00e3o muito expressiva\u201d, sinaliza Obenaus.<\/p>\n\n\n\n<p>Obenaus aproveitou o evento para agradecer aos engenheiros Jo\u00e3o Guilherme Izidoro e Alan Gruber, respons\u00e1veis pela obra. \u201cUma dose extra de empenho e de comprometimento foi extremamente necess\u00e1ria para que cumpr\u00edssemos o prazo de entrega\u201d, reitera.<\/p>\n\n\n\n<p>O Residencial Gard\u00eania \u00e9 o primeiro empreendimento entregue pelo engenheiro Alan. \u201cO sentimento \u00e9 de miss\u00e3o cumprida e de felicidade \u2013 ainda mais porque as obras aconteceram durante a pandemia. N\u00f3s precisamos readequar os processos, priorizando a seguran\u00e7a da nossa equipe e lembrando sempre do sonho da casa pr\u00f3pria dos nossos clientes. A vistoria nos mostrou a felicidade, a surpresa e a satisfa\u00e7\u00e3o com o padr\u00e3o de acabamento e com todas as melhorias\u201d, comenta Alan.<\/p>\n\n\n\n<p><strong>LAR, DOCE LAR: 95% DO GARD\u00caNIA J\u00c1 FOI VENDIDO<\/strong><\/p>\n\n\n\n<p>\u201cSeja muito bem-vindo. A casa \u00e9 sua! Que voc\u00ea possa ser plenamente feliz neste empreendimento, constru\u00eddo com tanta dedica\u00e7\u00e3o, comprometimento e qualidade\u201d. Foi assim que Paulo Obenaus, diretor da Proma, recebeu os moradores do Residencial Gard\u00eania.<\/p>\n\n\n\n<p>Para Obenaus, \u00e9 motivo de orgulho para a Proma saber que a construtora est\u00e1 contribuindo para a realiza\u00e7\u00e3o da primeira moradia pr\u00f3pria para tantos jovens, principalmente.<\/p>\n\n\n\n<p>Diego Luiz, coordenador comercial da Coralli, a imobili\u00e1ria do Grupo Proma, comemora os resultados \u2013 95% das unidades j\u00e1 estavam vendidas antes da entrega das chaves. \u201cN\u00f3s vivenciamos muitos desafios internos durante a constru\u00e7\u00e3o do Residencial Gard\u00eania \u2013 precisamos nos reinventar e nos transformar. Deu tudo certo! Sa\u00edmos ainda mais fortalecidos para realizar sonhos. A partir de hoje, n\u00f3s somos a visita. S\u00f3 podemos agradecer a confian\u00e7a\u201d, celebra Luiz.<\/p>\n\n\n\n<p><strong>LOCALIZA\u00c7\u00c3O PRIVILEGIADA, INFRAESTRUTURA E SEGURAN\u00c7A<\/strong><\/p>\n\n\n\n<p>O Residencial Gard\u00eania est\u00e1 estrategicamente localizado a apenas 1 Km do Centro Universit\u00e1rio Cat\u00f3lica de Santa Catarina, a 700 metros do supermercado e a 300 metros do posto de combust\u00edvel \u2013 sem falar na proximidade com o centro.<\/p>\n\n\n\n<p>\u00c0 disposi\u00e7\u00e3o de cada morador, vaga de garagem coberta, infraestrutura para <em>split<\/em>, prepara\u00e7\u00e3o para TV a cabo e internet, entrada arborizada, sal\u00e3o de festas mobiliado, acesso com port\u00e3o eletr\u00f4nico, al\u00e9m de <em>playground<\/em> e biciclet\u00e1rio. Os apartamentos, de dois ou tr\u00eas dormit\u00f3rios, t\u00eam sacada com churrasqueira.<\/p>\n\n\n\n<p>O projeto arquitet\u00f4nico \u2013 que encantou e surpreendeu \u2013 \u00e9 da arquiteta da Proma, Carol Obenaus. \u201c\u00c0 mente, um filme. Do in\u00edcio, do meio. Das etapas, dos desafios e dos percal\u00e7os em meio \u00e0 constru\u00e7\u00e3o do empreendimento durante a pandemia. O que fica \u00e9 o sentimento de miss\u00e3o cumprida. O projeto do Gard\u00eania contemplou a praticidade, o bem-estar, o aconchego e os momentos de descontra\u00e7\u00e3o\u201d, explica Carol Obenaus.<\/p>\n\n\n\n<p>A arquiteta afirma que as chaves entregues indicam a concretiza\u00e7\u00e3o de um projeto pensado e executado com muito carinho. \u201cA Proma \u00e9 extremamente comprometida com o que se prop\u00f5e a fazer. N\u00f3s estamos falando de sonhos, de projetos de vida e de expectativas. O nosso desejo para cada morador \u00e9 de um futuro ainda mais aben\u00e7oado\u201d, destaca Carol Obenaus.<\/p>\n\n\n\n<p><strong>PROMA: 30 ANOS REALIZANDO SONHOS<\/strong><\/p>\n\n\n\n<p><strong>A <\/strong>Proma est\u00e1 completando 30 anos. \u201cEstamos nos reinventando para darmos os pr\u00f3ximos passos, sempre em busca de novos projetos e desafios. Somos instrumentos de felicidade e isso nos motiva a seguir adiante\u201d, afirma Paulo Obenaus.<\/p>\n\n\n\n<p>O Grupo Proma conta com uma equipe t\u00e9cnica e administrativa extremamente competente. \u201cSomos um time! \u00c9 muito bom saber que n\u00e3o importa o que aconte\u00e7a: sempre podemos contar uns com os outros para cumprir com \u00e9tica e profissionalismo a nossa miss\u00e3o de construir sonhos e projetos de vida\u201d, diz Obenaus.<\/p>\n\n\n\n<p><strong>DEPOIMENTOS<\/strong><\/p>\n\n\n\n<p><strong>Lana Isabel Knob e Eder Alejandro Krause<\/strong><\/p>\n\n\n\n<figure class=\"wp-block-image size-large\"><img loading=\"lazy\" width=\"1024\" height=\"683\" src=\"http:\/\/www.proma.com.br\/blog\/wp-content\/uploads\/2021\/11\/25-09_Proma_Gardenia_0245-1024x683.jpg\" alt=\"\" class=\"wp-image-7851\" srcset=\"https:\/\/www.proma.com.br\/blog\/wp-content\/uploads\/2021\/11\/25-09_Proma_Gardenia_0245-1024x683.jpg 1024w, https:\/\/www.proma.com.br\/blog\/wp-content\/uploads\/2021\/11\/25-09_Proma_Gardenia_0245-960x640.jpg 960w, https:\/\/www.proma.com.br\/blog\/wp-content\/uploads\/2021\/11\/25-09_Proma_Gardenia_0245-768x512.jpg 768w, https:\/\/www.proma.com.br\/blog\/wp-content\/uploads\/2021\/11\/25-09_Proma_Gardenia_0245-1536x1024.jpg 1536w, https:\/\/www.proma.com.br\/blog\/wp-content\/uploads\/2021\/11\/25-09_Proma_Gardenia_0245-2048x1366.jpg 2048w, https:\/\/www.proma.com.br\/blog\/wp-content\/uploads\/2021\/11\/25-09_Proma_Gardenia_0245-450x300.jpg 450w\" sizes=\"(max-width: 1024px) 100vw, 1024px\" \/><figcaption>25.09.2021 | Entrega Residencial Gard\u00eania \u2022 Jaragu\u00e1 do Sul \u2022 Construtora Proma | Fot\u00f3grafo: Diego Jarschel<\/figcaption><\/figure>\n\n\n\n<p>\u201cN\u00f3s fomos os primeiros compradores, por isso, participamos do processo de constru\u00e7\u00e3o do Residencial Gard\u00eania do in\u00edcio ao fim. N\u00f3s sentimos que somos parte deste empreendimento! \u00c9 uma satisfa\u00e7\u00e3o pessoal comprar o primeiro im\u00f3vel. A Proma superou todas as nossas expectativas! O p\u00f3s-venda \u00e9 incr\u00edvel e nos deixa muito confort\u00e1veis e seguros com a compra\u201d.<\/p>\n\n\n\n<p><strong>Afonso Floriani Neto<\/strong><\/p>\n\n\n\n<figure class=\"wp-block-image size-large\"><img loading=\"lazy\" width=\"1024\" height=\"683\" src=\"http:\/\/www.proma.com.br\/blog\/wp-content\/uploads\/2021\/11\/25-09_Proma_Gardenia_0193-1024x683.jpg\" alt=\"\" class=\"wp-image-7852\" srcset=\"https:\/\/www.proma.com.br\/blog\/wp-content\/uploads\/2021\/11\/25-09_Proma_Gardenia_0193-1024x683.jpg 1024w, https:\/\/www.proma.com.br\/blog\/wp-content\/uploads\/2021\/11\/25-09_Proma_Gardenia_0193-960x640.jpg 960w, https:\/\/www.proma.com.br\/blog\/wp-content\/uploads\/2021\/11\/25-09_Proma_Gardenia_0193-768x512.jpg 768w, https:\/\/www.proma.com.br\/blog\/wp-content\/uploads\/2021\/11\/25-09_Proma_Gardenia_0193-1536x1024.jpg 1536w, https:\/\/www.proma.com.br\/blog\/wp-content\/uploads\/2021\/11\/25-09_Proma_Gardenia_0193-2048x1366.jpg 2048w, https:\/\/www.proma.com.br\/blog\/wp-content\/uploads\/2021\/11\/25-09_Proma_Gardenia_0193-450x300.jpg 450w\" sizes=\"(max-width: 1024px) 100vw, 1024px\" \/><figcaption>25.09.2021 | Entrega Residencial Gard\u00eania \u2022 Jaragu\u00e1 do Sul \u2022 Construtora Proma | Fot\u00f3grafo: Diego Jarschel<\/figcaption><\/figure>\n\n\n\n<p>\u201cA entrega das chaves representa o meu crescimento pessoal. Eu tinha 26 anos quando assinei o contrato para a compra do meu apartamento pr\u00f3prio no Residencial Gard\u00eania. Foi um passo importante para eu ter a minha independ\u00eancia. \u00c9 uma grande conquista, uma evolu\u00e7\u00e3o. Eu escolhi o empreendimento pela localiza\u00e7\u00e3o \u2013 o Gard\u00eania \u00e9 pr\u00f3ximo ao centro. Destaco tamb\u00e9m a infraestrutura e o padr\u00e3o de acabamento da Proma. Estou realizado\u201d.<\/p>\n\n\n\n<p><strong>Aline Luisa da Silva e Cleber Camargo<\/strong><\/p>\n\n\n\n<figure class=\"wp-block-image size-large\"><img loading=\"lazy\" width=\"1667\" height=\"1250\" src=\"http:\/\/www.proma.com.br\/blog\/wp-content\/uploads\/2021\/11\/25-09_Proma_Gardenia_0020-edited.jpg\" alt=\"\" class=\"wp-image-7854\" srcset=\"https:\/\/www.proma.com.br\/blog\/wp-content\/uploads\/2021\/11\/25-09_Proma_Gardenia_0020-edited.jpg 1667w, https:\/\/www.proma.com.br\/blog\/wp-content\/uploads\/2021\/11\/25-09_Proma_Gardenia_0020-edited-960x720.jpg 960w, https:\/\/www.proma.com.br\/blog\/wp-content\/uploads\/2021\/11\/25-09_Proma_Gardenia_0020-edited-1024x768.jpg 1024w, https:\/\/www.proma.com.br\/blog\/wp-content\/uploads\/2021\/11\/25-09_Proma_Gardenia_0020-edited-768x576.jpg 768w, https:\/\/www.proma.com.br\/blog\/wp-content\/uploads\/2021\/11\/25-09_Proma_Gardenia_0020-edited-1536x1152.jpg 1536w, https:\/\/www.proma.com.br\/blog\/wp-content\/uploads\/2021\/11\/25-09_Proma_Gardenia_0020-edited-400x300.jpg 400w\" sizes=\"(max-width: 1667px) 100vw, 1667px\" \/><figcaption>25.09.2021 | Entrega Residencial Gard\u00eania \u2022 Jaragu\u00e1 do Sul \u2022 Construtora Proma | Fot\u00f3grafo: Diego Jarschel<\/figcaption><\/figure>\n\n\n\n<p>\u201c\u00c9 um sonho realizado, ainda mais por ser um im\u00f3vel Proma. \u00c9 o segundo empreendimento que eu, Aline, compro da construtora porque eu confio na qualidade, no prazo de entrega e no p\u00f3s-venda. N\u00f3s compramos logo no in\u00edcio e \u00e9 muito bom ver o seu lar sendo constru\u00eddo do in\u00edcio ao fim. A Proma nos surpreendeu com as melhorias no Residencial Gard\u00eania, um empreendimento que \u00e9 super bem localizado e tem um apartamento que vai ao encontro do que est\u00e1vamos buscando. A Proma \u00e9, sem d\u00favida, sin\u00f4nimo de qualidade, confian\u00e7a e seguran\u00e7a\u201d.<\/p>\n\n\n\n<p><strong>Jaqueline Giese e Felipe Pereira<\/strong><\/p>\n\n\n\n<figure class=\"wp-block-image size-large\"><img loading=\"lazy\" width=\"1024\" height=\"683\" src=\"http:\/\/www.proma.com.br\/blog\/wp-content\/uploads\/2021\/11\/25-09_Proma_Gardenia_0231-1024x683.jpg\" alt=\"\" class=\"wp-image-7855\" srcset=\"https:\/\/www.proma.com.br\/blog\/wp-content\/uploads\/2021\/11\/25-09_Proma_Gardenia_0231-1024x683.jpg 1024w, https:\/\/www.proma.com.br\/blog\/wp-content\/uploads\/2021\/11\/25-09_Proma_Gardenia_0231-960x640.jpg 960w, https:\/\/www.proma.com.br\/blog\/wp-content\/uploads\/2021\/11\/25-09_Proma_Gardenia_0231-768x512.jpg 768w, https:\/\/www.proma.com.br\/blog\/wp-content\/uploads\/2021\/11\/25-09_Proma_Gardenia_0231-1536x1024.jpg 1536w, https:\/\/www.proma.com.br\/blog\/wp-content\/uploads\/2021\/11\/25-09_Proma_Gardenia_0231-2048x1366.jpg 2048w, https:\/\/www.proma.com.br\/blog\/wp-content\/uploads\/2021\/11\/25-09_Proma_Gardenia_0231-450x300.jpg 450w\" sizes=\"(max-width: 1024px) 100vw, 1024px\" \/><figcaption>25.09.2021 | Entrega Residencial Gard\u00eania \u2022 Jaragu\u00e1 do Sul \u2022 Construtora Proma | Fot\u00f3grafo: Diego Jarschel<\/figcaption><\/figure>\n\n\n\n<p>\u201cA entrega das chaves concretiza o sonho da primeira moradia pr\u00f3pria. Essa tamb\u00e9m \u00e9, at\u00e9 agora, a nossa maior realiza\u00e7\u00e3o como casal. O nosso apartamento no Residencial Gard\u00eania marca o come\u00e7o de um sonho e o in\u00edcio de uma vida juntos. N\u00f3s destacamos, sem d\u00favida, o custo-benef\u00edcio e a qualidade. Por ser um im\u00f3vel Proma n\u00f3s sempre sentimos confian\u00e7a e seguran\u00e7a. Estamos muito felizes\u201d.<\/p>\n\n\n\n<p><strong>Valeska Francener e Maur\u00edcio Goetten<\/strong><\/p>\n\n\n\n<figure class=\"wp-block-image size-large\"><img loading=\"lazy\" width=\"1024\" height=\"683\" src=\"http:\/\/www.proma.com.br\/blog\/wp-content\/uploads\/2021\/11\/25-09_Proma_Gardenia_0257-1024x683.jpg\" alt=\"\" class=\"wp-image-7856\" srcset=\"https:\/\/www.proma.com.br\/blog\/wp-content\/uploads\/2021\/11\/25-09_Proma_Gardenia_0257-1024x683.jpg 1024w, https:\/\/www.proma.com.br\/blog\/wp-content\/uploads\/2021\/11\/25-09_Proma_Gardenia_0257-960x640.jpg 960w, https:\/\/www.proma.com.br\/blog\/wp-content\/uploads\/2021\/11\/25-09_Proma_Gardenia_0257-768x512.jpg 768w, https:\/\/www.proma.com.br\/blog\/wp-content\/uploads\/2021\/11\/25-09_Proma_Gardenia_0257-1536x1024.jpg 1536w, https:\/\/www.proma.com.br\/blog\/wp-content\/uploads\/2021\/11\/25-09_Proma_Gardenia_0257-2048x1366.jpg 2048w, https:\/\/www.proma.com.br\/blog\/wp-content\/uploads\/2021\/11\/25-09_Proma_Gardenia_0257-450x300.jpg 450w\" sizes=\"(max-width: 1024px) 100vw, 1024px\" \/><figcaption>25.09.2021 | Entrega Residencial Gard\u00eania \u2022 Jaragu\u00e1 do Sul \u2022 Construtora Proma | Fot\u00f3grafo: Diego Jarschel<\/figcaption><\/figure>\n\n\n\n<p>\u201cEstamos muito felizes e realizados. Fomos um dos primeiros clientes, l\u00e1 em 2019. Acompanhamos as obras do in\u00edcio ao fim! Nem parece que chegou o dia. O Residencial Gard\u00eania superou todas as nossas expectativas. O empreendimento \u00e9 muito bem localizado, perto do centro e com tudo perto. O apartamento com tr\u00eas quartos era o que est\u00e1vamos buscando. J\u00e1 conhec\u00edamos a Proma por indica\u00e7\u00e3o e n\u00e3o h\u00e1 quem n\u00e3o fale da qualidade e do cumprimento ao prazo de entrega\u201d.<\/p>\n\n\n\n<p><em>Confira os registros feitos pelo fot\u00f3grafo Diego Jarschel desse dia t\u00e3o especial.<\/em><\/p>\n\n\n\n<figure class=\"wp-block-gallery columns-3 is-cropped\"><ul class=\"blocks-gallery-grid\"><li class=\"blocks-gallery-item\"><figure><img loading=\"lazy\" width=\"1024\" height=\"683\" src=\"http:\/\/www.proma.com.br\/blog\/wp-content\/uploads\/2021\/11\/25-09_Proma_Gardenia_0015-1024x683.jpg\" alt=\"\" data-id=\"7857\" data-link=\"http:\/\/www.proma.com.br\/blog\/?attachment_id=7857\" class=\"wp-image-7857\" srcset=\"https:\/\/www.proma.com.br\/blog\/wp-content\/uploads\/2021\/11\/25-09_Proma_Gardenia_0015-1024x683.jpg 1024w, https:\/\/www.proma.com.br\/blog\/wp-content\/uploads\/2021\/11\/25-09_Proma_Gardenia_0015-960x640.jpg 960w, https:\/\/www.proma.com.br\/blog\/wp-content\/uploads\/2021\/11\/25-09_Proma_Gardenia_0015-768x512.jpg 768w, https:\/\/www.proma.com.br\/blog\/wp-content\/uploads\/2021\/11\/25-09_Proma_Gardenia_0015-1536x1024.jpg 1536w, https:\/\/www.proma.com.br\/blog\/wp-content\/uploads\/2021\/11\/25-09_Proma_Gardenia_0015-2048x1366.jpg 2048w, https:\/\/www.proma.com.br\/blog\/wp-content\/uploads\/2021\/11\/25-09_Proma_Gardenia_0015-450x300.jpg 450w\" sizes=\"(max-width: 1024px) 100vw, 1024px\" \/><figcaption class=\"blocks-gallery-item__caption\">25.09.2021 | Entrega Residencial Gard\u00eania \u2022 Jaragu\u00e1 do Sul \u2022 Construtora Proma | Fot\u00f3grafo: Diego Jarschel<\/figcaption><\/figure><\/li><li class=\"blocks-gallery-item\"><figure><img loading=\"lazy\" width=\"1024\" height=\"683\" src=\"http:\/\/www.proma.com.br\/blog\/wp-content\/uploads\/2021\/11\/25-09_Proma_Gardenia_0024-1024x683.jpg\" alt=\"\" data-id=\"7858\" data-link=\"http:\/\/www.proma.com.br\/blog\/?attachment_id=7858\" class=\"wp-image-7858\" srcset=\"https:\/\/www.proma.com.br\/blog\/wp-content\/uploads\/2021\/11\/25-09_Proma_Gardenia_0024-1024x683.jpg 1024w, https:\/\/www.proma.com.br\/blog\/wp-content\/uploads\/2021\/11\/25-09_Proma_Gardenia_0024-960x640.jpg 960w, https:\/\/www.proma.com.br\/blog\/wp-content\/uploads\/2021\/11\/25-09_Proma_Gardenia_0024-768x512.jpg 768w, https:\/\/www.proma.com.br\/blog\/wp-content\/uploads\/2021\/11\/25-09_Proma_Gardenia_0024-1536x1024.jpg 1536w, https:\/\/www.proma.com.br\/blog\/wp-content\/uploads\/2021\/11\/25-09_Proma_Gardenia_0024-2048x1366.jpg 2048w, https:\/\/www.proma.com.br\/blog\/wp-content\/uploads\/2021\/11\/25-09_Proma_Gardenia_0024-450x300.jpg 450w\" sizes=\"(max-width: 1024px) 100vw, 1024px\" \/><figcaption class=\"blocks-gallery-item__caption\">25.09.2021 | Entrega Residencial Gard\u00eania \u2022 Jaragu\u00e1 do Sul \u2022 Construtora Proma | Fot\u00f3grafo: Diego Jarschel<\/figcaption><\/figure><\/li><li class=\"blocks-gallery-item\"><figure><img loading=\"lazy\" width=\"1024\" height=\"683\" src=\"http:\/\/www.proma.com.br\/blog\/wp-content\/uploads\/2021\/11\/25-09_Proma_Gardenia_0034-1024x683.jpg\" alt=\"\" data-id=\"7859\" data-link=\"http:\/\/www.proma.com.br\/blog\/?attachment_id=7859\" class=\"wp-image-7859\" srcset=\"https:\/\/www.proma.com.br\/blog\/wp-content\/uploads\/2021\/11\/25-09_Proma_Gardenia_0034-1024x683.jpg 1024w, https:\/\/www.proma.com.br\/blog\/wp-content\/uploads\/2021\/11\/25-09_Proma_Gardenia_0034-960x640.jpg 960w, https:\/\/www.proma.com.br\/blog\/wp-content\/uploads\/2021\/11\/25-09_Proma_Gardenia_0034-768x512.jpg 768w, https:\/\/www.proma.com.br\/blog\/wp-content\/uploads\/2021\/11\/25-09_Proma_Gardenia_0034-1536x1024.jpg 1536w, https:\/\/www.proma.com.br\/blog\/wp-content\/uploads\/2021\/11\/25-09_Proma_Gardenia_0034-2048x1366.jpg 2048w, https:\/\/www.proma.com.br\/blog\/wp-content\/uploads\/2021\/11\/25-09_Proma_Gardenia_0034-450x300.jpg 450w\" sizes=\"(max-width: 1024px) 100vw, 1024px\" \/><figcaption class=\"blocks-gallery-item__caption\">25.09.2021 | Entrega Residencial Gard\u00eania \u2022 Jaragu\u00e1 do Sul \u2022 Construtora Proma | Fot\u00f3grafo: Diego Jarschel<\/figcaption><\/figure><\/li><li class=\"blocks-gallery-item\"><figure><img loading=\"lazy\" width=\"1024\" height=\"683\" src=\"http:\/\/www.proma.com.br\/blog\/wp-content\/uploads\/2021\/11\/25-09_Proma_Gardenia_0038-1024x683.jpg\" alt=\"\" data-id=\"7860\" data-link=\"http:\/\/www.proma.com.br\/blog\/?attachment_id=7860\" class=\"wp-image-7860\" srcset=\"https:\/\/www.proma.com.br\/blog\/wp-content\/uploads\/2021\/11\/25-09_Proma_Gardenia_0038-1024x683.jpg 1024w, https:\/\/www.proma.com.br\/blog\/wp-content\/uploads\/2021\/11\/25-09_Proma_Gardenia_0038-960x640.jpg 960w, https:\/\/www.proma.com.br\/blog\/wp-content\/uploads\/2021\/11\/25-09_Proma_Gardenia_0038-768x512.jpg 768w, https:\/\/www.proma.com.br\/blog\/wp-content\/uploads\/2021\/11\/25-09_Proma_Gardenia_0038-1536x1024.jpg 1536w, https:\/\/www.proma.com.br\/blog\/wp-content\/uploads\/2021\/11\/25-09_Proma_Gardenia_0038-2048x1366.jpg 2048w, https:\/\/www.proma.com.br\/blog\/wp-content\/uploads\/2021\/11\/25-09_Proma_Gardenia_0038-450x300.jpg 450w\" sizes=\"(max-width: 1024px) 100vw, 1024px\" \/><figcaption class=\"blocks-gallery-item__caption\">25.09.2021 | Entrega Residencial Gard\u00eania \u2022 Jaragu\u00e1 do Sul \u2022 Construtora Proma | Fot\u00f3grafo: Diego Jarschel<\/figcaption><\/figure><\/li><li class=\"blocks-gallery-item\"><figure><img loading=\"lazy\" width=\"1024\" height=\"683\" src=\"http:\/\/www.proma.com.br\/blog\/wp-content\/uploads\/2021\/11\/25-09_Proma_Gardenia_0041-1024x683.jpg\" alt=\"\" data-id=\"7861\" data-link=\"http:\/\/www.proma.com.br\/blog\/?attachment_id=7861\" class=\"wp-image-7861\" srcset=\"https:\/\/www.proma.com.br\/blog\/wp-content\/uploads\/2021\/11\/25-09_Proma_Gardenia_0041-1024x683.jpg 1024w, https:\/\/www.proma.com.br\/blog\/wp-content\/uploads\/2021\/11\/25-09_Proma_Gardenia_0041-960x640.jpg 960w, https:\/\/www.proma.com.br\/blog\/wp-content\/uploads\/2021\/11\/25-09_Proma_Gardenia_0041-768x512.jpg 768w, https:\/\/www.proma.com.br\/blog\/wp-content\/uploads\/2021\/11\/25-09_Proma_Gardenia_0041-1536x1024.jpg 1536w, https:\/\/www.proma.com.br\/blog\/wp-content\/uploads\/2021\/11\/25-09_Proma_Gardenia_0041-2048x1366.jpg 2048w, https:\/\/www.proma.com.br\/blog\/wp-content\/uploads\/2021\/11\/25-09_Proma_Gardenia_0041-450x300.jpg 450w\" sizes=\"(max-width: 1024px) 100vw, 1024px\" \/><figcaption class=\"blocks-gallery-item__caption\">25.09.2021 | Entrega Residencial Gard\u00eania \u2022 Jaragu\u00e1 do Sul \u2022 Construtora Proma | Fot\u00f3grafo: Diego Jarschel<\/figcaption><\/figure><\/li><li class=\"blocks-gallery-item\"><figure><img loading=\"lazy\" width=\"1024\" height=\"683\" src=\"http:\/\/www.proma.com.br\/blog\/wp-content\/uploads\/2021\/11\/25-09_Proma_Gardenia_0046-1024x683.jpg\" alt=\"\" data-id=\"7862\" data-link=\"http:\/\/www.proma.com.br\/blog\/?attachment_id=7862\" class=\"wp-image-7862\" srcset=\"https:\/\/www.proma.com.br\/blog\/wp-content\/uploads\/2021\/11\/25-09_Proma_Gardenia_0046-1024x683.jpg 1024w, https:\/\/www.proma.com.br\/blog\/wp-content\/uploads\/2021\/11\/25-09_Proma_Gardenia_0046-960x640.jpg 960w, https:\/\/www.proma.com.br\/blog\/wp-content\/uploads\/2021\/11\/25-09_Proma_Gardenia_0046-768x512.jpg 768w, https:\/\/www.proma.com.br\/blog\/wp-content\/uploads\/2021\/11\/25-09_Proma_Gardenia_0046-1536x1024.jpg 1536w, https:\/\/www.proma.com.br\/blog\/wp-content\/uploads\/2021\/11\/25-09_Proma_Gardenia_0046-2048x1366.jpg 2048w, https:\/\/www.proma.com.br\/blog\/wp-content\/uploads\/2021\/11\/25-09_Proma_Gardenia_0046-450x300.jpg 450w\" sizes=\"(max-width: 1024px) 100vw, 1024px\" \/><figcaption class=\"blocks-gallery-item__caption\">25.09.2021 | Entrega Residencial Gard\u00eania \u2022 Jaragu\u00e1 do Sul \u2022 Construtora Proma | Fot\u00f3grafo: Diego Jarschel<\/figcaption><\/figure><\/li><li class=\"blocks-gallery-item\"><figure><img loading=\"lazy\" width=\"1024\" height=\"683\" src=\"http:\/\/www.proma.com.br\/blog\/wp-content\/uploads\/2021\/11\/25-09_Proma_Gardenia_0060-1024x683.jpg\" alt=\"\" data-id=\"7863\" data-link=\"http:\/\/www.proma.com.br\/blog\/?attachment_id=7863\" class=\"wp-image-7863\" srcset=\"https:\/\/www.proma.com.br\/blog\/wp-content\/uploads\/2021\/11\/25-09_Proma_Gardenia_0060-1024x683.jpg 1024w, https:\/\/www.proma.com.br\/blog\/wp-content\/uploads\/2021\/11\/25-09_Proma_Gardenia_0060-960x640.jpg 960w, https:\/\/www.proma.com.br\/blog\/wp-content\/uploads\/2021\/11\/25-09_Proma_Gardenia_0060-768x512.jpg 768w, https:\/\/www.proma.com.br\/blog\/wp-content\/uploads\/2021\/11\/25-09_Proma_Gardenia_0060-1536x1024.jpg 1536w, https:\/\/www.proma.com.br\/blog\/wp-content\/uploads\/2021\/11\/25-09_Proma_Gardenia_0060-2048x1366.jpg 2048w, https:\/\/www.proma.com.br\/blog\/wp-content\/uploads\/2021\/11\/25-09_Proma_Gardenia_0060-450x300.jpg 450w\" sizes=\"(max-width: 1024px) 100vw, 1024px\" \/><figcaption class=\"blocks-gallery-item__caption\">25.09.2021 | Entrega Residencial Gard\u00eania \u2022 Jaragu\u00e1 do Sul \u2022 Construtora Proma | Fot\u00f3grafo: Diego Jarschel<\/figcaption><\/figure><\/li><li class=\"blocks-gallery-item\"><figure><img loading=\"lazy\" width=\"1024\" height=\"683\" src=\"http:\/\/www.proma.com.br\/blog\/wp-content\/uploads\/2021\/11\/25-09_Proma_Gardenia_0089-1024x683.jpg\" alt=\"\" data-id=\"7864\" data-link=\"http:\/\/www.proma.com.br\/blog\/?attachment_id=7864\" class=\"wp-image-7864\" srcset=\"https:\/\/www.proma.com.br\/blog\/wp-content\/uploads\/2021\/11\/25-09_Proma_Gardenia_0089-1024x683.jpg 1024w, https:\/\/www.proma.com.br\/blog\/wp-content\/uploads\/2021\/11\/25-09_Proma_Gardenia_0089-960x640.jpg 960w, https:\/\/www.proma.com.br\/blog\/wp-content\/uploads\/2021\/11\/25-09_Proma_Gardenia_0089-768x512.jpg 768w, https:\/\/www.proma.com.br\/blog\/wp-content\/uploads\/2021\/11\/25-09_Proma_Gardenia_0089-1536x1024.jpg 1536w, https:\/\/www.proma.com.br\/blog\/wp-content\/uploads\/2021\/11\/25-09_Proma_Gardenia_0089-2048x1366.jpg 2048w, https:\/\/www.proma.com.br\/blog\/wp-content\/uploads\/2021\/11\/25-09_Proma_Gardenia_0089-450x300.jpg 450w\" sizes=\"(max-width: 1024px) 100vw, 1024px\" \/><figcaption class=\"blocks-gallery-item__caption\">25.09.2021 | Entrega Residencial Gard\u00eania \u2022 Jaragu\u00e1 do Sul \u2022 Construtora Proma | Fot\u00f3grafo: Diego Jarschel<\/figcaption><\/figure><\/li><li class=\"blocks-gallery-item\"><figure><img loading=\"lazy\" width=\"1024\" height=\"683\" src=\"http:\/\/www.proma.com.br\/blog\/wp-content\/uploads\/2021\/11\/25-09_Proma_Gardenia_0091-1024x683.jpg\" alt=\"\" data-id=\"7865\" data-link=\"http:\/\/www.proma.com.br\/blog\/?attachment_id=7865\" class=\"wp-image-7865\" srcset=\"https:\/\/www.proma.com.br\/blog\/wp-content\/uploads\/2021\/11\/25-09_Proma_Gardenia_0091-1024x683.jpg 1024w, https:\/\/www.proma.com.br\/blog\/wp-content\/uploads\/2021\/11\/25-09_Proma_Gardenia_0091-960x640.jpg 960w, https:\/\/www.proma.com.br\/blog\/wp-content\/uploads\/2021\/11\/25-09_Proma_Gardenia_0091-768x512.jpg 768w, https:\/\/www.proma.com.br\/blog\/wp-content\/uploads\/2021\/11\/25-09_Proma_Gardenia_0091-1536x1024.jpg 1536w, https:\/\/www.proma.com.br\/blog\/wp-content\/uploads\/2021\/11\/25-09_Proma_Gardenia_0091-2048x1366.jpg 2048w, https:\/\/www.proma.com.br\/blog\/wp-content\/uploads\/2021\/11\/25-09_Proma_Gardenia_0091-450x300.jpg 450w\" sizes=\"(max-width: 1024px) 100vw, 1024px\" \/><figcaption class=\"blocks-gallery-item__caption\">25.09.2021 | Entrega Residencial Gard\u00eania \u2022 Jaragu\u00e1 do Sul \u2022 Construtora Proma | Fot\u00f3grafo: Diego Jarschel<\/figcaption><\/figure><\/li><li class=\"blocks-gallery-item\"><figure><img loading=\"lazy\" width=\"1024\" height=\"683\" src=\"http:\/\/www.proma.com.br\/blog\/wp-content\/uploads\/2021\/11\/25-09_Proma_Gardenia_0113-1024x683.jpg\" alt=\"\" data-id=\"7866\" data-link=\"http:\/\/www.proma.com.br\/blog\/?attachment_id=7866\" class=\"wp-image-7866\" srcset=\"https:\/\/www.proma.com.br\/blog\/wp-content\/uploads\/2021\/11\/25-09_Proma_Gardenia_0113-1024x683.jpg 1024w, https:\/\/www.proma.com.br\/blog\/wp-content\/uploads\/2021\/11\/25-09_Proma_Gardenia_0113-960x640.jpg 960w, https:\/\/www.proma.com.br\/blog\/wp-content\/uploads\/2021\/11\/25-09_Proma_Gardenia_0113-768x512.jpg 768w, https:\/\/www.proma.com.br\/blog\/wp-content\/uploads\/2021\/11\/25-09_Proma_Gardenia_0113-1536x1024.jpg 1536w, https:\/\/www.proma.com.br\/blog\/wp-content\/uploads\/2021\/11\/25-09_Proma_Gardenia_0113-2048x1366.jpg 2048w, https:\/\/www.proma.com.br\/blog\/wp-content\/uploads\/2021\/11\/25-09_Proma_Gardenia_0113-450x300.jpg 450w\" sizes=\"(max-width: 1024px) 100vw, 1024px\" \/><figcaption class=\"blocks-gallery-item__caption\">25.09.2021 | Entrega Residencial Gard\u00eania \u2022 Jaragu\u00e1 do Sul \u2022 Construtora Proma | Fot\u00f3grafo: Diego Jarschel<\/figcaption><\/figure><\/li><li class=\"blocks-gallery-item\"><figure><img loading=\"lazy\" width=\"1024\" height=\"683\" src=\"http:\/\/www.proma.com.br\/blog\/wp-content\/uploads\/2021\/11\/25-09_Proma_Gardenia_0142-1024x683.jpg\" alt=\"\" data-id=\"7867\" data-link=\"http:\/\/www.proma.com.br\/blog\/?attachment_id=7867\" class=\"wp-image-7867\" srcset=\"https:\/\/www.proma.com.br\/blog\/wp-content\/uploads\/2021\/11\/25-09_Proma_Gardenia_0142-1024x683.jpg 1024w, https:\/\/www.proma.com.br\/blog\/wp-content\/uploads\/2021\/11\/25-09_Proma_Gardenia_0142-960x640.jpg 960w, https:\/\/www.proma.com.br\/blog\/wp-content\/uploads\/2021\/11\/25-09_Proma_Gardenia_0142-768x512.jpg 768w, https:\/\/www.proma.com.br\/blog\/wp-content\/uploads\/2021\/11\/25-09_Proma_Gardenia_0142-1536x1024.jpg 1536w, https:\/\/www.proma.com.br\/blog\/wp-content\/uploads\/2021\/11\/25-09_Proma_Gardenia_0142-2048x1366.jpg 2048w, https:\/\/www.proma.com.br\/blog\/wp-content\/uploads\/2021\/11\/25-09_Proma_Gardenia_0142-450x300.jpg 450w\" sizes=\"(max-width: 1024px) 100vw, 1024px\" \/><figcaption class=\"blocks-gallery-item__caption\">25.09.2021 | Entrega Residencial Gard\u00eania \u2022 Jaragu\u00e1 do Sul \u2022 Construtora Proma | Fot\u00f3grafo: Diego Jarschel<\/figcaption><\/figure><\/li><li class=\"blocks-gallery-item\"><figure><img loading=\"lazy\" width=\"1024\" height=\"683\" src=\"http:\/\/www.proma.com.br\/blog\/wp-content\/uploads\/2021\/11\/25-09_Proma_Gardenia_0156-1024x683.jpg\" alt=\"\" data-id=\"7868\" data-link=\"http:\/\/www.proma.com.br\/blog\/?attachment_id=7868\" class=\"wp-image-7868\" srcset=\"https:\/\/www.proma.com.br\/blog\/wp-content\/uploads\/2021\/11\/25-09_Proma_Gardenia_0156-1024x683.jpg 1024w, https:\/\/www.proma.com.br\/blog\/wp-content\/uploads\/2021\/11\/25-09_Proma_Gardenia_0156-960x640.jpg 960w, https:\/\/www.proma.com.br\/blog\/wp-content\/uploads\/2021\/11\/25-09_Proma_Gardenia_0156-768x512.jpg 768w, https:\/\/www.proma.com.br\/blog\/wp-content\/uploads\/2021\/11\/25-09_Proma_Gardenia_0156-1536x1024.jpg 1536w, https:\/\/www.proma.com.br\/blog\/wp-content\/uploads\/2021\/11\/25-09_Proma_Gardenia_0156-2048x1366.jpg 2048w, https:\/\/www.proma.com.br\/blog\/wp-content\/uploads\/2021\/11\/25-09_Proma_Gardenia_0156-450x300.jpg 450w\" sizes=\"(max-width: 1024px) 100vw, 1024px\" \/><figcaption class=\"blocks-gallery-item__caption\">25.09.2021 | Entrega Residencial Gard\u00eania \u2022 Jaragu\u00e1 do Sul \u2022 Construtora Proma | Fot\u00f3grafo: Diego Jarschel<\/figcaption><\/figure><\/li><li class=\"blocks-gallery-item\"><figure><img loading=\"lazy\" width=\"1024\" height=\"683\" src=\"http:\/\/www.proma.com.br\/blog\/wp-content\/uploads\/2021\/11\/25-09_Proma_Gardenia_0168-1024x683.jpg\" alt=\"\" data-id=\"7869\" data-link=\"http:\/\/www.proma.com.br\/blog\/?attachment_id=7869\" class=\"wp-image-7869\" srcset=\"https:\/\/www.proma.com.br\/blog\/wp-content\/uploads\/2021\/11\/25-09_Proma_Gardenia_0168-1024x683.jpg 1024w, https:\/\/www.proma.com.br\/blog\/wp-content\/uploads\/2021\/11\/25-09_Proma_Gardenia_0168-960x640.jpg 960w, https:\/\/www.proma.com.br\/blog\/wp-content\/uploads\/2021\/11\/25-09_Proma_Gardenia_0168-768x512.jpg 768w, https:\/\/www.proma.com.br\/blog\/wp-content\/uploads\/2021\/11\/25-09_Proma_Gardenia_0168-1536x1024.jpg 1536w, https:\/\/www.proma.com.br\/blog\/wp-content\/uploads\/2021\/11\/25-09_Proma_Gardenia_0168-2048x1366.jpg 2048w, https:\/\/www.proma.com.br\/blog\/wp-content\/uploads\/2021\/11\/25-09_Proma_Gardenia_0168-450x300.jpg 450w\" sizes=\"(max-width: 1024px) 100vw, 1024px\" \/><figcaption class=\"blocks-gallery-item__caption\">25.09.2021 | Entrega Residencial Gard\u00eania \u2022 Jaragu\u00e1 do Sul \u2022 Construtora Proma | Fot\u00f3grafo: Diego Jarschel<\/figcaption><\/figure><\/li><li class=\"blocks-gallery-item\"><figure><img loading=\"lazy\" width=\"1024\" height=\"683\" src=\"http:\/\/www.proma.com.br\/blog\/wp-content\/uploads\/2021\/11\/25-09_Proma_Gardenia_0170-1024x683.jpg\" alt=\"\" data-id=\"7870\" data-link=\"http:\/\/www.proma.com.br\/blog\/?attachment_id=7870\" class=\"wp-image-7870\" srcset=\"https:\/\/www.proma.com.br\/blog\/wp-content\/uploads\/2021\/11\/25-09_Proma_Gardenia_0170-1024x683.jpg 1024w, https:\/\/www.proma.com.br\/blog\/wp-content\/uploads\/2021\/11\/25-09_Proma_Gardenia_0170-960x640.jpg 960w, https:\/\/www.proma.com.br\/blog\/wp-content\/uploads\/2021\/11\/25-09_Proma_Gardenia_0170-768x512.jpg 768w, https:\/\/www.proma.com.br\/blog\/wp-content\/uploads\/2021\/11\/25-09_Proma_Gardenia_0170-1536x1024.jpg 1536w, https:\/\/www.proma.com.br\/blog\/wp-content\/uploads\/2021\/11\/25-09_Proma_Gardenia_0170-2048x1366.jpg 2048w, https:\/\/www.proma.com.br\/blog\/wp-content\/uploads\/2021\/11\/25-09_Proma_Gardenia_0170-450x300.jpg 450w\" sizes=\"(max-width: 1024px) 100vw, 1024px\" \/><figcaption class=\"blocks-gallery-item__caption\">25.09.2021 | Entrega Residencial Gard\u00eania \u2022 Jaragu\u00e1 do Sul \u2022 Construtora Proma | Fot\u00f3grafo: Diego Jarschel<\/figcaption><\/figure><\/li><li class=\"blocks-gallery-item\"><figure><img loading=\"lazy\" width=\"1024\" height=\"1536\" src=\"http:\/\/www.proma.com.br\/blog\/wp-content\/uploads\/2021\/11\/25-09_Proma_Gardenia_0171-1024x1536.jpg\" alt=\"\" data-id=\"7871\" data-link=\"http:\/\/www.proma.com.br\/blog\/?attachment_id=7871\" class=\"wp-image-7871\" srcset=\"https:\/\/www.proma.com.br\/blog\/wp-content\/uploads\/2021\/11\/25-09_Proma_Gardenia_0171-1024x1536.jpg 1024w, https:\/\/www.proma.com.br\/blog\/wp-content\/uploads\/2021\/11\/25-09_Proma_Gardenia_0171-960x1440.jpg 960w, https:\/\/www.proma.com.br\/blog\/wp-content\/uploads\/2021\/11\/25-09_Proma_Gardenia_0171-768x1152.jpg 768w, https:\/\/www.proma.com.br\/blog\/wp-content\/uploads\/2021\/11\/25-09_Proma_Gardenia_0171-1366x2048.jpg 1366w, https:\/\/www.proma.com.br\/blog\/wp-content\/uploads\/2021\/11\/25-09_Proma_Gardenia_0171-200x300.jpg 200w, https:\/\/www.proma.com.br\/blog\/wp-content\/uploads\/2021\/11\/25-09_Proma_Gardenia_0171.jpg 1667w\" sizes=\"(max-width: 1024px) 100vw, 1024px\" \/><figcaption class=\"blocks-gallery-item__caption\">25.09.2021 | Entrega Residencial Gard\u00eania \u2022 Jaragu\u00e1 do Sul \u2022 Construtora Proma | Fot\u00f3grafo: Diego Jarschel<\/figcaption><\/figure><\/li><li class=\"blocks-gallery-item\"><figure><img loading=\"lazy\" width=\"1024\" height=\"1536\" src=\"http:\/\/www.proma.com.br\/blog\/wp-content\/uploads\/2021\/11\/25-09_Proma_Gardenia_0176-1024x1536.jpg\" alt=\"\" data-id=\"7872\" data-link=\"http:\/\/www.proma.com.br\/blog\/?attachment_id=7872\" class=\"wp-image-7872\" srcset=\"https:\/\/www.proma.com.br\/blog\/wp-content\/uploads\/2021\/11\/25-09_Proma_Gardenia_0176-1024x1536.jpg 1024w, https:\/\/www.proma.com.br\/blog\/wp-content\/uploads\/2021\/11\/25-09_Proma_Gardenia_0176-960x1440.jpg 960w, https:\/\/www.proma.com.br\/blog\/wp-content\/uploads\/2021\/11\/25-09_Proma_Gardenia_0176-768x1152.jpg 768w, https:\/\/www.proma.com.br\/blog\/wp-content\/uploads\/2021\/11\/25-09_Proma_Gardenia_0176-1366x2048.jpg 1366w, https:\/\/www.proma.com.br\/blog\/wp-content\/uploads\/2021\/11\/25-09_Proma_Gardenia_0176-200x300.jpg 200w, https:\/\/www.proma.com.br\/blog\/wp-content\/uploads\/2021\/11\/25-09_Proma_Gardenia_0176.jpg 1667w\" sizes=\"(max-width: 1024px) 100vw, 1024px\" \/><figcaption class=\"blocks-gallery-item__caption\">25.09.2021 | Entrega Residencial Gard\u00eania \u2022 Jaragu\u00e1 do Sul \u2022 Construtora Proma | Fot\u00f3grafo: Diego Jarschel<\/figcaption><\/figure><\/li><li class=\"blocks-gallery-item\"><figure><img loading=\"lazy\" width=\"1024\" height=\"683\" src=\"http:\/\/www.proma.com.br\/blog\/wp-content\/uploads\/2021\/11\/25-09_Proma_Gardenia_0230-1024x683.jpg\" alt=\"\" data-id=\"7873\" data-link=\"http:\/\/www.proma.com.br\/blog\/?attachment_id=7873\" class=\"wp-image-7873\" srcset=\"https:\/\/www.proma.com.br\/blog\/wp-content\/uploads\/2021\/11\/25-09_Proma_Gardenia_0230-1024x683.jpg 1024w, https:\/\/www.proma.com.br\/blog\/wp-content\/uploads\/2021\/11\/25-09_Proma_Gardenia_0230-960x640.jpg 960w, https:\/\/www.proma.com.br\/blog\/wp-content\/uploads\/2021\/11\/25-09_Proma_Gardenia_0230-768x512.jpg 768w, https:\/\/www.proma.com.br\/blog\/wp-content\/uploads\/2021\/11\/25-09_Proma_Gardenia_0230-1536x1024.jpg 1536w, https:\/\/www.proma.com.br\/blog\/wp-content\/uploads\/2021\/11\/25-09_Proma_Gardenia_0230-2048x1366.jpg 2048w, https:\/\/www.proma.com.br\/blog\/wp-content\/uploads\/2021\/11\/25-09_Proma_Gardenia_0230-450x300.jpg 450w\" sizes=\"(max-width: 1024px) 100vw, 1024px\" \/><figcaption class=\"blocks-gallery-item__caption\">25.09.2021 | Entrega Residencial Gard\u00eania \u2022 Jaragu\u00e1 do Sul \u2022 Construtora Proma | Fot\u00f3grafo: Diego Jarschel<\/figcaption><\/figure><\/li><li class=\"blocks-gallery-item\"><figure><img loading=\"lazy\" width=\"1024\" height=\"683\" src=\"http:\/\/www.proma.com.br\/blog\/wp-content\/uploads\/2021\/11\/25-09_Proma_Gardenia_0307-1024x683.jpg\" alt=\"\" data-id=\"7874\" data-link=\"http:\/\/www.proma.com.br\/blog\/?attachment_id=7874\" class=\"wp-image-7874\" srcset=\"https:\/\/www.proma.com.br\/blog\/wp-content\/uploads\/2021\/11\/25-09_Proma_Gardenia_0307-1024x683.jpg 1024w, https:\/\/www.proma.com.br\/blog\/wp-content\/uploads\/2021\/11\/25-09_Proma_Gardenia_0307-960x640.jpg 960w, https:\/\/www.proma.com.br\/blog\/wp-content\/uploads\/2021\/11\/25-09_Proma_Gardenia_0307-768x512.jpg 768w, https:\/\/www.proma.com.br\/blog\/wp-content\/uploads\/2021\/11\/25-09_Proma_Gardenia_0307-1536x1024.jpg 1536w, https:\/\/www.proma.com.br\/blog\/wp-content\/uploads\/2021\/11\/25-09_Proma_Gardenia_0307-2048x1366.jpg 2048w, https:\/\/www.proma.com.br\/blog\/wp-content\/uploads\/2021\/11\/25-09_Proma_Gardenia_0307-450x300.jpg 450w\" sizes=\"(max-width: 1024px) 100vw, 1024px\" \/><figcaption class=\"blocks-gallery-item__caption\">25.09.2021 | Entrega Residencial Gard\u00eania \u2022 Jaragu\u00e1 do Sul \u2022 Construtora Proma | Fot\u00f3grafo: Diego Jarschel<\/figcaption><\/figure><\/li><li class=\"blocks-gallery-item\"><figure><img loading=\"lazy\" width=\"1024\" height=\"683\" src=\"http:\/\/www.proma.com.br\/blog\/wp-content\/uploads\/2021\/11\/25-09_Proma_Gardenia_0048-1024x683.jpg\" alt=\"\" data-id=\"7875\" data-full-url=\"http:\/\/www.proma.com.br\/blog\/wp-content\/uploads\/2021\/11\/25-09_Proma_Gardenia_0048.jpg\" data-link=\"http:\/\/www.proma.com.br\/blog\/?attachment_id=7875\" class=\"wp-image-7875\" srcset=\"https:\/\/www.proma.com.br\/blog\/wp-content\/uploads\/2021\/11\/25-09_Proma_Gardenia_0048-1024x683.jpg 1024w, https:\/\/www.proma.com.br\/blog\/wp-content\/uploads\/2021\/11\/25-09_Proma_Gardenia_0048-960x640.jpg 960w, https:\/\/www.proma.com.br\/blog\/wp-content\/uploads\/2021\/11\/25-09_Proma_Gardenia_0048-768x512.jpg 768w, https:\/\/www.proma.com.br\/blog\/wp-content\/uploads\/2021\/11\/25-09_Proma_Gardenia_0048-1536x1024.jpg 1536w, https:\/\/www.proma.com.br\/blog\/wp-content\/uploads\/2021\/11\/25-09_Proma_Gardenia_0048-2048x1366.jpg 2048w, https:\/\/www.proma.com.br\/blog\/wp-content\/uploads\/2021\/11\/25-09_Proma_Gardenia_0048-450x300.jpg 450w\" sizes=\"(max-width: 1024px) 100vw, 1024px\" \/><figcaption class=\"blocks-gallery-item__caption\">25.09.2021 | Entrega Residencial Gard\u00eania \u2022 Jaragu\u00e1 do Sul \u2022 Construtora Proma | Fot\u00f3grafo: Diego Jarschel<\/figcaption><\/figure><\/li><li class=\"blocks-gallery-item\"><figure><img loading=\"lazy\" width=\"1024\" height=\"683\" src=\"http:\/\/www.proma.com.br\/blog\/wp-content\/uploads\/2021\/11\/25-09_Proma_Gardenia_0188-1024x683.jpg\" alt=\"\" data-id=\"7876\" data-full-url=\"http:\/\/www.proma.com.br\/blog\/wp-content\/uploads\/2021\/11\/25-09_Proma_Gardenia_0188.jpg\" data-link=\"http:\/\/www.proma.com.br\/blog\/?attachment_id=7876\" class=\"wp-image-7876\" srcset=\"https:\/\/www.proma.com.br\/blog\/wp-content\/uploads\/2021\/11\/25-09_Proma_Gardenia_0188-1024x683.jpg 1024w, https:\/\/www.proma.com.br\/blog\/wp-content\/uploads\/2021\/11\/25-09_Proma_Gardenia_0188-960x640.jpg 960w, https:\/\/www.proma.com.br\/blog\/wp-content\/uploads\/2021\/11\/25-09_Proma_Gardenia_0188-768x512.jpg 768w, https:\/\/www.proma.com.br\/blog\/wp-content\/uploads\/2021\/11\/25-09_Proma_Gardenia_0188-1536x1024.jpg 1536w, https:\/\/www.proma.com.br\/blog\/wp-content\/uploads\/2021\/11\/25-09_Proma_Gardenia_0188-2048x1366.jpg 2048w, https:\/\/www.proma.com.br\/blog\/wp-content\/uploads\/2021\/11\/25-09_Proma_Gardenia_0188-450x300.jpg 450w\" sizes=\"(max-width: 1024px) 100vw, 1024px\" \/><figcaption class=\"blocks-gallery-item__caption\">25.09.2021 | Entrega Residencial Gard\u00eania \u2022 Jaragu\u00e1 do Sul \u2022 Construtora Proma | Fot\u00f3grafo: Diego Jarschel<\/figcaption><\/figure><\/li><li class=\"blocks-gallery-item\"><figure><img loading=\"lazy\" width=\"1024\" height=\"683\" src=\"http:\/\/www.proma.com.br\/blog\/wp-content\/uploads\/2021\/11\/25-09_Proma_Gardenia_0191-1024x683.jpg\" alt=\"\" data-id=\"7877\" data-full-url=\"http:\/\/www.proma.com.br\/blog\/wp-content\/uploads\/2021\/11\/25-09_Proma_Gardenia_0191.jpg\" data-link=\"http:\/\/www.proma.com.br\/blog\/?attachment_id=7877\" class=\"wp-image-7877\" srcset=\"https:\/\/www.proma.com.br\/blog\/wp-content\/uploads\/2021\/11\/25-09_Proma_Gardenia_0191-1024x683.jpg 1024w, https:\/\/www.proma.com.br\/blog\/wp-content\/uploads\/2021\/11\/25-09_Proma_Gardenia_0191-960x640.jpg 960w, https:\/\/www.proma.com.br\/blog\/wp-content\/uploads\/2021\/11\/25-09_Proma_Gardenia_0191-768x512.jpg 768w, https:\/\/www.proma.com.br\/blog\/wp-content\/uploads\/2021\/11\/25-09_Proma_Gardenia_0191-1536x1024.jpg 1536w, https:\/\/www.proma.com.br\/blog\/wp-content\/uploads\/2021\/11\/25-09_Proma_Gardenia_0191-2048x1366.jpg 2048w, https:\/\/www.proma.com.br\/blog\/wp-content\/uploads\/2021\/11\/25-09_Proma_Gardenia_0191-450x300.jpg 450w\" sizes=\"(max-width: 1024px) 100vw, 1024px\" \/><figcaption class=\"blocks-gallery-item__caption\">25.09.2021 | Entrega Residencial Gard\u00eania \u2022 Jaragu\u00e1 do Sul \u2022 Construtora Proma | Fot\u00f3grafo: Diego Jarschel<\/figcaption><\/figure><\/li><li class=\"blocks-gallery-item\"><figure><img loading=\"lazy\" width=\"1024\" height=\"683\" src=\"http:\/\/www.proma.com.br\/blog\/wp-content\/uploads\/2021\/11\/25-09_Proma_Gardenia_0196-1024x683.jpg\" alt=\"\" data-id=\"7878\" data-full-url=\"http:\/\/www.proma.com.br\/blog\/wp-content\/uploads\/2021\/11\/25-09_Proma_Gardenia_0196.jpg\" data-link=\"http:\/\/www.proma.com.br\/blog\/?attachment_id=7878\" class=\"wp-image-7878\" srcset=\"https:\/\/www.proma.com.br\/blog\/wp-content\/uploads\/2021\/11\/25-09_Proma_Gardenia_0196-1024x683.jpg 1024w, https:\/\/www.proma.com.br\/blog\/wp-content\/uploads\/2021\/11\/25-09_Proma_Gardenia_0196-960x640.jpg 960w, https:\/\/www.proma.com.br\/blog\/wp-content\/uploads\/2021\/11\/25-09_Proma_Gardenia_0196-768x512.jpg 768w, https:\/\/www.proma.com.br\/blog\/wp-content\/uploads\/2021\/11\/25-09_Proma_Gardenia_0196-1536x1024.jpg 1536w, https:\/\/www.proma.com.br\/blog\/wp-content\/uploads\/2021\/11\/25-09_Proma_Gardenia_0196-2048x1366.jpg 2048w, https:\/\/www.proma.com.br\/blog\/wp-content\/uploads\/2021\/11\/25-09_Proma_Gardenia_0196-450x300.jpg 450w\" sizes=\"(max-width: 1024px) 100vw, 1024px\" \/><figcaption class=\"blocks-gallery-item__caption\">25.09.2021 | Entrega Residencial Gard\u00eania \u2022 Jaragu\u00e1 do Sul \u2022 Construtora Proma | Fot\u00f3grafo: Diego Jarschel<\/figcaption><\/figure><\/li><li class=\"blocks-gallery-item\"><figure><img loading=\"lazy\" width=\"1024\" height=\"683\" src=\"http:\/\/www.proma.com.br\/blog\/wp-content\/uploads\/2021\/11\/25-09_Proma_Gardenia_0199-1024x683.jpg\" alt=\"\" data-id=\"7879\" data-full-url=\"http:\/\/www.proma.com.br\/blog\/wp-content\/uploads\/2021\/11\/25-09_Proma_Gardenia_0199.jpg\" data-link=\"http:\/\/www.proma.com.br\/blog\/?attachment_id=7879\" class=\"wp-image-7879\" srcset=\"https:\/\/www.proma.com.br\/blog\/wp-content\/uploads\/2021\/11\/25-09_Proma_Gardenia_0199-1024x683.jpg 1024w, https:\/\/www.proma.com.br\/blog\/wp-content\/uploads\/2021\/11\/25-09_Proma_Gardenia_0199-960x640.jpg 960w, https:\/\/www.proma.com.br\/blog\/wp-content\/uploads\/2021\/11\/25-09_Proma_Gardenia_0199-768x512.jpg 768w, https:\/\/www.proma.com.br\/blog\/wp-content\/uploads\/2021\/11\/25-09_Proma_Gardenia_0199-1536x1024.jpg 1536w, https:\/\/www.proma.com.br\/blog\/wp-content\/uploads\/2021\/11\/25-09_Proma_Gardenia_0199-2048x1366.jpg 2048w, https:\/\/www.proma.com.br\/blog\/wp-content\/uploads\/2021\/11\/25-09_Proma_Gardenia_0199-450x300.jpg 450w\" sizes=\"(max-width: 1024px) 100vw, 1024px\" \/><figcaption class=\"blocks-gallery-item__caption\">25.09.2021 | Entrega Residencial Gard\u00eania \u2022 Jaragu\u00e1 do Sul \u2022 Construtora Proma | Fot\u00f3grafo: Diego Jarschel<\/figcaption><\/figure><\/li><li class=\"blocks-gallery-item\"><figure><img loading=\"lazy\" width=\"1024\" height=\"683\" src=\"http:\/\/www.proma.com.br\/blog\/wp-content\/uploads\/2021\/11\/25-09_Proma_Gardenia_0201-1024x683.jpg\" alt=\"\" data-id=\"7880\" data-full-url=\"http:\/\/www.proma.com.br\/blog\/wp-content\/uploads\/2021\/11\/25-09_Proma_Gardenia_0201.jpg\" data-link=\"http:\/\/www.proma.com.br\/blog\/?attachment_id=7880\" class=\"wp-image-7880\" srcset=\"https:\/\/www.proma.com.br\/blog\/wp-content\/uploads\/2021\/11\/25-09_Proma_Gardenia_0201-1024x683.jpg 1024w, https:\/\/www.proma.com.br\/blog\/wp-content\/uploads\/2021\/11\/25-09_Proma_Gardenia_0201-960x640.jpg 960w, https:\/\/www.proma.com.br\/blog\/wp-content\/uploads\/2021\/11\/25-09_Proma_Gardenia_0201-768x512.jpg 768w, https:\/\/www.proma.com.br\/blog\/wp-content\/uploads\/2021\/11\/25-09_Proma_Gardenia_0201-1536x1024.jpg 1536w, https:\/\/www.proma.com.br\/blog\/wp-content\/uploads\/2021\/11\/25-09_Proma_Gardenia_0201-2048x1366.jpg 2048w, https:\/\/www.proma.com.br\/blog\/wp-content\/uploads\/2021\/11\/25-09_Proma_Gardenia_0201-450x300.jpg 450w\" sizes=\"(max-width: 1024px) 100vw, 1024px\" \/><figcaption class=\"blocks-gallery-item__caption\">25.09.2021 | Entrega Residencial Gard\u00eania \u2022 Jaragu\u00e1 do Sul \u2022 Construtora Proma | Fot\u00f3grafo: Diego Jarschel<\/figcaption><\/figure><\/li><li class=\"blocks-gallery-item\"><figure><img loading=\"lazy\" width=\"1024\" height=\"683\" src=\"http:\/\/www.proma.com.br\/blog\/wp-content\/uploads\/2021\/11\/25-09_Proma_Gardenia_0203-1024x683.jpg\" alt=\"\" data-id=\"7882\" data-full-url=\"http:\/\/www.proma.com.br\/blog\/wp-content\/uploads\/2021\/11\/25-09_Proma_Gardenia_0203.jpg\" data-link=\"http:\/\/www.proma.com.br\/blog\/?attachment_id=7882\" class=\"wp-image-7882\" srcset=\"https:\/\/www.proma.com.br\/blog\/wp-content\/uploads\/2021\/11\/25-09_Proma_Gardenia_0203-1024x683.jpg 1024w, https:\/\/www.proma.com.br\/blog\/wp-content\/uploads\/2021\/11\/25-09_Proma_Gardenia_0203-960x640.jpg 960w, https:\/\/www.proma.com.br\/blog\/wp-content\/uploads\/2021\/11\/25-09_Proma_Gardenia_0203-768x512.jpg 768w, https:\/\/www.proma.com.br\/blog\/wp-content\/uploads\/2021\/11\/25-09_Proma_Gardenia_0203-1536x1024.jpg 1536w, https:\/\/www.proma.com.br\/blog\/wp-content\/uploads\/2021\/11\/25-09_Proma_Gardenia_0203-2048x1366.jpg 2048w, https:\/\/www.proma.com.br\/blog\/wp-content\/uploads\/2021\/11\/25-09_Proma_Gardenia_0203-450x300.jpg 450w\" sizes=\"(max-width: 1024px) 100vw, 1024px\" \/><figcaption class=\"blocks-gallery-item__caption\">25.09.2021 | Entrega Residencial Gard\u00eania \u2022 Jaragu\u00e1 do Sul \u2022 Construtora Proma | Fot\u00f3grafo: Diego Jarschel<\/figcaption><\/figure><\/li><li class=\"blocks-gallery-item\"><figure><img loading=\"lazy\" width=\"1024\" height=\"683\" src=\"http:\/\/www.proma.com.br\/blog\/wp-content\/uploads\/2021\/11\/25-09_Proma_Gardenia_0207-1024x683.jpg\" alt=\"\" data-id=\"7883\" data-full-url=\"http:\/\/www.proma.com.br\/blog\/wp-content\/uploads\/2021\/11\/25-09_Proma_Gardenia_0207.jpg\" data-link=\"http:\/\/www.proma.com.br\/blog\/?attachment_id=7883\" class=\"wp-image-7883\" srcset=\"https:\/\/www.proma.com.br\/blog\/wp-content\/uploads\/2021\/11\/25-09_Proma_Gardenia_0207-1024x683.jpg 1024w, https:\/\/www.proma.com.br\/blog\/wp-content\/uploads\/2021\/11\/25-09_Proma_Gardenia_0207-960x640.jpg 960w, https:\/\/www.proma.com.br\/blog\/wp-content\/uploads\/2021\/11\/25-09_Proma_Gardenia_0207-768x512.jpg 768w, https:\/\/www.proma.com.br\/blog\/wp-content\/uploads\/2021\/11\/25-09_Proma_Gardenia_0207-1536x1024.jpg 1536w, https:\/\/www.proma.com.br\/blog\/wp-content\/uploads\/2021\/11\/25-09_Proma_Gardenia_0207-2048x1366.jpg 2048w, https:\/\/www.proma.com.br\/blog\/wp-content\/uploads\/2021\/11\/25-09_Proma_Gardenia_0207-450x300.jpg 450w\" sizes=\"(max-width: 1024px) 100vw, 1024px\" \/><figcaption class=\"blocks-gallery-item__caption\">25.09.2021 | Entrega Residencial Gard\u00eania \u2022 Jaragu\u00e1 do Sul \u2022 Construtora Proma | Fot\u00f3grafo: Diego Jarschel<\/figcaption><\/figure><\/li><li class=\"blocks-gallery-item\"><figure><img loading=\"lazy\" width=\"1024\" height=\"683\" src=\"http:\/\/www.proma.com.br\/blog\/wp-content\/uploads\/2021\/11\/25-09_Proma_Gardenia_0212-1024x683.jpg\" alt=\"\" data-id=\"7884\" data-full-url=\"http:\/\/www.proma.com.br\/blog\/wp-content\/uploads\/2021\/11\/25-09_Proma_Gardenia_0212.jpg\" data-link=\"http:\/\/www.proma.com.br\/blog\/?attachment_id=7884\" class=\"wp-image-7884\" srcset=\"https:\/\/www.proma.com.br\/blog\/wp-content\/uploads\/2021\/11\/25-09_Proma_Gardenia_0212-1024x683.jpg 1024w, https:\/\/www.proma.com.br\/blog\/wp-content\/uploads\/2021\/11\/25-09_Proma_Gardenia_0212-960x640.jpg 960w, https:\/\/www.proma.com.br\/blog\/wp-content\/uploads\/2021\/11\/25-09_Proma_Gardenia_0212-768x512.jpg 768w, https:\/\/www.proma.com.br\/blog\/wp-content\/uploads\/2021\/11\/25-09_Proma_Gardenia_0212-1536x1024.jpg 1536w, https:\/\/www.proma.com.br\/blog\/wp-content\/uploads\/2021\/11\/25-09_Proma_Gardenia_0212-2048x1366.jpg 2048w, https:\/\/www.proma.com.br\/blog\/wp-content\/uploads\/2021\/11\/25-09_Proma_Gardenia_0212-450x300.jpg 450w\" sizes=\"(max-width: 1024px) 100vw, 1024px\" \/><figcaption class=\"blocks-gallery-item__caption\">25.09.2021 | Entrega Residencial Gard\u00eania \u2022 Jaragu\u00e1 do Sul \u2022 Construtora Proma | Fot\u00f3grafo: Diego Jarschel<\/figcaption><\/figure><\/li><li class=\"blocks-gallery-item\"><figure><img loading=\"lazy\" width=\"1024\" height=\"683\" src=\"http:\/\/www.proma.com.br\/blog\/wp-content\/uploads\/2021\/11\/25-09_Proma_Gardenia_0214-1024x683.jpg\" alt=\"\" data-id=\"7885\" data-full-url=\"http:\/\/www.proma.com.br\/blog\/wp-content\/uploads\/2021\/11\/25-09_Proma_Gardenia_0214.jpg\" data-link=\"http:\/\/www.proma.com.br\/blog\/?attachment_id=7885\" class=\"wp-image-7885\" srcset=\"https:\/\/www.proma.com.br\/blog\/wp-content\/uploads\/2021\/11\/25-09_Proma_Gardenia_0214-1024x683.jpg 1024w, https:\/\/www.proma.com.br\/blog\/wp-content\/uploads\/2021\/11\/25-09_Proma_Gardenia_0214-960x640.jpg 960w, https:\/\/www.proma.com.br\/blog\/wp-content\/uploads\/2021\/11\/25-09_Proma_Gardenia_0214-768x512.jpg 768w, https:\/\/www.proma.com.br\/blog\/wp-content\/uploads\/2021\/11\/25-09_Proma_Gardenia_0214-1536x1024.jpg 1536w, https:\/\/www.proma.com.br\/blog\/wp-content\/uploads\/2021\/11\/25-09_Proma_Gardenia_0214-2048x1366.jpg 2048w, https:\/\/www.proma.com.br\/blog\/wp-content\/uploads\/2021\/11\/25-09_Proma_Gardenia_0214-450x300.jpg 450w\" sizes=\"(max-width: 1024px) 100vw, 1024px\" \/><figcaption class=\"blocks-gallery-item__caption\">25.09.2021 | Entrega Residencial Gard\u00eania \u2022 Jaragu\u00e1 do Sul \u2022 Construtora Proma | Fot\u00f3grafo: Diego Jarschel<\/figcaption><\/figure><\/li><li class=\"blocks-gallery-item\"><figure><img loading=\"lazy\" width=\"1024\" height=\"683\" src=\"http:\/\/www.proma.com.br\/blog\/wp-content\/uploads\/2021\/11\/25-09_Proma_Gardenia_0217-1024x683.jpg\" alt=\"\" data-id=\"7886\" data-full-url=\"http:\/\/www.proma.com.br\/blog\/wp-content\/uploads\/2021\/11\/25-09_Proma_Gardenia_0217.jpg\" data-link=\"http:\/\/www.proma.com.br\/blog\/?attachment_id=7886\" class=\"wp-image-7886\" srcset=\"https:\/\/www.proma.com.br\/blog\/wp-content\/uploads\/2021\/11\/25-09_Proma_Gardenia_0217-1024x683.jpg 1024w, https:\/\/www.proma.com.br\/blog\/wp-content\/uploads\/2021\/11\/25-09_Proma_Gardenia_0217-960x640.jpg 960w, https:\/\/www.proma.com.br\/blog\/wp-content\/uploads\/2021\/11\/25-09_Proma_Gardenia_0217-768x512.jpg 768w, https:\/\/www.proma.com.br\/blog\/wp-content\/uploads\/2021\/11\/25-09_Proma_Gardenia_0217-1536x1024.jpg 1536w, https:\/\/www.proma.com.br\/blog\/wp-content\/uploads\/2021\/11\/25-09_Proma_Gardenia_0217-2048x1366.jpg 2048w, https:\/\/www.proma.com.br\/blog\/wp-content\/uploads\/2021\/11\/25-09_Proma_Gardenia_0217-450x300.jpg 450w\" sizes=\"(max-width: 1024px) 100vw, 1024px\" \/><figcaption class=\"blocks-gallery-item__caption\">25.09.2021 | Entrega Residencial Gard\u00eania \u2022 Jaragu\u00e1 do Sul \u2022 Construtora Proma | Fot\u00f3grafo: Diego Jarschel<\/figcaption><\/figure><\/li><li class=\"blocks-gallery-item\"><figure><img loading=\"lazy\" width=\"1024\" height=\"683\" src=\"http:\/\/www.proma.com.br\/blog\/wp-content\/uploads\/2021\/11\/25-09_Proma_Gardenia_0219-1024x683.jpg\" alt=\"\" data-id=\"7887\" data-full-url=\"http:\/\/www.proma.com.br\/blog\/wp-content\/uploads\/2021\/11\/25-09_Proma_Gardenia_0219.jpg\" data-link=\"http:\/\/www.proma.com.br\/blog\/?attachment_id=7887\" class=\"wp-image-7887\" srcset=\"https:\/\/www.proma.com.br\/blog\/wp-content\/uploads\/2021\/11\/25-09_Proma_Gardenia_0219-1024x683.jpg 1024w, https:\/\/www.proma.com.br\/blog\/wp-content\/uploads\/2021\/11\/25-09_Proma_Gardenia_0219-960x640.jpg 960w, https:\/\/www.proma.com.br\/blog\/wp-content\/uploads\/2021\/11\/25-09_Proma_Gardenia_0219-768x512.jpg 768w, https:\/\/www.proma.com.br\/blog\/wp-content\/uploads\/2021\/11\/25-09_Proma_Gardenia_0219-1536x1024.jpg 1536w, https:\/\/www.proma.com.br\/blog\/wp-content\/uploads\/2021\/11\/25-09_Proma_Gardenia_0219-2048x1366.jpg 2048w, https:\/\/www.proma.com.br\/blog\/wp-content\/uploads\/2021\/11\/25-09_Proma_Gardenia_0219-450x300.jpg 450w\" sizes=\"(max-width: 1024px) 100vw, 1024px\" \/><figcaption class=\"blocks-gallery-item__caption\">25.09.2021 | Entrega Residencial Gard\u00eania \u2022 Jaragu\u00e1 do Sul \u2022 Construtora Proma | Fot\u00f3grafo: Diego Jarschel<\/figcaption><\/figure><\/li><li class=\"blocks-gallery-item\"><figure><img loading=\"lazy\" width=\"1024\" height=\"683\" src=\"http:\/\/www.proma.com.br\/blog\/wp-content\/uploads\/2021\/11\/25-09_Proma_Gardenia_0223-1024x683.jpg\" alt=\"\" data-id=\"7888\" data-full-url=\"http:\/\/www.proma.com.br\/blog\/wp-content\/uploads\/2021\/11\/25-09_Proma_Gardenia_0223.jpg\" data-link=\"http:\/\/www.proma.com.br\/blog\/?attachment_id=7888\" class=\"wp-image-7888\" srcset=\"https:\/\/www.proma.com.br\/blog\/wp-content\/uploads\/2021\/11\/25-09_Proma_Gardenia_0223-1024x683.jpg 1024w, https:\/\/www.proma.com.br\/blog\/wp-content\/uploads\/2021\/11\/25-09_Proma_Gardenia_0223-960x640.jpg 960w, https:\/\/www.proma.com.br\/blog\/wp-content\/uploads\/2021\/11\/25-09_Proma_Gardenia_0223-768x512.jpg 768w, https:\/\/www.proma.com.br\/blog\/wp-content\/uploads\/2021\/11\/25-09_Proma_Gardenia_0223-1536x1024.jpg 1536w, https:\/\/www.proma.com.br\/blog\/wp-content\/uploads\/2021\/11\/25-09_Proma_Gardenia_0223-2048x1366.jpg 2048w, https:\/\/www.proma.com.br\/blog\/wp-content\/uploads\/2021\/11\/25-09_Proma_Gardenia_0223-450x300.jpg 450w\" sizes=\"(max-width: 1024px) 100vw, 1024px\" \/><figcaption class=\"blocks-gallery-item__caption\">25.09.2021 | Entrega Residencial Gard\u00eania \u2022 Jaragu\u00e1 do Sul \u2022 Construtora Proma | Fot\u00f3grafo: Diego Jarschel<\/figcaption><\/figure><\/li><li class=\"blocks-gallery-item\"><figure><img loading=\"lazy\" width=\"1024\" height=\"683\" src=\"http:\/\/www.proma.com.br\/blog\/wp-content\/uploads\/2021\/11\/25-09_Proma_Gardenia_0235-1024x683.jpg\" alt=\"\" data-id=\"7889\" data-full-url=\"http:\/\/www.proma.com.br\/blog\/wp-content\/uploads\/2021\/11\/25-09_Proma_Gardenia_0235.jpg\" data-link=\"http:\/\/www.proma.com.br\/blog\/?attachment_id=7889\" class=\"wp-image-7889\" srcset=\"https:\/\/www.proma.com.br\/blog\/wp-content\/uploads\/2021\/11\/25-09_Proma_Gardenia_0235-1024x683.jpg 1024w, https:\/\/www.proma.com.br\/blog\/wp-content\/uploads\/2021\/11\/25-09_Proma_Gardenia_0235-960x640.jpg 960w, https:\/\/www.proma.com.br\/blog\/wp-content\/uploads\/2021\/11\/25-09_Proma_Gardenia_0235-768x512.jpg 768w, https:\/\/www.proma.com.br\/blog\/wp-content\/uploads\/2021\/11\/25-09_Proma_Gardenia_0235-1536x1024.jpg 1536w, https:\/\/www.proma.com.br\/blog\/wp-content\/uploads\/2021\/11\/25-09_Proma_Gardenia_0235-2048x1366.jpg 2048w, https:\/\/www.proma.com.br\/blog\/wp-content\/uploads\/2021\/11\/25-09_Proma_Gardenia_0235-450x300.jpg 450w\" sizes=\"(max-width: 1024px) 100vw, 1024px\" \/><figcaption class=\"blocks-gallery-item__caption\">25.09.2021 | Entrega Residencial Gard\u00eania \u2022 Jaragu\u00e1 do Sul \u2022 Construtora Proma | Fot\u00f3grafo: Diego Jarschel<\/figcaption><\/figure><\/li><li class=\"blocks-gallery-item\"><figure><img loading=\"lazy\" width=\"1024\" height=\"683\" src=\"http:\/\/www.proma.com.br\/blog\/wp-content\/uploads\/2021\/11\/25-09_Proma_Gardenia_0241-1024x683.jpg\" alt=\"\" data-id=\"7890\" data-full-url=\"http:\/\/www.proma.com.br\/blog\/wp-content\/uploads\/2021\/11\/25-09_Proma_Gardenia_0241.jpg\" data-link=\"http:\/\/www.proma.com.br\/blog\/?attachment_id=7890\" class=\"wp-image-7890\" srcset=\"https:\/\/www.proma.com.br\/blog\/wp-content\/uploads\/2021\/11\/25-09_Proma_Gardenia_0241-1024x683.jpg 1024w, https:\/\/www.proma.com.br\/blog\/wp-content\/uploads\/2021\/11\/25-09_Proma_Gardenia_0241-960x640.jpg 960w, https:\/\/www.proma.com.br\/blog\/wp-content\/uploads\/2021\/11\/25-09_Proma_Gardenia_0241-768x512.jpg 768w, https:\/\/www.proma.com.br\/blog\/wp-content\/uploads\/2021\/11\/25-09_Proma_Gardenia_0241-1536x1024.jpg 1536w, https:\/\/www.proma.com.br\/blog\/wp-content\/uploads\/2021\/11\/25-09_Proma_Gardenia_0241-2048x1366.jpg 2048w, https:\/\/www.proma.com.br\/blog\/wp-content\/uploads\/2021\/11\/25-09_Proma_Gardenia_0241-450x300.jpg 450w\" sizes=\"(max-width: 1024px) 100vw, 1024px\" \/><figcaption class=\"blocks-gallery-item__caption\">25.09.2021 | Entrega Residencial Gard\u00eania \u2022 Jaragu\u00e1 do Sul \u2022 Construtora Proma | Fot\u00f3grafo: Diego Jarschel<\/figcaption><\/figure><\/li><li class=\"blocks-gallery-item\"><figure><img loading=\"lazy\" width=\"1024\" height=\"683\" src=\"http:\/\/www.proma.com.br\/blog\/wp-content\/uploads\/2021\/11\/25-09_Proma_Gardenia_0248-1024x683.jpg\" alt=\"\" data-id=\"7891\" data-full-url=\"http:\/\/www.proma.com.br\/blog\/wp-content\/uploads\/2021\/11\/25-09_Proma_Gardenia_0248.jpg\" data-link=\"http:\/\/www.proma.com.br\/blog\/?attachment_id=7891\" class=\"wp-image-7891\" srcset=\"https:\/\/www.proma.com.br\/blog\/wp-content\/uploads\/2021\/11\/25-09_Proma_Gardenia_0248-1024x683.jpg 1024w, https:\/\/www.proma.com.br\/blog\/wp-content\/uploads\/2021\/11\/25-09_Proma_Gardenia_0248-960x640.jpg 960w, https:\/\/www.proma.com.br\/blog\/wp-content\/uploads\/2021\/11\/25-09_Proma_Gardenia_0248-768x512.jpg 768w, https:\/\/www.proma.com.br\/blog\/wp-content\/uploads\/2021\/11\/25-09_Proma_Gardenia_0248-1536x1024.jpg 1536w, https:\/\/www.proma.com.br\/blog\/wp-content\/uploads\/2021\/11\/25-09_Proma_Gardenia_0248-2048x1366.jpg 2048w, https:\/\/www.proma.com.br\/blog\/wp-content\/uploads\/2021\/11\/25-09_Proma_Gardenia_0248-450x300.jpg 450w\" sizes=\"(max-width: 1024px) 100vw, 1024px\" \/><figcaption class=\"blocks-gallery-item__caption\">25.09.2021 | Entrega Residencial Gard\u00eania \u2022 Jaragu\u00e1 do Sul \u2022 Construtora Proma | Fot\u00f3grafo: Diego Jarschel<\/figcaption><\/figure><\/li><li class=\"blocks-gallery-item\"><figure><img loading=\"lazy\" width=\"1024\" height=\"683\" src=\"http:\/\/www.proma.com.br\/blog\/wp-content\/uploads\/2021\/11\/25-09_Proma_Gardenia_0284-1024x683.jpg\" alt=\"\" data-id=\"7892\" data-full-url=\"http:\/\/www.proma.com.br\/blog\/wp-content\/uploads\/2021\/11\/25-09_Proma_Gardenia_0284.jpg\" data-link=\"http:\/\/www.proma.com.br\/blog\/?attachment_id=7892\" class=\"wp-image-7892\" srcset=\"https:\/\/www.proma.com.br\/blog\/wp-content\/uploads\/2021\/11\/25-09_Proma_Gardenia_0284-1024x683.jpg 1024w, https:\/\/www.proma.com.br\/blog\/wp-content\/uploads\/2021\/11\/25-09_Proma_Gardenia_0284-960x640.jpg 960w, https:\/\/www.proma.com.br\/blog\/wp-content\/uploads\/2021\/11\/25-09_Proma_Gardenia_0284-768x512.jpg 768w, https:\/\/www.proma.com.br\/blog\/wp-content\/uploads\/2021\/11\/25-09_Proma_Gardenia_0284-1536x1024.jpg 1536w, https:\/\/www.proma.com.br\/blog\/wp-content\/uploads\/2021\/11\/25-09_Proma_Gardenia_0284-2048x1366.jpg 2048w, https:\/\/www.proma.com.br\/blog\/wp-content\/uploads\/2021\/11\/25-09_Proma_Gardenia_0284-450x300.jpg 450w\" sizes=\"(max-width: 1024px) 100vw, 1024px\" \/><figcaption class=\"blocks-gallery-item__caption\">25.09.2021 | Entrega Residencial Gard\u00eania \u2022 Jaragu\u00e1 do Sul \u2022 Construtora Proma | Fot\u00f3grafo: Diego Jarschel<\/figcaption><\/figure><\/li><li class=\"blocks-gallery-item\"><figure><img loading=\"lazy\" width=\"1024\" height=\"683\" src=\"http:\/\/www.proma.com.br\/blog\/wp-content\/uploads\/2021\/11\/25-09_Proma_Gardenia_0287-1024x683.jpg\" alt=\"\" data-id=\"7893\" data-full-url=\"http:\/\/www.proma.com.br\/blog\/wp-content\/uploads\/2021\/11\/25-09_Proma_Gardenia_0287.jpg\" data-link=\"http:\/\/www.proma.com.br\/blog\/?attachment_id=7893\" class=\"wp-image-7893\" srcset=\"https:\/\/www.proma.com.br\/blog\/wp-content\/uploads\/2021\/11\/25-09_Proma_Gardenia_0287-1024x683.jpg 1024w, https:\/\/www.proma.com.br\/blog\/wp-content\/uploads\/2021\/11\/25-09_Proma_Gardenia_0287-960x640.jpg 960w, https:\/\/www.proma.com.br\/blog\/wp-content\/uploads\/2021\/11\/25-09_Proma_Gardenia_0287-768x512.jpg 768w, https:\/\/www.proma.com.br\/blog\/wp-content\/uploads\/2021\/11\/25-09_Proma_Gardenia_0287-1536x1024.jpg 1536w, https:\/\/www.proma.com.br\/blog\/wp-content\/uploads\/2021\/11\/25-09_Proma_Gardenia_0287-2048x1366.jpg 2048w, https:\/\/www.proma.com.br\/blog\/wp-content\/uploads\/2021\/11\/25-09_Proma_Gardenia_0287-450x300.jpg 450w\" sizes=\"(max-width: 1024px) 100vw, 1024px\" \/><figcaption class=\"blocks-gallery-item__caption\">25.09.2021 | Entrega Residencial Gard\u00eania \u2022 Jaragu\u00e1 do Sul \u2022 Construtora Proma | Fot\u00f3grafo: Diego Jarschel<\/figcaption><\/figure><\/li><li class=\"blocks-gallery-item\"><figure><img loading=\"lazy\" width=\"1024\" height=\"683\" src=\"http:\/\/www.proma.com.br\/blog\/wp-content\/uploads\/2021\/11\/25-09_Proma_Gardenia_0291-1024x683.jpg\" alt=\"\" data-id=\"7894\" data-full-url=\"http:\/\/www.proma.com.br\/blog\/wp-content\/uploads\/2021\/11\/25-09_Proma_Gardenia_0291.jpg\" data-link=\"http:\/\/www.proma.com.br\/blog\/?attachment_id=7894\" class=\"wp-image-7894\" srcset=\"https:\/\/www.proma.com.br\/blog\/wp-content\/uploads\/2021\/11\/25-09_Proma_Gardenia_0291-1024x683.jpg 1024w, https:\/\/www.proma.com.br\/blog\/wp-content\/uploads\/2021\/11\/25-09_Proma_Gardenia_0291-960x640.jpg 960w, https:\/\/www.proma.com.br\/blog\/wp-content\/uploads\/2021\/11\/25-09_Proma_Gardenia_0291-768x512.jpg 768w, https:\/\/www.proma.com.br\/blog\/wp-content\/uploads\/2021\/11\/25-09_Proma_Gardenia_0291-1536x1024.jpg 1536w, https:\/\/www.proma.com.br\/blog\/wp-content\/uploads\/2021\/11\/25-09_Proma_Gardenia_0291-2048x1366.jpg 2048w, https:\/\/www.proma.com.br\/blog\/wp-content\/uploads\/2021\/11\/25-09_Proma_Gardenia_0291-450x300.jpg 450w\" sizes=\"(max-width: 1024px) 100vw, 1024px\" \/><figcaption class=\"blocks-gallery-item__caption\">25.09.2021 | Entrega Residencial Gard\u00eania \u2022 Jaragu\u00e1 do Sul \u2022 Construtora Proma | Fot\u00f3grafo: Diego Jarschel<\/figcaption><\/figure><\/li><li class=\"blocks-gallery-item\"><figure><img loading=\"lazy\" width=\"1024\" height=\"683\" src=\"http:\/\/www.proma.com.br\/blog\/wp-content\/uploads\/2021\/11\/25-09_Proma_Gardenia_0293-1024x683.jpg\" alt=\"\" data-id=\"7895\" data-full-url=\"http:\/\/www.proma.com.br\/blog\/wp-content\/uploads\/2021\/11\/25-09_Proma_Gardenia_0293.jpg\" data-link=\"http:\/\/www.proma.com.br\/blog\/?attachment_id=7895\" class=\"wp-image-7895\" srcset=\"https:\/\/www.proma.com.br\/blog\/wp-content\/uploads\/2021\/11\/25-09_Proma_Gardenia_0293-1024x683.jpg 1024w, https:\/\/www.proma.com.br\/blog\/wp-content\/uploads\/2021\/11\/25-09_Proma_Gardenia_0293-960x640.jpg 960w, https:\/\/www.proma.com.br\/blog\/wp-content\/uploads\/2021\/11\/25-09_Proma_Gardenia_0293-768x512.jpg 768w, https:\/\/www.proma.com.br\/blog\/wp-content\/uploads\/2021\/11\/25-09_Proma_Gardenia_0293-1536x1024.jpg 1536w, https:\/\/www.proma.com.br\/blog\/wp-content\/uploads\/2021\/11\/25-09_Proma_Gardenia_0293-2048x1366.jpg 2048w, https:\/\/www.proma.com.br\/blog\/wp-content\/uploads\/2021\/11\/25-09_Proma_Gardenia_0293-450x300.jpg 450w\" sizes=\"(max-width: 1024px) 100vw, 1024px\" \/><figcaption class=\"blocks-gallery-item__caption\">25.09.2021 | Entrega Residencial Gard\u00eania \u2022 Jaragu\u00e1 do Sul \u2022 Construtora Proma | Fot\u00f3grafo: Diego Jarschel<\/figcaption><\/figure><\/li><li class=\"blocks-gallery-item\"><figure><img loading=\"lazy\" width=\"1024\" height=\"683\" src=\"http:\/\/www.proma.com.br\/blog\/wp-content\/uploads\/2021\/11\/25-09_Proma_Gardenia_0294-1024x683.jpg\" alt=\"\" data-id=\"7896\" data-full-url=\"http:\/\/www.proma.com.br\/blog\/wp-content\/uploads\/2021\/11\/25-09_Proma_Gardenia_0294.jpg\" data-link=\"http:\/\/www.proma.com.br\/blog\/?attachment_id=7896\" class=\"wp-image-7896\" srcset=\"https:\/\/www.proma.com.br\/blog\/wp-content\/uploads\/2021\/11\/25-09_Proma_Gardenia_0294-1024x683.jpg 1024w, https:\/\/www.proma.com.br\/blog\/wp-content\/uploads\/2021\/11\/25-09_Proma_Gardenia_0294-960x640.jpg 960w, https:\/\/www.proma.com.br\/blog\/wp-content\/uploads\/2021\/11\/25-09_Proma_Gardenia_0294-768x512.jpg 768w, https:\/\/www.proma.com.br\/blog\/wp-content\/uploads\/2021\/11\/25-09_Proma_Gardenia_0294-1536x1024.jpg 1536w, https:\/\/www.proma.com.br\/blog\/wp-content\/uploads\/2021\/11\/25-09_Proma_Gardenia_0294-2048x1366.jpg 2048w, https:\/\/www.proma.com.br\/blog\/wp-content\/uploads\/2021\/11\/25-09_Proma_Gardenia_0294-450x300.jpg 450w\" sizes=\"(max-width: 1024px) 100vw, 1024px\" \/><figcaption class=\"blocks-gallery-item__caption\">25.09.2021 | Entrega Residencial Gard\u00eania \u2022 Jaragu\u00e1 do Sul \u2022 Construtora Proma | Fot\u00f3grafo: Diego Jarschel<\/figcaption><\/figure><\/li><li class=\"blocks-gallery-item\"><figure><img loading=\"lazy\" width=\"1024\" height=\"683\" src=\"http:\/\/www.proma.com.br\/blog\/wp-content\/uploads\/2021\/11\/25-09_Proma_Gardenia_0319-1024x683.jpg\" alt=\"\" data-id=\"7897\" data-full-url=\"http:\/\/www.proma.com.br\/blog\/wp-content\/uploads\/2021\/11\/25-09_Proma_Gardenia_0319.jpg\" data-link=\"http:\/\/www.proma.com.br\/blog\/?attachment_id=7897\" class=\"wp-image-7897\" srcset=\"https:\/\/www.proma.com.br\/blog\/wp-content\/uploads\/2021\/11\/25-09_Proma_Gardenia_0319-1024x683.jpg 1024w, https:\/\/www.proma.com.br\/blog\/wp-content\/uploads\/2021\/11\/25-09_Proma_Gardenia_0319-960x640.jpg 960w, https:\/\/www.proma.com.br\/blog\/wp-content\/uploads\/2021\/11\/25-09_Proma_Gardenia_0319-768x512.jpg 768w, https:\/\/www.proma.com.br\/blog\/wp-content\/uploads\/2021\/11\/25-09_Proma_Gardenia_0319-1536x1024.jpg 1536w, https:\/\/www.proma.com.br\/blog\/wp-content\/uploads\/2021\/11\/25-09_Proma_Gardenia_0319-2048x1366.jpg 2048w, https:\/\/www.proma.com.br\/blog\/wp-content\/uploads\/2021\/11\/25-09_Proma_Gardenia_0319-450x300.jpg 450w\" sizes=\"(max-width: 1024px) 100vw, 1024px\" \/><figcaption class=\"blocks-gallery-item__caption\">25.09.2021 | Entrega Residencial Gard\u00eania \u2022 Jaragu\u00e1 do Sul \u2022 Construtora Proma | Fot\u00f3grafo: Diego Jarschel<\/figcaption><\/figure><\/li><\/ul><\/figure>\n","protected":false},"excerpt":{"rendered":"<p>Todo sonho precisa de persist\u00eancia, planejamento e disposi\u00e7\u00e3o. Sem acreditar \u00e9 imposs\u00edvel realizar. H\u00e1 de se ter f\u00e9, amor e clareza \u2013 sobre o que se espera e sobre o que se faz. E para quem se faz. H\u00e1 30&hellip;<\/p>\n","protected":false},"author":3,"featured_media":7898,"comment_status":"open","ping_status":"closed","sticky":false,"template":"","format":"standard","meta":[],"categories":[1,1145],"tags":[3182,574,695,902],"_links":{"self":[{"href":"https:\/\/www.proma.com.br\/blog\/wp-json\/wp\/v2\/posts\/7850"}],"collection":[{"href":"https:\/\/www.proma.com.br\/blog\/wp-json\/wp\/v2\/posts"}],"about":[{"href":"https:\/\/www.proma.com.br\/blog\/wp-json\/wp\/v2\/types\/post"}],"author":[{"embeddable":true,"href":"https:\/\/www.proma.com.br\/blog\/wp-json\/wp\/v2\/users\/3"}],"replies":[{"embeddable":true,"href":"https:\/\/www.proma.com.br\/blog\/wp-json\/wp\/v2\/comments?post=7850"}],"version-history":[{"count":2,"href":"https:\/\/www.proma.com.br\/blog\/wp-json\/wp\/v2\/posts\/7850\/revisions"}],"predecessor-version":[{"id":7899,"href":"https:\/\/www.proma.com.br\/blog\/wp-json\/wp\/v2\/posts\/7850\/revisions\/7899"}],"wp:featuredmedia":[{"embeddable":true,"href":"https:\/\/www.proma.com.br\/blog\/wp-json\/wp\/v2\/media\/7898"}],"wp:attachment":[{"href":"https:\/\/www.proma.com.br\/blog\/wp-json\/wp\/v2\/media?parent=7850"}],"wp:term":[{"taxonomy":"category","embeddable":true,"href":"https:\/\/www.proma.com.br\/blog\/wp-json\/wp\/v2\/categories?post=7850"},{"taxonomy":"post_tag","embeddable":true,"href":"https:\/\/www.proma.com.br\/blog\/wp-json\/wp\/v2\/tags?post=7850"}],"curies":[{"name":"wp","href":"https:\/\/api.w.org\/{rel}","templated":true}]}}